{"id":9808,"date":"2019-11-26T13:22:57","date_gmt":"2019-11-26T12:22:57","guid":{"rendered":"https:\/\/www.agilit.law\/?p=9808"},"modified":"2021-05-03T11:57:10","modified_gmt":"2021-05-03T09:57:10","slug":"conference-de-jerome-tassi-consequences-procedurales-lois-recentes-propriete-intellectuelle","status":"publish","type":"post","link":"https:\/\/www.agilit.law\/en\/propriete-intellectuelle\/conference-de-jerome-tassi-consequences-procedurales-lois-recentes-propriete-intellectuelle\/","title":{"rendered":"Conf\u00e9rence de J\u00e9r\u00f4me TASSI sur les cons\u00e9quences proc\u00e9durales des lois r\u00e9centes en propri\u00e9t\u00e9 intellectuelle"},"content":{"rendered":"<p>J\u00e9r\u00f4me TASSI est intervenu lors de la r\u00e9union du 26 novembre 2019 \u00e0 la Maison du Barreau organis\u00e9e conjointement par l&#8217;IRPI et la COMPI du Barreau de Paris.<br \/>\nLa conf\u00e9rence portait sur les\u00a0cons\u00e9quences des lois nouvelles (secret des affaires, Pacte et r\u00e9forme de la justice) sur les proc\u00e9dures sp\u00e9ciales aux propri\u00e9t\u00e9s intellectuelles (voir les sites de l&#8217;<a href=\"http:\/\/www.irpi.fr\/pages\/?ref_arbo=35&amp;ref_page=1633\" target=\"_blank\" rel=\"noopener\">IRPI<\/a> et du <a href=\"http:\/\/www.avocatparis.org\/ma-formation\/agenda-des-evenements\/les-consequences-des-lois-nouvelles-secret-des-affaires-pacte-et\" target=\"_blank\" rel=\"noopener\">Barreau de Paris<\/a>).<br \/>\n&nbsp;<\/p>\n<p>J\u00e9r\u00f4me est intervenu plus particuli\u00e8rement sur les apports de la loi PACTE du 22 mai 2019 ainsi que sur l&#8217;Ordonnance Marques du 13 novembre 2019. Il a ainsi abord\u00e9 les nouvelles proc\u00e9dures administratives en d\u00e9ch\u00e9ance et en nullit\u00e9 devant l&#8217;INPI ainsi que les possibilit\u00e9s proc\u00e9durales nouvelles offertes aux parties. Il a \u00e9galement d\u00e9taill\u00e9 les principales modifications en mati\u00e8re d&#8217;opposition \u00e0 une demande de marque ainsi que le r\u00e9gime des recours contre les d\u00e9cisions du Directeur de l&#8217;INPI.<\/p>\n<p>&nbsp;<\/p>\n<p>Sa pr\u00e9sentation peut \u00eatre t\u00e9l\u00e9charg\u00e9e <a href=\"http:\/\/www.orisavocats.com\/wp-content\/uploads\/2019\/11\/Pr\u00e9sentation-v1.pptx\">ici<\/a>.<\/p>\n<p>&nbsp;<\/p>\n<p>Charles de HAAS a abord\u00e9 les probl\u00e9matiques proc\u00e9durales de la loi secret des affaires et ses relations avec la saisie-contrefa\u00e7on. J\u00e9r\u00f4me PASSA a envisage les questions nouvelles de prescription des actions en nullit\u00e9 et des actes de contrefa\u00e7on.<\/p>\n<p>&nbsp;<\/p>\n<p>La conf\u00e9rence peut \u00eatre \u00e9cout\u00e9e en int\u00e9gralit\u00e9 sur <a href=\"https:\/\/lexradio.fr\/broadcast\/52568-Commission-Propri%C3%A9t%C3%A9-intellectuelle-Les-cons%C3%A9quences-des-lois-nouvelles-sur-les-proc%C3%A9dures-sp%C3%A9ciales-aux-Propri%C3%A9t%C3%A9s-Intellectuelles-le-26-novembre-2019-%C3%A0-la-Maison-du-Barreau\" target=\"_blank\" rel=\"noopener\">Lexradio<\/a>.<\/p>\n<p>&nbsp;<\/p>\n","protected":false},"excerpt":{"rendered":"<p>J\u00e9r\u00f4me TASSI est intervenu lors de la r\u00e9union du 26 novembre 2019 \u00e0 la Maison du Barreau organis\u00e9e conjointement par l&#8217;IRPI et la COMPI du Barreau de Paris. La conf\u00e9rence portait sur les\u00a0cons\u00e9quences des lois nouvelles (secret des affaires, Pacte et r\u00e9forme de la justice) sur les proc\u00e9dures sp\u00e9ciales aux propri\u00e9t\u00e9s intellectuelles (voir les sites&hellip;<\/p>\n","protected":false},"author":18,"featured_media":4790,"comment_status":"closed","ping_status":"closed","sticky":false,"template":"","format":"standard","meta":{"footnotes":""},"categories":[140],"tags":[],"coauthors":[116],"yoast_head":"<!-- This site is optimized with the Yoast SEO plugin v21.3 - https:\/\/yoast.com\/wordpress\/plugins\/seo\/ -->\n<title>Conf\u00e9rence de J\u00e9r\u00f4me TASSI sur les cons\u00e9quences proc\u00e9durales des lois r\u00e9centes en propri\u00e9t\u00e9 intellectuelle - AGIL&#039;IT<\/title>\n<meta name=\"robots\" content=\"index, follow, max-snippet:-1, max-image-preview:large, max-video-preview:-1\" \/>\n<link rel=\"canonical\" href=\"https:\/\/www.agilit.law\/propriete-intellectuelle\/conference-de-jerome-tassi-consequences-procedurales-lois-recentes-propriete-intellectuelle\/\" \/>\n<meta property=\"og:locale\" content=\"en_US\" \/>\n<meta property=\"og:type\" content=\"article\" \/>\n<meta property=\"og:title\" content=\"Conf\u00e9rence de J\u00e9r\u00f4me TASSI sur les cons\u00e9quences proc\u00e9durales des lois r\u00e9centes en propri\u00e9t\u00e9 intellectuelle - AGIL&#039;IT\" \/>\n<meta property=\"og:description\" content=\"J\u00e9r\u00f4me TASSI est intervenu lors de la r\u00e9union du 26 novembre 2019 \u00e0 la Maison du Barreau organis\u00e9e conjointement par l&#8217;IRPI et la COMPI du Barreau de Paris. La conf\u00e9rence portait sur les\u00a0cons\u00e9quences des lois nouvelles (secret des affaires, Pacte et r\u00e9forme de la justice) sur les proc\u00e9dures sp\u00e9ciales aux propri\u00e9t\u00e9s intellectuelles (voir les sites&hellip;\" \/>\n<meta property=\"og:url\" content=\"https:\/\/www.agilit.law\/propriete-intellectuelle\/conference-de-jerome-tassi-consequences-procedurales-lois-recentes-propriete-intellectuelle\/\" \/>\n<meta property=\"og:site_name\" content=\"AGIL&#039;IT\" \/>\n<meta property=\"article:published_time\" content=\"2019-11-26T12:22:57+00:00\" \/>\n<meta property=\"article:modified_time\" content=\"2021-05-03T09:57:10+00:00\" \/>\n<meta property=\"og:image\" content=\"https:\/\/www.agilit.law\/wp-content\/uploads\/2018\/11\/shutterstock_569127763.jpg\" \/>\n\t<meta property=\"og:image:width\" content=\"1000\" \/>\n\t<meta property=\"og:image:height\" content=\"667\" \/>\n\t<meta property=\"og:image:type\" content=\"image\/jpeg\" \/>\n<meta name=\"author\" content=\"J\u00e9r\u00f4me Tassi\" \/>\n<meta name=\"twitter:card\" content=\"summary_large_image\" \/>\n<meta name=\"twitter:label1\" content=\"Written by\" \/>\n\t<meta name=\"twitter:data1\" content=\"J\u00e9r\u00f4me Tassi\" \/>\n\t<meta name=\"twitter:label2\" content=\"Est. reading time\" \/>\n\t<meta name=\"twitter:data2\" content=\"1 minute\" \/>\n<script type=\"application\/ld+json\" class=\"yoast-schema-graph\">{\"@context\":\"https:\/\/schema.org\",\"@graph\":[{\"@type\":\"WebPage\",\"@id\":\"https:\/\/www.agilit.law\/propriete-intellectuelle\/conference-de-jerome-tassi-consequences-procedurales-lois-recentes-propriete-intellectuelle\/\",\"url\":\"https:\/\/www.agilit.law\/propriete-intellectuelle\/conference-de-jerome-tassi-consequences-procedurales-lois-recentes-propriete-intellectuelle\/\",\"name\":\"Conf\u00e9rence de J\u00e9r\u00f4me TASSI sur les cons\u00e9quences proc\u00e9durales des lois r\u00e9centes en propri\u00e9t\u00e9 intellectuelle - AGIL&#039;IT\",\"isPartOf\":{\"@id\":\"https:\/\/www.agilit.law\/#website\"},\"datePublished\":\"2019-11-26T12:22:57+00:00\",\"dateModified\":\"2021-05-03T09:57:10+00:00\",\"author\":{\"@id\":\"https:\/\/www.agilit.law\/#\/schema\/person\/c654a8c9ed1a8ed86933dd54ae875808\"},\"breadcrumb\":{\"@id\":\"https:\/\/www.agilit.law\/propriete-intellectuelle\/conference-de-jerome-tassi-consequences-procedurales-lois-recentes-propriete-intellectuelle\/#breadcrumb\"},\"inLanguage\":\"en-US\",\"potentialAction\":[{\"@type\":\"ReadAction\",\"target\":[\"https:\/\/www.agilit.law\/propriete-intellectuelle\/conference-de-jerome-tassi-consequences-procedurales-lois-recentes-propriete-intellectuelle\/\"]}]},{\"@type\":\"BreadcrumbList\",\"@id\":\"https:\/\/www.agilit.law\/propriete-intellectuelle\/conference-de-jerome-tassi-consequences-procedurales-lois-recentes-propriete-intellectuelle\/#breadcrumb\",\"itemListElement\":[{\"@type\":\"ListItem\",\"position\":1,\"name\":\"Accueil\",\"item\":\"https:\/\/www.agilit.law\/en\/\"},{\"@type\":\"ListItem\",\"position\":2,\"name\":\"Conf\u00e9rence de J\u00e9r\u00f4me TASSI sur les cons\u00e9quences proc\u00e9durales des lois r\u00e9centes en propri\u00e9t\u00e9 intellectuelle\"}]},{\"@type\":\"WebSite\",\"@id\":\"https:\/\/www.agilit.law\/#website\",\"url\":\"https:\/\/www.agilit.law\/\",\"name\":\"AGIL&#039;IT\",\"description\":\"Make things simple\",\"potentialAction\":[{\"@type\":\"SearchAction\",\"target\":{\"@type\":\"EntryPoint\",\"urlTemplate\":\"https:\/\/www.agilit.law\/?s={search_term_string}\"},\"query-input\":\"required name=search_term_string\"}],\"inLanguage\":\"en-US\"},{\"@type\":\"Person\",\"@id\":\"https:\/\/www.agilit.law\/#\/schema\/person\/c654a8c9ed1a8ed86933dd54ae875808\",\"name\":\"J\u00e9r\u00f4me Tassi\",\"image\":{\"@type\":\"ImageObject\",\"inLanguage\":\"en-US\",\"@id\":\"https:\/\/www.agilit.law\/#\/schema\/person\/image\/580daaa24c9c11120ea503143e45bc5c\",\"url\":\"https:\/\/secure.gravatar.com\/avatar\/63aab17387b2769a150057bc8f8284d0?s=96&d=mm&r=g\",\"contentUrl\":\"https:\/\/secure.gravatar.com\/avatar\/63aab17387b2769a150057bc8f8284d0?s=96&d=mm&r=g\",\"caption\":\"J\u00e9r\u00f4me Tassi\"},\"url\":\"https:\/\/www.agilit.law\/en\/author\/jerome\/\"}]}<\/script>\n<!-- \/ Yoast SEO plugin. -->","yoast_head_json":{"title":"Conf\u00e9rence de J\u00e9r\u00f4me TASSI sur les cons\u00e9quences proc\u00e9durales des lois r\u00e9centes en propri\u00e9t\u00e9 intellectuelle - AGIL&#039;IT","robots":{"index":"index","follow":"follow","max-snippet":"max-snippet:-1","max-image-preview":"max-image-preview:large","max-video-preview":"max-video-preview:-1"},"canonical":"https:\/\/www.agilit.law\/propriete-intellectuelle\/conference-de-jerome-tassi-consequences-procedurales-lois-recentes-propriete-intellectuelle\/","og_locale":"en_US","og_type":"article","og_title":"Conf\u00e9rence de J\u00e9r\u00f4me TASSI sur les cons\u00e9quences proc\u00e9durales des lois r\u00e9centes en propri\u00e9t\u00e9 intellectuelle - AGIL&#039;IT","og_description":"J\u00e9r\u00f4me TASSI est intervenu lors de la r\u00e9union du 26 novembre 2019 \u00e0 la Maison du Barreau organis\u00e9e conjointement par l&#8217;IRPI et la COMPI du Barreau de Paris. La conf\u00e9rence portait sur les\u00a0cons\u00e9quences des lois nouvelles (secret des affaires, Pacte et r\u00e9forme de la justice) sur les proc\u00e9dures sp\u00e9ciales aux propri\u00e9t\u00e9s intellectuelles (voir les sites&hellip;","og_url":"https:\/\/www.agilit.law\/propriete-intellectuelle\/conference-de-jerome-tassi-consequences-procedurales-lois-recentes-propriete-intellectuelle\/","og_site_name":"AGIL&#039;IT","article_published_time":"2019-11-26T12:22:57+00:00","article_modified_time":"2021-05-03T09:57:10+00:00","og_image":[{"width":1000,"height":667,"url":"https:\/\/www.agilit.law\/wp-content\/uploads\/2018\/11\/shutterstock_569127763.jpg","type":"image\/jpeg"}],"author":"J\u00e9r\u00f4me Tassi","twitter_card":"summary_large_image","twitter_misc":{"Written by":"J\u00e9r\u00f4me Tassi","Est. reading time":"1 minute"},"schema":{"@context":"https:\/\/schema.org","@graph":[{"@type":"WebPage","@id":"https:\/\/www.agilit.law\/propriete-intellectuelle\/conference-de-jerome-tassi-consequences-procedurales-lois-recentes-propriete-intellectuelle\/","url":"https:\/\/www.agilit.law\/propriete-intellectuelle\/conference-de-jerome-tassi-consequences-procedurales-lois-recentes-propriete-intellectuelle\/","name":"Conf\u00e9rence de J\u00e9r\u00f4me TASSI sur les cons\u00e9quences proc\u00e9durales des lois r\u00e9centes en propri\u00e9t\u00e9 intellectuelle - AGIL&#039;IT","isPartOf":{"@id":"https:\/\/www.agilit.law\/#website"},"datePublished":"2019-11-26T12:22:57+00:00","dateModified":"2021-05-03T09:57:10+00:00","author":{"@id":"https:\/\/www.agilit.law\/#\/schema\/person\/c654a8c9ed1a8ed86933dd54ae875808"},"breadcrumb":{"@id":"https:\/\/www.agilit.law\/propriete-intellectuelle\/conference-de-jerome-tassi-consequences-procedurales-lois-recentes-propriete-intellectuelle\/#breadcrumb"},"inLanguage":"en-US","potentialAction":[{"@type":"ReadAction","target":["https:\/\/www.agilit.law\/propriete-intellectuelle\/conference-de-jerome-tassi-consequences-procedurales-lois-recentes-propriete-intellectuelle\/"]}]},{"@type":"BreadcrumbList","@id":"https:\/\/www.agilit.law\/propriete-intellectuelle\/conference-de-jerome-tassi-consequences-procedurales-lois-recentes-propriete-intellectuelle\/#breadcrumb","itemListElement":[{"@type":"ListItem","position":1,"name":"Accueil","item":"https:\/\/www.agilit.law\/en\/"},{"@type":"ListItem","position":2,"name":"Conf\u00e9rence de J\u00e9r\u00f4me TASSI sur les cons\u00e9quences proc\u00e9durales des lois r\u00e9centes en propri\u00e9t\u00e9 intellectuelle"}]},{"@type":"WebSite","@id":"https:\/\/www.agilit.law\/#website","url":"https:\/\/www.agilit.law\/","name":"AGIL&#039;IT","description":"Make things simple","potentialAction":[{"@type":"SearchAction","target":{"@type":"EntryPoint","urlTemplate":"https:\/\/www.agilit.law\/?s={search_term_string}"},"query-input":"required name=search_term_string"}],"inLanguage":"en-US"},{"@type":"Person","@id":"https:\/\/www.agilit.law\/#\/schema\/person\/c654a8c9ed1a8ed86933dd54ae875808","name":"J\u00e9r\u00f4me Tassi","image":{"@type":"ImageObject","inLanguage":"en-US","@id":"https:\/\/www.agilit.law\/#\/schema\/person\/image\/580daaa24c9c11120ea503143e45bc5c","url":"https:\/\/secure.gravatar.com\/avatar\/63aab17387b2769a150057bc8f8284d0?s=96&d=mm&r=g","contentUrl":"https:\/\/secure.gravatar.com\/avatar\/63aab17387b2769a150057bc8f8284d0?s=96&d=mm&r=g","caption":"J\u00e9r\u00f4me Tassi"},"url":"https:\/\/www.agilit.law\/en\/author\/jerome\/"}]}},"_links":{"self":[{"href":"https:\/\/www.agilit.law\/en\/wp-json\/wp\/v2\/posts\/9808"}],"collection":[{"href":"https:\/\/www.agilit.law\/en\/wp-json\/wp\/v2\/posts"}],"about":[{"href":"https:\/\/www.agilit.law\/en\/wp-json\/wp\/v2\/types\/post"}],"author":[{"embeddable":true,"href":"https:\/\/www.agilit.law\/en\/wp-json\/wp\/v2\/users\/18"}],"replies":[{"embeddable":true,"href":"https:\/\/www.agilit.law\/en\/wp-json\/wp\/v2\/comments?post=9808"}],"version-history":[{"count":2,"href":"https:\/\/www.agilit.law\/en\/wp-json\/wp\/v2\/posts\/9808\/revisions"}],"predecessor-version":[{"id":10137,"href":"https:\/\/www.agilit.law\/en\/wp-json\/wp\/v2\/posts\/9808\/revisions\/10137"}],"wp:featuredmedia":[{"embeddable":true,"href":"https:\/\/www.agilit.law\/en\/wp-json\/wp\/v2\/media\/4790"}],"wp:attachment":[{"href":"https:\/\/www.agilit.law\/en\/wp-json\/wp\/v2\/media?parent=9808"}],"wp:term":[{"taxonomy":"category","embeddable":true,"href":"https:\/\/www.agilit.law\/en\/wp-json\/wp\/v2\/categories?post=9808"},{"taxonomy":"post_tag","embeddable":true,"href":"https:\/\/www.agilit.law\/en\/wp-json\/wp\/v2\/tags?post=9808"},{"taxonomy":"author","embeddable":true,"href":"https:\/\/www.agilit.law\/en\/wp-json\/wp\/v2\/coauthors?post=9808"}],"curies":[{"name":"wp","href":"https:\/\/api.w.org\/{rel}","templated":true}]}}