{"id":9695,"date":"2019-06-03T12:17:17","date_gmt":"2019-06-03T10:17:17","guid":{"rendered":"https:\/\/www.agilit.law\/?p=9695"},"modified":"2021-04-26T12:19:04","modified_gmt":"2021-04-26T10:19:04","slug":"loi-pacte-5-mesures-faciliteront-creation-petites-entreprises","status":"publish","type":"post","link":"https:\/\/www.agilit.law\/en\/propriete-intellectuelle\/loi-pacte-5-mesures-faciliteront-creation-petites-entreprises\/","title":{"rendered":"LOI PACTE : Les 5 mesures qui faciliteront la cr\u00e9ation des petites entreprises"},"content":{"rendered":"<p>Apr\u00e8s 18 mois de gestation et de d\u00e9bats parlementaires,\u00a0la Loi PACTE a \u00e9t\u00e9 vot\u00e9e le 11 avril 2019 par l\u2019Assembl\u00e9e Nationale\u00a0! Sa promulgation devrait avoir lieu cet \u00e9t\u00e9.<\/p>\n<p>&nbsp;<\/p>\n<p>Depuis quelques ann\u00e9es, les pouvoirs publics prennent des mesures pour simplifier la vie des petites entreprises qui se plaignent &#8211; \u00e0 juste titre &#8211; des lourdeurs administratives per\u00e7ues comme un frein \u00e0 leur d\u00e9veloppement.<\/p>\n<p>&nbsp;<\/p>\n<p>5 mesures de nature \u00e0 favoriser la cr\u00e9ation des petites entreprises ont retenus notre attention<\/p>\n<p>&nbsp;<\/p>\n<ol>\n<li><strong>Mise en place d\u2019une plateforme en ligne unique pour la cr\u00e9ation d\u2019entreprise d\u2019ici 2021<\/strong><\/li>\n<\/ol>\n<p><strong>\u00a0<\/strong><\/p>\n<ol start=\"2\">\n<li><strong>Mise en place d\u2019un registre unique d\u2019ici 2021 <\/strong>regroupant les inscriptions actuellement contenues dans le registre du commerce et des soci\u00e9t\u00e9s, le registre des m\u00e9tiers et le registres des actifs agricoles<\/li>\n<\/ol>\n<p><strong>\u00a0<\/strong><\/p>\n<ol start=\"3\">\n<li><strong>R\u00e9duction des co\u00fbts de publication l\u00e9gale <\/strong>gr\u00e2ce \u00e0 la mise en concurrence des journaux papiers avec les services de presse en ligne et l\u2019instauration d\u2019une facturation au forfait (\u00e0 la place d\u2019une tarification au nombre de lignes)<\/li>\n<\/ol>\n<p><strong>\u00a0<\/strong><\/p>\n<ol start=\"4\">\n<li><strong>Suppression de l\u2019obligation d\u2019ouvrir un compte bancaire d\u00e9di\u00e9 \u00e0 l\u2019activit\u00e9 professionnelle pour les microentreprises r\u00e9alisant un chiffre d\u2019affaires inf\u00e9rieur 5.000 \u20ac \/ an. <\/strong>Lorsque l\u2019entreprise d\u00e9passe les 5.000 de chiffre d\u2019affaires annuel, elle aura deux ans pour ouvrir un compte bancaire d\u00e9di\u00e9 \u00e0 l\u2019activit\u00e9 professionnelle<\/li>\n<\/ol>\n<p><strong>\u00a0<\/strong><\/p>\n<ol start=\"5\">\n<li><strong>Suppression du stage obligatoire pour la cr\u00e9ation d\u2019une entreprise artisanale. <\/strong>L\u2019artisan pourra toujours b\u00e9n\u00e9ficier d\u2019un stage facultatif au co\u00fbt de 194 \u20ac (au lieu de 400 \u20ac actuellement)<\/li>\n<\/ol>\n","protected":false},"excerpt":{"rendered":"<p>Apr\u00e8s 18 mois de gestation et de d\u00e9bats parlementaires,\u00a0la Loi PACTE a \u00e9t\u00e9 vot\u00e9e le 11 avril 2019 par l\u2019Assembl\u00e9e Nationale\u00a0! Sa promulgation devrait avoir lieu cet \u00e9t\u00e9. &nbsp; Depuis quelques ann\u00e9es, les pouvoirs publics prennent des mesures pour simplifier la vie des petites entreprises qui se plaignent &#8211; \u00e0 juste titre &#8211; des lourdeurs&hellip;<\/p>\n","protected":false},"author":22,"featured_media":9696,"comment_status":"closed","ping_status":"closed","sticky":false,"template":"","format":"standard","meta":{"footnotes":""},"categories":[140],"tags":[],"coauthors":[143],"yoast_head":"<!-- This site is optimized with the Yoast SEO plugin v21.3 - https:\/\/yoast.com\/wordpress\/plugins\/seo\/ -->\n<title>LOI PACTE : Les 5 mesures qui faciliteront la cr\u00e9ation des petites entreprises - AGIL&#039;IT<\/title>\n<meta name=\"robots\" content=\"index, follow, max-snippet:-1, max-image-preview:large, max-video-preview:-1\" \/>\n<link rel=\"canonical\" href=\"https:\/\/www.agilit.law\/propriete-intellectuelle\/loi-pacte-5-mesures-faciliteront-creation-petites-entreprises\/\" \/>\n<meta property=\"og:locale\" content=\"en_US\" \/>\n<meta property=\"og:type\" content=\"article\" \/>\n<meta property=\"og:title\" content=\"LOI PACTE : Les 5 mesures qui faciliteront la cr\u00e9ation des petites entreprises - AGIL&#039;IT\" \/>\n<meta property=\"og:description\" content=\"Apr\u00e8s 18 mois de gestation et de d\u00e9bats parlementaires,\u00a0la Loi PACTE a \u00e9t\u00e9 vot\u00e9e le 11 avril 2019 par l\u2019Assembl\u00e9e Nationale\u00a0! Sa promulgation devrait avoir lieu cet \u00e9t\u00e9. &nbsp; Depuis quelques ann\u00e9es, les pouvoirs publics prennent des mesures pour simplifier la vie des petites entreprises qui se plaignent &#8211; \u00e0 juste titre &#8211; des lourdeurs&hellip;\" \/>\n<meta property=\"og:url\" content=\"https:\/\/www.agilit.law\/propriete-intellectuelle\/loi-pacte-5-mesures-faciliteront-creation-petites-entreprises\/\" \/>\n<meta property=\"og:site_name\" content=\"AGIL&#039;IT\" \/>\n<meta property=\"article:published_time\" content=\"2019-06-03T10:17:17+00:00\" \/>\n<meta property=\"article:modified_time\" content=\"2021-04-26T10:19:04+00:00\" \/>\n<meta property=\"og:image\" content=\"https:\/\/www.agilit.law\/wp-content\/uploads\/2021\/04\/telechargement-loi-pacte-002.png\" \/>\n\t<meta property=\"og:image:width\" content=\"264\" \/>\n\t<meta property=\"og:image:height\" content=\"191\" \/>\n\t<meta property=\"og:image:type\" content=\"image\/png\" \/>\n<meta name=\"author\" content=\"Salom\u00e9 Garlandat\" \/>\n<meta name=\"twitter:card\" content=\"summary_large_image\" \/>\n<meta name=\"twitter:label1\" content=\"Written by\" \/>\n\t<meta name=\"twitter:data1\" content=\"Salom\u00e9 Garlandat\" \/>\n\t<meta name=\"twitter:label2\" content=\"Est. reading time\" \/>\n\t<meta name=\"twitter:data2\" content=\"1 minute\" \/>\n<script type=\"application\/ld+json\" class=\"yoast-schema-graph\">{\"@context\":\"https:\/\/schema.org\",\"@graph\":[{\"@type\":\"WebPage\",\"@id\":\"https:\/\/www.agilit.law\/propriete-intellectuelle\/loi-pacte-5-mesures-faciliteront-creation-petites-entreprises\/\",\"url\":\"https:\/\/www.agilit.law\/propriete-intellectuelle\/loi-pacte-5-mesures-faciliteront-creation-petites-entreprises\/\",\"name\":\"LOI PACTE : Les 5 mesures qui faciliteront la cr\u00e9ation des petites entreprises - AGIL&#039;IT\",\"isPartOf\":{\"@id\":\"https:\/\/www.agilit.law\/#website\"},\"datePublished\":\"2019-06-03T10:17:17+00:00\",\"dateModified\":\"2021-04-26T10:19:04+00:00\",\"author\":{\"@id\":\"https:\/\/www.agilit.law\/#\/schema\/person\/6ec088717a813c0c20aa23778432d331\"},\"breadcrumb\":{\"@id\":\"https:\/\/www.agilit.law\/propriete-intellectuelle\/loi-pacte-5-mesures-faciliteront-creation-petites-entreprises\/#breadcrumb\"},\"inLanguage\":\"en-US\",\"potentialAction\":[{\"@type\":\"ReadAction\",\"target\":[\"https:\/\/www.agilit.law\/propriete-intellectuelle\/loi-pacte-5-mesures-faciliteront-creation-petites-entreprises\/\"]}]},{\"@type\":\"BreadcrumbList\",\"@id\":\"https:\/\/www.agilit.law\/propriete-intellectuelle\/loi-pacte-5-mesures-faciliteront-creation-petites-entreprises\/#breadcrumb\",\"itemListElement\":[{\"@type\":\"ListItem\",\"position\":1,\"name\":\"Accueil\",\"item\":\"https:\/\/www.agilit.law\/en\/\"},{\"@type\":\"ListItem\",\"position\":2,\"name\":\"LOI PACTE : Les 5 mesures qui faciliteront la cr\u00e9ation des petites entreprises\"}]},{\"@type\":\"WebSite\",\"@id\":\"https:\/\/www.agilit.law\/#website\",\"url\":\"https:\/\/www.agilit.law\/\",\"name\":\"AGIL&#039;IT\",\"description\":\"Make things simple\",\"potentialAction\":[{\"@type\":\"SearchAction\",\"target\":{\"@type\":\"EntryPoint\",\"urlTemplate\":\"https:\/\/www.agilit.law\/?s={search_term_string}\"},\"query-input\":\"required name=search_term_string\"}],\"inLanguage\":\"en-US\"},{\"@type\":\"Person\",\"@id\":\"https:\/\/www.agilit.law\/#\/schema\/person\/6ec088717a813c0c20aa23778432d331\",\"name\":\"Salom\u00e9 Garlandat\",\"image\":{\"@type\":\"ImageObject\",\"inLanguage\":\"en-US\",\"@id\":\"https:\/\/www.agilit.law\/#\/schema\/person\/image\/67098f80eb591719ae3cc14b61cb4f5f\",\"url\":\"https:\/\/secure.gravatar.com\/avatar\/364457a6b49dde4aca82456fb0441113?s=96&d=mm&r=g\",\"contentUrl\":\"https:\/\/secure.gravatar.com\/avatar\/364457a6b49dde4aca82456fb0441113?s=96&d=mm&r=g\",\"caption\":\"Salom\u00e9 Garlandat\"},\"url\":\"https:\/\/www.agilit.law\/en\/author\/salome\/\"}]}<\/script>\n<!-- \/ Yoast SEO plugin. -->","yoast_head_json":{"title":"LOI PACTE : Les 5 mesures qui faciliteront la cr\u00e9ation des petites entreprises - AGIL&#039;IT","robots":{"index":"index","follow":"follow","max-snippet":"max-snippet:-1","max-image-preview":"max-image-preview:large","max-video-preview":"max-video-preview:-1"},"canonical":"https:\/\/www.agilit.law\/propriete-intellectuelle\/loi-pacte-5-mesures-faciliteront-creation-petites-entreprises\/","og_locale":"en_US","og_type":"article","og_title":"LOI PACTE : Les 5 mesures qui faciliteront la cr\u00e9ation des petites entreprises - AGIL&#039;IT","og_description":"Apr\u00e8s 18 mois de gestation et de d\u00e9bats parlementaires,\u00a0la Loi PACTE a \u00e9t\u00e9 vot\u00e9e le 11 avril 2019 par l\u2019Assembl\u00e9e Nationale\u00a0! Sa promulgation devrait avoir lieu cet \u00e9t\u00e9. &nbsp; Depuis quelques ann\u00e9es, les pouvoirs publics prennent des mesures pour simplifier la vie des petites entreprises qui se plaignent &#8211; \u00e0 juste titre &#8211; des lourdeurs&hellip;","og_url":"https:\/\/www.agilit.law\/propriete-intellectuelle\/loi-pacte-5-mesures-faciliteront-creation-petites-entreprises\/","og_site_name":"AGIL&#039;IT","article_published_time":"2019-06-03T10:17:17+00:00","article_modified_time":"2021-04-26T10:19:04+00:00","og_image":[{"width":264,"height":191,"url":"https:\/\/www.agilit.law\/wp-content\/uploads\/2021\/04\/telechargement-loi-pacte-002.png","type":"image\/png"}],"author":"Salom\u00e9 Garlandat","twitter_card":"summary_large_image","twitter_misc":{"Written by":"Salom\u00e9 Garlandat","Est. reading time":"1 minute"},"schema":{"@context":"https:\/\/schema.org","@graph":[{"@type":"WebPage","@id":"https:\/\/www.agilit.law\/propriete-intellectuelle\/loi-pacte-5-mesures-faciliteront-creation-petites-entreprises\/","url":"https:\/\/www.agilit.law\/propriete-intellectuelle\/loi-pacte-5-mesures-faciliteront-creation-petites-entreprises\/","name":"LOI PACTE : Les 5 mesures qui faciliteront la cr\u00e9ation des petites entreprises - AGIL&#039;IT","isPartOf":{"@id":"https:\/\/www.agilit.law\/#website"},"datePublished":"2019-06-03T10:17:17+00:00","dateModified":"2021-04-26T10:19:04+00:00","author":{"@id":"https:\/\/www.agilit.law\/#\/schema\/person\/6ec088717a813c0c20aa23778432d331"},"breadcrumb":{"@id":"https:\/\/www.agilit.law\/propriete-intellectuelle\/loi-pacte-5-mesures-faciliteront-creation-petites-entreprises\/#breadcrumb"},"inLanguage":"en-US","potentialAction":[{"@type":"ReadAction","target":["https:\/\/www.agilit.law\/propriete-intellectuelle\/loi-pacte-5-mesures-faciliteront-creation-petites-entreprises\/"]}]},{"@type":"BreadcrumbList","@id":"https:\/\/www.agilit.law\/propriete-intellectuelle\/loi-pacte-5-mesures-faciliteront-creation-petites-entreprises\/#breadcrumb","itemListElement":[{"@type":"ListItem","position":1,"name":"Accueil","item":"https:\/\/www.agilit.law\/en\/"},{"@type":"ListItem","position":2,"name":"LOI PACTE : Les 5 mesures qui faciliteront la cr\u00e9ation des petites entreprises"}]},{"@type":"WebSite","@id":"https:\/\/www.agilit.law\/#website","url":"https:\/\/www.agilit.law\/","name":"AGIL&#039;IT","description":"Make things simple","potentialAction":[{"@type":"SearchAction","target":{"@type":"EntryPoint","urlTemplate":"https:\/\/www.agilit.law\/?s={search_term_string}"},"query-input":"required name=search_term_string"}],"inLanguage":"en-US"},{"@type":"Person","@id":"https:\/\/www.agilit.law\/#\/schema\/person\/6ec088717a813c0c20aa23778432d331","name":"Salom\u00e9 Garlandat","image":{"@type":"ImageObject","inLanguage":"en-US","@id":"https:\/\/www.agilit.law\/#\/schema\/person\/image\/67098f80eb591719ae3cc14b61cb4f5f","url":"https:\/\/secure.gravatar.com\/avatar\/364457a6b49dde4aca82456fb0441113?s=96&d=mm&r=g","contentUrl":"https:\/\/secure.gravatar.com\/avatar\/364457a6b49dde4aca82456fb0441113?s=96&d=mm&r=g","caption":"Salom\u00e9 Garlandat"},"url":"https:\/\/www.agilit.law\/en\/author\/salome\/"}]}},"_links":{"self":[{"href":"https:\/\/www.agilit.law\/en\/wp-json\/wp\/v2\/posts\/9695"}],"collection":[{"href":"https:\/\/www.agilit.law\/en\/wp-json\/wp\/v2\/posts"}],"about":[{"href":"https:\/\/www.agilit.law\/en\/wp-json\/wp\/v2\/types\/post"}],"author":[{"embeddable":true,"href":"https:\/\/www.agilit.law\/en\/wp-json\/wp\/v2\/users\/22"}],"replies":[{"embeddable":true,"href":"https:\/\/www.agilit.law\/en\/wp-json\/wp\/v2\/comments?post=9695"}],"version-history":[{"count":1,"href":"https:\/\/www.agilit.law\/en\/wp-json\/wp\/v2\/posts\/9695\/revisions"}],"predecessor-version":[{"id":9698,"href":"https:\/\/www.agilit.law\/en\/wp-json\/wp\/v2\/posts\/9695\/revisions\/9698"}],"wp:featuredmedia":[{"embeddable":true,"href":"https:\/\/www.agilit.law\/en\/wp-json\/wp\/v2\/media\/9696"}],"wp:attachment":[{"href":"https:\/\/www.agilit.law\/en\/wp-json\/wp\/v2\/media?parent=9695"}],"wp:term":[{"taxonomy":"category","embeddable":true,"href":"https:\/\/www.agilit.law\/en\/wp-json\/wp\/v2\/categories?post=9695"},{"taxonomy":"post_tag","embeddable":true,"href":"https:\/\/www.agilit.law\/en\/wp-json\/wp\/v2\/tags?post=9695"},{"taxonomy":"author","embeddable":true,"href":"https:\/\/www.agilit.law\/en\/wp-json\/wp\/v2\/coauthors?post=9695"}],"curies":[{"name":"wp","href":"https:\/\/api.w.org\/{rel}","templated":true}]}}