{"id":9546,"date":"2018-03-13T12:09:07","date_gmt":"2018-03-13T11:09:07","guid":{"rendered":"https:\/\/www.agilit.law\/?p=9546"},"modified":"2021-05-03T11:26:45","modified_gmt":"2021-05-03T09:26:45","slug":"la-marque-collective-credit-mutuel-un-enjeu-strategique-ca-paris-27-fevrier-2018","status":"publish","type":"post","link":"https:\/\/www.agilit.law\/en\/propriete-intellectuelle\/la-marque-collective-credit-mutuel-un-enjeu-strategique-ca-paris-27-fevrier-2018\/","title":{"rendered":"La marque collective CREDIT MUTUEL : un enjeu strat\u00e9gique (CA Paris, 27 f\u00e9vrier 2018)"},"content":{"rendered":"<p>Le CREDIT MUTUEL est un groupe fran\u00e7ais bien connu dans les domaines de la banque, de l\u2019assurance.<\/p>\n<p>La marque collective verbale CREDIT MUTUEL a fait l\u2019objet d\u2019un contentieux engag\u00e9 par la soci\u00e9t\u00e9 CREDIT MUTUEL ARKEA, cr\u00e9\u00e9e en 1960, et qui fait partie du groupe CREDIT MUTUEL.<\/p>\n<p>La CONFEDERATION NATIONALE DU CREDIT MUTUEL (CNCM) a elle \u00e9t\u00e9 cr\u00e9\u00e9e par une ordonnance du 16 octobre 1958 et a r\u00f4le de contr\u00f4le, d&#8217;inspection et de repr\u00e9sentation du r\u00e9seau des caisses de cr\u00e9dit mutuel aupr\u00e8s des pouvoirs publics.<\/p>\n<p>&nbsp;<\/p>\n<p>La CNCM est titulaire de plusieurs marques collectives incluant les termes CREDIT MUTUEL, et notamment d\u2019une marque fran\u00e7aise collective verbale CREDIT MUTUEL. Un r\u00e8glement d\u2019usage contr\u00f4l\u00e9 par la CNCM pr\u00e9voit les conditions d\u2019utilisation de ces marques.<\/p>\n<p>Suite \u00e0 des d\u00e9saccords avec la CNCM, le CREDIT MUTUEL ARKEA a manifest\u00e9 son envie de quitter le groupe CREDIT MUTUEL (voir les explications sur cette vid\u00e9o\u00a0: https:\/\/www.youtube.com\/watch?time_continue=199&amp;v=xh1dQKOtLAk). En r\u00e9plique, la CNCM a indiqu\u00e9 que le CREDIT MUTUEL AKLEA n\u2019aurait plus le droit d\u2019utiliser la marque \u2018CREDIT MUTUEL\u2019 si elle quittait le groupe.<\/p>\n<p>C\u2019est dans ce contexte tendu que le CREDIT MUTUEL ARKEA a assign\u00e9 la CNCM en nullit\u00e9 de la marque collective verbale CREDIT MUTUEL pour d\u00e9faut de distinctivit\u00e9.<\/p>\n<p>En premi\u00e8re instance, le Tribunal de grande instance de Paris a d\u00e9clar\u00e9 l\u2019action irrecevable faute d\u2019int\u00e9r\u00eat \u00e0 agir (TGI Paris, 26 mai 2016). La Cour d\u2019appel infirme le jugement sur ce point et statue donc sur le fond des demandes.<\/p>\n<p>&nbsp;<\/p>\n<p>Plusieurs points sont int\u00e9ressants dans cette d\u00e9cision.<\/p>\n<p>&nbsp;<\/p>\n<ol>\n<li><strong>L\u2019int\u00e9r\u00eat \u00e0 agir en nullit\u00e9 de la marque collective CREDIT MUTUEL<\/strong><\/li>\n<\/ol>\n<p>&nbsp;<\/p>\n<p>Conform\u00e9ment aux r\u00e8gles de l&#8217;article\u00a031 du Code de proc\u00e9dure civile (CPC), \u00ab\u00a0<em>l&#8217;action est ouverte \u00e0 tous ceux qui ont un int\u00e9r\u00eat l\u00e9gitime au succ\u00e8s ou au rejet d&#8217;une pr\u00e9tention<\/em>\u00a0\u00bb. Il est donc n\u00e9cessaire que celui qui agit en nullit\u00e9 de marque prouve son int\u00e9r\u00eat \u00e0 agir au jour de l&#8217;introduction de l&#8217;instance (c&#8217;est-\u00e0-dire au jour de l&#8217;assignation et non celui de l&#8217;enr\u00f4lement). L&#8217;int\u00e9r\u00eat \u00e0 agir doit \u00eatre personnel et direct, l\u00e9gitime, n\u00e9 et actuel.<\/p>\n<p>&nbsp;<\/p>\n<p>Le Tribunal a rappel\u00e9 ce principe en ajoutant l\u2019hypoth\u00e8se d\u2019un\u00a0\u00ab\u00a0int\u00e9r\u00eat futur mais certain de voir annuler cette marque\u00a0\u00bb.<\/p>\n<p>&nbsp;<\/p>\n<p>Au regard des preuves vers\u00e9es aux d\u00e9bats, cet int\u00e9r\u00eat n\u2019est pas \u00e9tabli pour le Tribunal\u00a0puisque le d\u00e9part du groupe ne serait qu\u2019une hypoth\u00e8se :<\/p>\n<p>\u00ab\u00a0<em>Si dans le futur la soci\u00e9t\u00e9 CR\u00c9DIT MUTUEL ARKEA quittait le r\u00e9seau CREDIT MUTUEL tel qu&#8217;il est organis\u00e9 par les dispositions nationales et europ\u00e9ennes, elle aurait int\u00e9r\u00eat \u00e0 agir \u00e0 l&#8217;encontre de la marque fran\u00e7aise collective CREDIT MUTUEL n\u00b0 3828979. Mais cet int\u00e9r\u00eat futur n&#8217;est pas certain puisqu&#8217;aucun projet s\u00e9rieux et avanc\u00e9 de scission n&#8217;est vers\u00e9 au d\u00e9bat. En cas d&#8217;int\u00e9r\u00eat futur mais certain \u00e9tay\u00e9 par des pi\u00e8ces d\u00e9montrant la pr\u00e9paration d&#8217;un projet et son avancement, la soci\u00e9t\u00e9 CREDIT MUTUEL ARKEA pourrait arguer d&#8217;un int\u00e9r\u00eat \u00e0 agir mais en l&#8217;\u00e9tat, elle ne d\u00e9montre disposer que d&#8217;un int\u00e9r\u00eat futur et hypoth\u00e9tique qui ne remplit pas les conditions de l&#8217;article 31 du code de proc\u00e9dure civile.\u00a0<\/em>\u00bb<\/p>\n<p>&nbsp;<\/p>\n<p>La Cour d\u2019appel proc\u00e8de \u00e0 une analyse diff\u00e9rente des faits et consid\u00e8re que le CREDIT MUTUEL ARKEA a bien int\u00e9r\u00eat \u00e0 agir puisque le projet de scission est s\u00e9rieux et qu\u2019elle a int\u00e9r\u00eat pouvoir utiliser librement les termes &#8216;cr\u00e9dit mutuel&#8217; qui font partie de sa d\u00e9nomination sociale depuis 1960. \u00a0L\u2019int\u00e9r\u00eat r\u00e9sulte \u00e9galement d\u2019un courrier de la CNCM de 2014\u00a0; \u00ab\u00a0<em>Si Arkea sort du Cr\u00e9dit Mutuel, il devra fonctionner et se d\u00e9velopper sous le marque Arkea ou toute autre marque qu&#8217;il choisira, \u00e0 l&#8217;exclusion de la marque Cr\u00e9dit Mutuel ou de toute combinaison de marques associant la marque Cr\u00e9dit Mutuel&#8217;<\/em>)\u00a0\u00bb.<\/p>\n<p><em>\u00a0<\/em><\/p>\n<p>A la lecture de l\u2019arr\u00eat, l\u2019int\u00e9r\u00eat \u00e0 agir apparait en effet manifeste.<\/p>\n<p>&nbsp;<\/p>\n<p>&nbsp;<\/p>\n<ol start=\"2\">\n<li><strong>L\u2019examen du caract\u00e8re frauduleux de la marque CREDIT MUTUEL<\/strong><\/li>\n<\/ol>\n<p>&nbsp;<\/p>\n<p>&nbsp;<\/p>\n<p>Le CREDIT MUTUEL ARKEA invoquait la fraude contre le d\u00e9p\u00f4t de marque en 2011 dans un contexte conflictuel.<\/p>\n<p>&nbsp;<\/p>\n<p>La Cour rappelle les principes juridiques en la mati\u00e8re\u00a0: \u00ab\u00a0<em>en application du principe fraus omnia corrumpit, un d\u00e9p\u00f4t de marque est frauduleux lorsqu&#8217;il est effectu\u00e9 dans l&#8217;intention de priver autrui d&#8217;un signe n\u00e9cessaire \u00e0 son activit\u00e9 pr\u00e9sente ou ult\u00e9rieure ; que la fraude est caract\u00e9ris\u00e9e d\u00e8s lors que le d\u00e9p\u00f4t a \u00e9t\u00e9 op\u00e9r\u00e9 pour d\u00e9tourner le droit des marques de sa finalit\u00e9, non pour distinguer des produits et services en identifiant leur origine mais pour priver des concurrents du d\u00e9posant ou tous les op\u00e9rateurs d&#8217;un m\u00eame secteur d&#8217;un signe n\u00e9cessaire \u00e0 leur activit\u00e9 ; que le caract\u00e8re frauduleux du d\u00e9p\u00f4t s&#8217;appr\u00e9cie au jour du d\u00e9p\u00f4t et ne se pr\u00e9sume pas, la charge de la preuve de la fraude pesant sur celui qui l&#8217;all\u00e8gue\u00a0\u00bb.<\/em><\/p>\n<p>&nbsp;<\/p>\n<p>Selon la Cour, l\u2019intention de nuire n\u2019est pas prouv\u00e9e et, au contraire, la CNCM justifie qu&#8217;elle a, plusieurs ann\u00e9es avant le d\u00e9p\u00f4t de marque, couramment utilis\u00e9 les termes &#8216;cr\u00e9dit mutuel&#8217; dans le cadre notamment de publicit\u00e9s radiophoniques.<\/p>\n<p>&nbsp;<\/p>\n<p>&nbsp;<\/p>\n<ol start=\"3\">\n<li><strong>Le rejet du grief d\u2019illic\u00e9it\u00e9 de la marque CREDIT MUTUEL<\/strong><\/li>\n<\/ol>\n<p>&nbsp;<\/p>\n<p>Le CREDIT MUTUEL ARKEA a soutenu que les termes &#8216;cr\u00e9dit mutuel&#8217; sont la d\u00e9signation l\u00e9gale d&#8217;une activit\u00e9 bancaire et\/ou des banques mutualistes organis\u00e9es en r\u00e9seau, comme cela r\u00e9sulte des dispositions du code mon\u00e9taire et financier et de l&#8217;ordonnance n\u00b0 58-966 du 16 octobre 1958, qui sont des prescriptions d&#8217;ordre public, et que leur adoption en tant que marque porte atteinte \u00e0 cet ordre public d\u00e8s lors qu&#8217;elle interdit \u00e0 tout op\u00e9rateur d\u00e9sireux d&#8217;utiliser ces termes de le faire.<\/p>\n<p>&nbsp;<\/p>\n<p>La Cour rejette cet argument inventif car \u00ab\u00a0le code mon\u00e9taire et financier consacre la r\u00e9servation au profit de la CNCM, organe central du r\u00e9seau CREDIT MUTUEL, de l&#8217;expression &#8216;CREDIT MUTUEL&#8217;, dont les marques collectives \u00ab CREDIT MUTUEL \u00bb sont la traduction commerciale\u00a0\u00bb.<\/p>\n<p>&nbsp;<\/p>\n<p>&nbsp;<\/p>\n<ol start=\"4\">\n<li><strong>La distinctivit\u00e9 de la marque acquise par l\u2019usage<\/strong><\/li>\n<\/ol>\n<p>&nbsp;<\/p>\n<p>&nbsp;<\/p>\n<p>Une marque est distinctive lorsqu&#8217;elle permet d&#8217;identifier les produits ou services qu&#8217;elle d\u00e9signe comme provenant d&#8217;une entreprise d\u00e9termin\u00e9e et donc de distinguer ces produits et services de ceux d&#8217;autres entreprises.<\/p>\n<p>&nbsp;<\/p>\n<p>La Cour d\u2019appel consid\u00e8re que la marque verbale CREDIT MUTUEL est d\u00e9pourvue de distinctivit\u00e9 intrins\u00e8que pour les produits et services relatifs \u00e0 l\u2019activit\u00e9 bancaire au regard (i) des dispositions du code mon\u00e9taire et financier et (ii) de l\u2019utilisation des termes \u2018cr\u00e9dit mutuel\u2019 pour d\u00e9signer une activit\u00e9 bancaire\u00a0:<\/p>\n<p>&nbsp;<\/p>\n<p>\u00ab\u00a0Consid\u00e9rant que le code mon\u00e9taire et financier, notamment les dispositions des articles L. 512-55 (<em>&#8216;les caisses de cr\u00e9dit mutuel (&#8216;) ont exclusivement pour objet le cr\u00e9dit mutuel&#8217;<\/em>) et R. 512-20 (qui fait r\u00e9f\u00e9rence aux <em>&#8216;principes g\u00e9n\u00e9raux du cr\u00e9dit mutuel&#8217;<\/em>), utilise le termes &#8216;cr\u00e9dit mutuel&#8217; pour d\u00e9signer un type d&#8217;activit\u00e9s bancaires consistant \u00e0 offrir des services bancaires mettant en \u0153uvre les principes de cr\u00e9dit mutuel ; qu&#8217;en outre, la soci\u00e9t\u00e9 appelante fournit des documents dans lesquels les termes &#8216;cr\u00e9dit mutuel&#8217; sont employ\u00e9s pour d\u00e9signer un type de service bancaire (<em>Le Cr\u00e9dit Raiffeisen en<\/em> <em>Europe <\/em>paru en 1968 (<em>&#8216; Le Cr\u00e9dit Mutuel consiste dans la r\u00e9ciprocit\u00e9 des positions d\u00e9biteur ou<\/em> <em>cr\u00e9diteur des membres d&#8217;un groupe, au cours d&#8217;une certaine p\u00e9riode&#8217;<\/em>), article de l&#8217;encyclop\u00e9die Universalis consacr\u00e9 \u00e0 F.W. RAIFFEISEN (1818-1888) , fondateur de la mutualit\u00e9 de cr\u00e9dit (<em>&#8216;A sa<\/em> <em>mort F.W. Raiffeisen aura mis en place tous les \u00e9l\u00e9ments du cr\u00e9dit mutuel : les principes de<\/em> <em>fonctionnement des caisses locales, les trois degr\u00e9s, la compensation financi\u00e8re, le contr\u00f4le&#8217;<\/em>) ; que la CNCM fournit elle-m\u00eame l&#8217;ouvrage <em>Le Cr\u00e9dit Mutuel <\/em>\u00e9dit\u00e9 en 1967 par l&#8217;Institut d&#8217;Etudes bancaires et financi\u00e8res, qui fait \u00e9tat d&#8217;<em>&#8216;exemples sporadiques de cr\u00e9dit mutuel&#8217; <\/em>ou \u00e9voque les <em>&#8216;formes plus<\/em> <em>r\u00e9centes de cr\u00e9dit mutuel&#8217; <\/em>;\u00a0\u00bb<\/p>\n<p>&nbsp;<\/p>\n<p>&nbsp;<\/p>\n<p>Cependant, l\u2019article L. 711-2 du Code de la propri\u00e9t\u00e9 intellectuelle qui pr\u00e9voit la condition de distinctivit\u00e9 pr\u00e9cise que le caract\u00e8re distinctif peut \u00eatre acquis par l\u2019usage.<\/p>\n<p>&nbsp;<\/p>\n<p>La Cour d\u2019appel rappelle les principes applicables\u00a0: \u00ab <em>l&#8217;acquisition du caract\u00e8re distinctif par l&#8217;usage suppose la preuve d&#8217;un usage continu, intense et de longue dur\u00e9e du signe constituant la marque et ce, \u00e0 titre de marque, de sorte que ce signe est connu et identifi\u00e9 par une partie significative du public pertinent int\u00e9ress\u00e9 par les produits et services qu&#8217;il propose ; Que pour appr\u00e9cier le caract\u00e8re distinctif acquis par l&#8217;usage, il faut se placer, lorsque la nullit\u00e9 de la marque est demand\u00e9e \u00e0 titre principal, au moment o\u00f9 le juge statue<\/em>\u00a0\u00bb<\/p>\n<p>&nbsp;<\/p>\n<p>La Cour rappelle \u00e9galement la jurisprudence communautaire NESTLE selon laquelle \u00ab\u00a0<em>l&#8217;acquisition d&#8217;un caract\u00e8re distinctif, peut r\u00e9sulter aussi bien de l&#8217;usage, en tant que partie d&#8217;une marque enregistr\u00e9e, d&#8217;un \u00e9l\u00e9ment de celle-ci que de l&#8217;usage d&#8217;une marque distincte en combinaison avec une marque enregistr\u00e9e\u00a0\u00bb (<\/em>CJCE, 7 juillet 2005, C- 353\/03).<\/p>\n<p>&nbsp;<\/p>\n<p>La Cour examine les nombreuses pi\u00e8ces vers\u00e9es par la CNCM et en d\u00e9duit que la CNCM d\u00e9montre l&#8217;usage continu, intensif, durable qui a \u00e9t\u00e9 fait, la marque &#8216;CREDIT MUTUEL&#8217; qui a donc acquis un caract\u00e8re distinctif.<\/p>\n<p>&nbsp;<\/p>\n<p>Deux \u00e9l\u00e9ments sont notables dans l\u2019analyse factuelle des preuves\u00a0:<\/p>\n<p>&nbsp;<\/p>\n<ul>\n<li>Le CREDIT MUTUEL ARKEA soutenait que la plupart des preuves n\u2019\u00e9tablissaient pas un usage \u00e0 titre de marque mais font seulement r\u00e9f\u00e9rence au CREDIT MUTUEL en tant qu&#8217;entreprise. Cet argument int\u00e9ressant est rejet\u00e9 par la Cour qui tient compte de la sp\u00e9cificit\u00e9 du secteur bancaire\u00a0: \u00ab\u00a0le fait qu&#8217;un \u00e9l\u00e9ment verbal soit utilis\u00e9 en tant que nom commercial de l&#8217;entreprise n&#8217;exclut pas qu&#8217;il puisse \u00eatre \u00e9galement utilis\u00e9 en tant que marque pour d\u00e9signer des produits ou services (CJCE, 11 septembre 2007, C-17\/06, C\u00e9line) ; que cela est d&#8217;autant plus vrai dans le secteur bancaire o\u00f9 le consommateur personnifie couramment la marque ; qu&#8217;en l&#8217;esp\u00e8ce, le signe &#8216;CREDIT MUTUEL&#8217; d\u00e9signe \u00e0 la fois la marque et le nom commercial de l&#8217;entreprise &#8216;groupe CREDIT MUTUEL\u00a0\u00bb<\/li>\n<li>La CNCM a produit un sondage <em>\u00ab\u00a0aupr\u00e8s d&#8217;un \u00e9chantillon de 1003 personnes, relatif au caract\u00e8re distinctif de la marque, duquel il ressort que 89 % des personnes interrog\u00e9es associent les termes &#8216;CREDIT MUTUEL&#8217; \u00e0 une banque et, pour 55 %, depuis au moins 10 ans, ce qui est de nature \u00e0 d\u00e9montrer sans ambigu\u00eft\u00e9 qu&#8217;une fraction significative du public concern\u00e9 per\u00e7oit la marque &#8216;CREDIT MUTUEL&#8217; comme identifiant les produits et services d\u00e9sign\u00e9s par elle comme provenant du groupe CREDIT MUTUEL<\/em>\u00bb. Les sondages sont souvent l\u2019arme d\u00e9cisive pour \u00e9tablir l\u2019acquisition du caract\u00e8re distinctif par l\u2019usage. Etonnamment, l\u2019arr\u00eat n\u2019\u00e9voque pas de critique formul\u00e9e \u00e0 l\u2019encontre de ce sondage, alors que les conditions de r\u00e9alisation et les questions dont g\u00e9n\u00e9ralement l\u2019objet de d\u00e9bats judiciaires.<\/li>\n<\/ul>\n<p>&nbsp;<\/p>\n<p>&nbsp;<\/p>\n<p>&nbsp;<\/p>\n<p>En conclusion, la marque collective verbale CREDIT MUTUEL est reconnu valide en raison de l\u2019usage r\u00e9alis\u00e9. Il faut noter que la CNCM n\u2019a pas form\u00e9 de demande reconventionnelle en contrefa\u00e7on. Il est probable qu\u2019un nouveau contentieux oppose les parties \u00e0 l\u2019avenir sur l\u2019usage des termes CREDIT MUTUEL (si cela n\u2019est pas d\u00e9j\u00e0 le cas). Il y aura alors un beau d\u00e9bat sur la notion d\u2019usage \u00e0 titre de marque.<\/p>\n<p>&nbsp;<\/p>\n<p>&nbsp;<\/p>\n<p>J\u00e9r\u00f4me TASSI<\/p>\n","protected":false},"excerpt":{"rendered":"<p>Le CREDIT MUTUEL est un groupe fran\u00e7ais bien connu dans les domaines de la banque, de l\u2019assurance. La marque collective verbale CREDIT MUTUEL a fait l\u2019objet d\u2019un contentieux engag\u00e9 par la soci\u00e9t\u00e9 CREDIT MUTUEL ARKEA, cr\u00e9\u00e9e en 1960, et qui fait partie du groupe CREDIT MUTUEL. La CONFEDERATION NATIONALE DU CREDIT MUTUEL (CNCM) a elle&hellip;<\/p>\n","protected":false},"author":18,"featured_media":9178,"comment_status":"closed","ping_status":"closed","sticky":false,"template":"","format":"standard","meta":{"footnotes":""},"categories":[140],"tags":[],"coauthors":[116],"yoast_head":"<!-- This site is optimized with the Yoast SEO plugin v21.3 - https:\/\/yoast.com\/wordpress\/plugins\/seo\/ -->\n<title>La marque collective CREDIT MUTUEL : un enjeu strat\u00e9gique (CA Paris, 27 f\u00e9vrier 2018) - AGIL&#039;IT<\/title>\n<meta name=\"robots\" content=\"index, follow, max-snippet:-1, max-image-preview:large, max-video-preview:-1\" \/>\n<link rel=\"canonical\" href=\"https:\/\/www.agilit.law\/propriete-intellectuelle\/la-marque-collective-credit-mutuel-un-enjeu-strategique-ca-paris-27-fevrier-2018\/\" \/>\n<meta property=\"og:locale\" content=\"en_US\" \/>\n<meta property=\"og:type\" content=\"article\" \/>\n<meta property=\"og:title\" content=\"La marque collective CREDIT MUTUEL : un enjeu strat\u00e9gique (CA Paris, 27 f\u00e9vrier 2018) - AGIL&#039;IT\" \/>\n<meta property=\"og:description\" content=\"Le CREDIT MUTUEL est un groupe fran\u00e7ais bien connu dans les domaines de la banque, de l\u2019assurance. La marque collective verbale CREDIT MUTUEL a fait l\u2019objet d\u2019un contentieux engag\u00e9 par la soci\u00e9t\u00e9 CREDIT MUTUEL ARKEA, cr\u00e9\u00e9e en 1960, et qui fait partie du groupe CREDIT MUTUEL. La CONFEDERATION NATIONALE DU CREDIT MUTUEL (CNCM) a elle&hellip;\" \/>\n<meta property=\"og:url\" content=\"https:\/\/www.agilit.law\/propriete-intellectuelle\/la-marque-collective-credit-mutuel-un-enjeu-strategique-ca-paris-27-fevrier-2018\/\" \/>\n<meta property=\"og:site_name\" content=\"AGIL&#039;IT\" \/>\n<meta property=\"article:published_time\" content=\"2018-03-13T11:09:07+00:00\" \/>\n<meta property=\"article:modified_time\" content=\"2021-05-03T09:26:45+00:00\" \/>\n<meta property=\"og:image\" content=\"https:\/\/www.agilit.law\/wp-content\/uploads\/2021\/02\/copyright-39594_1280.png\" \/>\n\t<meta property=\"og:image:width\" content=\"1280\" \/>\n\t<meta property=\"og:image:height\" content=\"1280\" \/>\n\t<meta property=\"og:image:type\" content=\"image\/png\" \/>\n<meta name=\"author\" content=\"J\u00e9r\u00f4me Tassi\" \/>\n<meta name=\"twitter:card\" content=\"summary_large_image\" \/>\n<meta name=\"twitter:label1\" content=\"Written by\" \/>\n\t<meta name=\"twitter:data1\" content=\"J\u00e9r\u00f4me Tassi\" \/>\n\t<meta name=\"twitter:label2\" content=\"Est. reading time\" \/>\n\t<meta name=\"twitter:data2\" content=\"10 minutes\" \/>\n<script type=\"application\/ld+json\" class=\"yoast-schema-graph\">{\"@context\":\"https:\/\/schema.org\",\"@graph\":[{\"@type\":\"WebPage\",\"@id\":\"https:\/\/www.agilit.law\/propriete-intellectuelle\/la-marque-collective-credit-mutuel-un-enjeu-strategique-ca-paris-27-fevrier-2018\/\",\"url\":\"https:\/\/www.agilit.law\/propriete-intellectuelle\/la-marque-collective-credit-mutuel-un-enjeu-strategique-ca-paris-27-fevrier-2018\/\",\"name\":\"La marque collective CREDIT MUTUEL : un enjeu strat\u00e9gique (CA Paris, 27 f\u00e9vrier 2018) - AGIL&#039;IT\",\"isPartOf\":{\"@id\":\"https:\/\/www.agilit.law\/#website\"},\"datePublished\":\"2018-03-13T11:09:07+00:00\",\"dateModified\":\"2021-05-03T09:26:45+00:00\",\"author\":{\"@id\":\"https:\/\/www.agilit.law\/#\/schema\/person\/c654a8c9ed1a8ed86933dd54ae875808\"},\"breadcrumb\":{\"@id\":\"https:\/\/www.agilit.law\/propriete-intellectuelle\/la-marque-collective-credit-mutuel-un-enjeu-strategique-ca-paris-27-fevrier-2018\/#breadcrumb\"},\"inLanguage\":\"en-US\",\"potentialAction\":[{\"@type\":\"ReadAction\",\"target\":[\"https:\/\/www.agilit.law\/propriete-intellectuelle\/la-marque-collective-credit-mutuel-un-enjeu-strategique-ca-paris-27-fevrier-2018\/\"]}]},{\"@type\":\"BreadcrumbList\",\"@id\":\"https:\/\/www.agilit.law\/propriete-intellectuelle\/la-marque-collective-credit-mutuel-un-enjeu-strategique-ca-paris-27-fevrier-2018\/#breadcrumb\",\"itemListElement\":[{\"@type\":\"ListItem\",\"position\":1,\"name\":\"Accueil\",\"item\":\"https:\/\/www.agilit.law\/en\/\"},{\"@type\":\"ListItem\",\"position\":2,\"name\":\"La marque collective CREDIT MUTUEL : un enjeu strat\u00e9gique (CA Paris, 27 f\u00e9vrier 2018)\"}]},{\"@type\":\"WebSite\",\"@id\":\"https:\/\/www.agilit.law\/#website\",\"url\":\"https:\/\/www.agilit.law\/\",\"name\":\"AGIL&#039;IT\",\"description\":\"Make things simple\",\"potentialAction\":[{\"@type\":\"SearchAction\",\"target\":{\"@type\":\"EntryPoint\",\"urlTemplate\":\"https:\/\/www.agilit.law\/?s={search_term_string}\"},\"query-input\":\"required name=search_term_string\"}],\"inLanguage\":\"en-US\"},{\"@type\":\"Person\",\"@id\":\"https:\/\/www.agilit.law\/#\/schema\/person\/c654a8c9ed1a8ed86933dd54ae875808\",\"name\":\"J\u00e9r\u00f4me Tassi\",\"image\":{\"@type\":\"ImageObject\",\"inLanguage\":\"en-US\",\"@id\":\"https:\/\/www.agilit.law\/#\/schema\/person\/image\/580daaa24c9c11120ea503143e45bc5c\",\"url\":\"https:\/\/secure.gravatar.com\/avatar\/63aab17387b2769a150057bc8f8284d0?s=96&d=mm&r=g\",\"contentUrl\":\"https:\/\/secure.gravatar.com\/avatar\/63aab17387b2769a150057bc8f8284d0?s=96&d=mm&r=g\",\"caption\":\"J\u00e9r\u00f4me Tassi\"},\"url\":\"https:\/\/www.agilit.law\/en\/author\/jerome\/\"}]}<\/script>\n<!-- \/ Yoast SEO plugin. -->","yoast_head_json":{"title":"La marque collective CREDIT MUTUEL : un enjeu strat\u00e9gique (CA Paris, 27 f\u00e9vrier 2018) - AGIL&#039;IT","robots":{"index":"index","follow":"follow","max-snippet":"max-snippet:-1","max-image-preview":"max-image-preview:large","max-video-preview":"max-video-preview:-1"},"canonical":"https:\/\/www.agilit.law\/propriete-intellectuelle\/la-marque-collective-credit-mutuel-un-enjeu-strategique-ca-paris-27-fevrier-2018\/","og_locale":"en_US","og_type":"article","og_title":"La marque collective CREDIT MUTUEL : un enjeu strat\u00e9gique (CA Paris, 27 f\u00e9vrier 2018) - AGIL&#039;IT","og_description":"Le CREDIT MUTUEL est un groupe fran\u00e7ais bien connu dans les domaines de la banque, de l\u2019assurance. La marque collective verbale CREDIT MUTUEL a fait l\u2019objet d\u2019un contentieux engag\u00e9 par la soci\u00e9t\u00e9 CREDIT MUTUEL ARKEA, cr\u00e9\u00e9e en 1960, et qui fait partie du groupe CREDIT MUTUEL. La CONFEDERATION NATIONALE DU CREDIT MUTUEL (CNCM) a elle&hellip;","og_url":"https:\/\/www.agilit.law\/propriete-intellectuelle\/la-marque-collective-credit-mutuel-un-enjeu-strategique-ca-paris-27-fevrier-2018\/","og_site_name":"AGIL&#039;IT","article_published_time":"2018-03-13T11:09:07+00:00","article_modified_time":"2021-05-03T09:26:45+00:00","og_image":[{"width":1280,"height":1280,"url":"https:\/\/www.agilit.law\/wp-content\/uploads\/2021\/02\/copyright-39594_1280.png","type":"image\/png"}],"author":"J\u00e9r\u00f4me Tassi","twitter_card":"summary_large_image","twitter_misc":{"Written by":"J\u00e9r\u00f4me Tassi","Est. reading time":"10 minutes"},"schema":{"@context":"https:\/\/schema.org","@graph":[{"@type":"WebPage","@id":"https:\/\/www.agilit.law\/propriete-intellectuelle\/la-marque-collective-credit-mutuel-un-enjeu-strategique-ca-paris-27-fevrier-2018\/","url":"https:\/\/www.agilit.law\/propriete-intellectuelle\/la-marque-collective-credit-mutuel-un-enjeu-strategique-ca-paris-27-fevrier-2018\/","name":"La marque collective CREDIT MUTUEL : un enjeu strat\u00e9gique (CA Paris, 27 f\u00e9vrier 2018) - AGIL&#039;IT","isPartOf":{"@id":"https:\/\/www.agilit.law\/#website"},"datePublished":"2018-03-13T11:09:07+00:00","dateModified":"2021-05-03T09:26:45+00:00","author":{"@id":"https:\/\/www.agilit.law\/#\/schema\/person\/c654a8c9ed1a8ed86933dd54ae875808"},"breadcrumb":{"@id":"https:\/\/www.agilit.law\/propriete-intellectuelle\/la-marque-collective-credit-mutuel-un-enjeu-strategique-ca-paris-27-fevrier-2018\/#breadcrumb"},"inLanguage":"en-US","potentialAction":[{"@type":"ReadAction","target":["https:\/\/www.agilit.law\/propriete-intellectuelle\/la-marque-collective-credit-mutuel-un-enjeu-strategique-ca-paris-27-fevrier-2018\/"]}]},{"@type":"BreadcrumbList","@id":"https:\/\/www.agilit.law\/propriete-intellectuelle\/la-marque-collective-credit-mutuel-un-enjeu-strategique-ca-paris-27-fevrier-2018\/#breadcrumb","itemListElement":[{"@type":"ListItem","position":1,"name":"Accueil","item":"https:\/\/www.agilit.law\/en\/"},{"@type":"ListItem","position":2,"name":"La marque collective CREDIT MUTUEL : un enjeu strat\u00e9gique (CA Paris, 27 f\u00e9vrier 2018)"}]},{"@type":"WebSite","@id":"https:\/\/www.agilit.law\/#website","url":"https:\/\/www.agilit.law\/","name":"AGIL&#039;IT","description":"Make things simple","potentialAction":[{"@type":"SearchAction","target":{"@type":"EntryPoint","urlTemplate":"https:\/\/www.agilit.law\/?s={search_term_string}"},"query-input":"required name=search_term_string"}],"inLanguage":"en-US"},{"@type":"Person","@id":"https:\/\/www.agilit.law\/#\/schema\/person\/c654a8c9ed1a8ed86933dd54ae875808","name":"J\u00e9r\u00f4me Tassi","image":{"@type":"ImageObject","inLanguage":"en-US","@id":"https:\/\/www.agilit.law\/#\/schema\/person\/image\/580daaa24c9c11120ea503143e45bc5c","url":"https:\/\/secure.gravatar.com\/avatar\/63aab17387b2769a150057bc8f8284d0?s=96&d=mm&r=g","contentUrl":"https:\/\/secure.gravatar.com\/avatar\/63aab17387b2769a150057bc8f8284d0?s=96&d=mm&r=g","caption":"J\u00e9r\u00f4me Tassi"},"url":"https:\/\/www.agilit.law\/en\/author\/jerome\/"}]}},"_links":{"self":[{"href":"https:\/\/www.agilit.law\/en\/wp-json\/wp\/v2\/posts\/9546"}],"collection":[{"href":"https:\/\/www.agilit.law\/en\/wp-json\/wp\/v2\/posts"}],"about":[{"href":"https:\/\/www.agilit.law\/en\/wp-json\/wp\/v2\/types\/post"}],"author":[{"embeddable":true,"href":"https:\/\/www.agilit.law\/en\/wp-json\/wp\/v2\/users\/18"}],"replies":[{"embeddable":true,"href":"https:\/\/www.agilit.law\/en\/wp-json\/wp\/v2\/comments?post=9546"}],"version-history":[{"count":1,"href":"https:\/\/www.agilit.law\/en\/wp-json\/wp\/v2\/posts\/9546\/revisions"}],"predecessor-version":[{"id":9547,"href":"https:\/\/www.agilit.law\/en\/wp-json\/wp\/v2\/posts\/9546\/revisions\/9547"}],"wp:featuredmedia":[{"embeddable":true,"href":"https:\/\/www.agilit.law\/en\/wp-json\/wp\/v2\/media\/9178"}],"wp:attachment":[{"href":"https:\/\/www.agilit.law\/en\/wp-json\/wp\/v2\/media?parent=9546"}],"wp:term":[{"taxonomy":"category","embeddable":true,"href":"https:\/\/www.agilit.law\/en\/wp-json\/wp\/v2\/categories?post=9546"},{"taxonomy":"post_tag","embeddable":true,"href":"https:\/\/www.agilit.law\/en\/wp-json\/wp\/v2\/tags?post=9546"},{"taxonomy":"author","embeddable":true,"href":"https:\/\/www.agilit.law\/en\/wp-json\/wp\/v2\/coauthors?post=9546"}],"curies":[{"name":"wp","href":"https:\/\/api.w.org\/{rel}","templated":true}]}}