{"id":9534,"date":"2017-12-19T11:58:09","date_gmt":"2017-12-19T10:58:09","guid":{"rendered":"https:\/\/www.agilit.law\/?p=9534"},"modified":"2021-05-03T11:27:36","modified_gmt":"2021-05-03T09:27:36","slug":"marques-faibles","status":"publish","type":"post","link":"https:\/\/www.agilit.law\/en\/propriete-intellectuelle\/marques-faibles\/","title":{"rendered":"Conf\u00e9rence APRAM sur les marques faibles par J\u00e9r\u00f4me TASSI"},"content":{"rendered":"<p>J\u00e9r\u00f4me TASSI et Benjamin MOUCHE ont pr\u00e9sent\u00e9 la conf\u00e9rence &#8220;Je ne suis pas faible, je suis une marque&#8221; dans le cadre des commissions Marques Nationales et Relations internationales et europ\u00e9ennes de l&#8217;APRAM.<\/p>\n<p>Doit-on (sur)prot\u00e9ger les marques faibles\u00a0? L\u2019occasion de reparler d\u2019imp\u00e9ratif de disponibilit\u00e9 et de risque de confusion, \u00e0 la lumi\u00e8re de la jurisprudence et not. de l\u2019arr\u00eat KOMPRESSOR.<br \/>\nLa pr\u00e9sentation est t\u00e9l\u00e9chargeable ici: <a href=\"http:\/\/www.orisavocats.com\/wp-content\/uploads\/2017\/12\/VDEF-Je-ne-suis-pas-faible-je-suis-une-marque.pptx\">Je ne suis pas faible, je suis une marque<\/a><\/p>\n<p>Dans l&#8217;arr\u00eat <a href=\"http:\/\/curia.europa.eu\/juris\/document\/document.jsf;jsessionid=9ea7d2dc30d64eab7af670a24d4ba976ddb506bc6886.e34KaxiLc3qMb40Rch0SaxyNa3z0?text=&amp;docid=185198&amp;pageIndex=0&amp;doclang=FR&amp;mode=lst&amp;dir=&amp;occ=first&amp;part=1&amp;cid=132363\" target=\"_blank\" rel=\"noopener\">KOMPRESSOR<\/a> (GC CJUE, 8 novembre 2016, C-43-15), la Cour a confirm\u00e9 un risque de confusion entre des marques verbales KOMPRESSOR et la demande de marque semi-figurative COMPRESSOR TECHNOLOGY, les deux marques portant sur des appareils m\u00e9nages comme des aspirateurs.<\/p>\n<p>La raisonnement de la Cour est le suivant:<\/p>\n<ul>\n<li style=\"list-style-type: none;\">\n<ul>\n<li>si <b>le caract\u00e8re distinctif d\u2019une marque ant\u00e9rieure <\/b>doit \u00eatre pris en compte dans le cadre de l\u2019appr\u00e9ciation globale de l\u2019existence d\u2019un RDC, il <b>ne constitue cependant qu\u2019un \u00e9l\u00e9ment parmi d\u2019autres <\/b>intervenant lors de cette appr\u00e9ciation<\/li>\n<\/ul>\n<\/li>\n<\/ul>\n<p>&nbsp;<\/p>\n<ul>\n<li style=\"list-style-type: none;\">\n<ul>\n<li>La validit\u00e9 d\u2019une marque ant\u00e9rieure ne peut pas \u00eatre contest\u00e9e dans le cadre de l\u2019appr\u00e9ciation du RDC. <b>Le d\u00e9fendeur doit engager une proc\u00e9dure de nullit\u00e9<\/b><\/li>\n<\/ul>\n<\/li>\n<\/ul>\n<p>&nbsp;<\/p>\n<ul>\n<li style=\"list-style-type: none;\">\n<ul>\n<li><b>Il ne saurait \u00eatre exclu d\u2019avance et dans toute hypoth\u00e8se que,<\/b> <b>dans le cas o\u00f9 une marque demand\u00e9e reprend avec de l\u00e9g\u00e8res diff\u00e9rences le signe faiblement distinctif d\u2019une marque nationale ant\u00e9rieure<\/b>, les consommateurs puissent supposer que ces diff\u00e9rences entre les signes en conflit refl\u00e8tent une variation dans la nature des produits ou d\u00e9coulent de consid\u00e9rations de marketing sans traduire une origine commerciale diff\u00e9rente et <b>qu\u2019il puisse donc exister un RDC dans l\u2019esprit du public<\/b><\/li>\n<\/ul>\n<\/li>\n<\/ul>\n<p>&nbsp;<\/p>\n","protected":false},"excerpt":{"rendered":"<p>J\u00e9r\u00f4me TASSI et Benjamin MOUCHE ont pr\u00e9sent\u00e9 la conf\u00e9rence &#8220;Je ne suis pas faible, je suis une marque&#8221; dans le cadre des commissions Marques Nationales et Relations internationales et europ\u00e9ennes de l&#8217;APRAM. Doit-on (sur)prot\u00e9ger les marques faibles\u00a0? L\u2019occasion de reparler d\u2019imp\u00e9ratif de disponibilit\u00e9 et de risque de confusion, \u00e0 la lumi\u00e8re de la jurisprudence et&hellip;<\/p>\n","protected":false},"author":18,"featured_media":4790,"comment_status":"closed","ping_status":"closed","sticky":false,"template":"","format":"standard","meta":{"footnotes":""},"categories":[140],"tags":[],"coauthors":[116],"yoast_head":"<!-- This site is optimized with the Yoast SEO plugin v21.3 - https:\/\/yoast.com\/wordpress\/plugins\/seo\/ -->\n<title>Conf\u00e9rence APRAM sur les marques faibles par J\u00e9r\u00f4me TASSI - AGIL&#039;IT<\/title>\n<meta name=\"robots\" content=\"index, follow, max-snippet:-1, max-image-preview:large, max-video-preview:-1\" \/>\n<link rel=\"canonical\" href=\"https:\/\/www.agilit.law\/propriete-intellectuelle\/marques-faibles\/\" \/>\n<meta property=\"og:locale\" content=\"en_US\" \/>\n<meta property=\"og:type\" content=\"article\" \/>\n<meta property=\"og:title\" content=\"Conf\u00e9rence APRAM sur les marques faibles par J\u00e9r\u00f4me TASSI - AGIL&#039;IT\" \/>\n<meta property=\"og:description\" content=\"J\u00e9r\u00f4me TASSI et Benjamin MOUCHE ont pr\u00e9sent\u00e9 la conf\u00e9rence &#8220;Je ne suis pas faible, je suis une marque&#8221; dans le cadre des commissions Marques Nationales et Relations internationales et europ\u00e9ennes de l&#8217;APRAM. Doit-on (sur)prot\u00e9ger les marques faibles\u00a0? L\u2019occasion de reparler d\u2019imp\u00e9ratif de disponibilit\u00e9 et de risque de confusion, \u00e0 la lumi\u00e8re de la jurisprudence et&hellip;\" \/>\n<meta property=\"og:url\" content=\"https:\/\/www.agilit.law\/propriete-intellectuelle\/marques-faibles\/\" \/>\n<meta property=\"og:site_name\" content=\"AGIL&#039;IT\" \/>\n<meta property=\"article:published_time\" content=\"2017-12-19T10:58:09+00:00\" \/>\n<meta property=\"article:modified_time\" content=\"2021-05-03T09:27:36+00:00\" \/>\n<meta property=\"og:image\" content=\"https:\/\/www.agilit.law\/wp-content\/uploads\/2018\/11\/shutterstock_569127763.jpg\" \/>\n\t<meta property=\"og:image:width\" content=\"1000\" \/>\n\t<meta property=\"og:image:height\" content=\"667\" \/>\n\t<meta property=\"og:image:type\" content=\"image\/jpeg\" \/>\n<meta name=\"author\" content=\"J\u00e9r\u00f4me Tassi\" \/>\n<meta name=\"twitter:card\" content=\"summary_large_image\" \/>\n<meta name=\"twitter:label1\" content=\"Written by\" \/>\n\t<meta name=\"twitter:data1\" content=\"J\u00e9r\u00f4me Tassi\" \/>\n\t<meta name=\"twitter:label2\" content=\"Est. reading time\" \/>\n\t<meta name=\"twitter:data2\" content=\"2 minutes\" \/>\n<script type=\"application\/ld+json\" class=\"yoast-schema-graph\">{\"@context\":\"https:\/\/schema.org\",\"@graph\":[{\"@type\":\"WebPage\",\"@id\":\"https:\/\/www.agilit.law\/propriete-intellectuelle\/marques-faibles\/\",\"url\":\"https:\/\/www.agilit.law\/propriete-intellectuelle\/marques-faibles\/\",\"name\":\"Conf\u00e9rence APRAM sur les marques faibles par J\u00e9r\u00f4me TASSI - AGIL&#039;IT\",\"isPartOf\":{\"@id\":\"https:\/\/www.agilit.law\/#website\"},\"datePublished\":\"2017-12-19T10:58:09+00:00\",\"dateModified\":\"2021-05-03T09:27:36+00:00\",\"author\":{\"@id\":\"https:\/\/www.agilit.law\/#\/schema\/person\/c654a8c9ed1a8ed86933dd54ae875808\"},\"breadcrumb\":{\"@id\":\"https:\/\/www.agilit.law\/propriete-intellectuelle\/marques-faibles\/#breadcrumb\"},\"inLanguage\":\"en-US\",\"potentialAction\":[{\"@type\":\"ReadAction\",\"target\":[\"https:\/\/www.agilit.law\/propriete-intellectuelle\/marques-faibles\/\"]}]},{\"@type\":\"BreadcrumbList\",\"@id\":\"https:\/\/www.agilit.law\/propriete-intellectuelle\/marques-faibles\/#breadcrumb\",\"itemListElement\":[{\"@type\":\"ListItem\",\"position\":1,\"name\":\"Accueil\",\"item\":\"https:\/\/www.agilit.law\/en\/\"},{\"@type\":\"ListItem\",\"position\":2,\"name\":\"Conf\u00e9rence APRAM sur les marques faibles par J\u00e9r\u00f4me TASSI\"}]},{\"@type\":\"WebSite\",\"@id\":\"https:\/\/www.agilit.law\/#website\",\"url\":\"https:\/\/www.agilit.law\/\",\"name\":\"AGIL&#039;IT\",\"description\":\"Make things simple\",\"potentialAction\":[{\"@type\":\"SearchAction\",\"target\":{\"@type\":\"EntryPoint\",\"urlTemplate\":\"https:\/\/www.agilit.law\/?s={search_term_string}\"},\"query-input\":\"required name=search_term_string\"}],\"inLanguage\":\"en-US\"},{\"@type\":\"Person\",\"@id\":\"https:\/\/www.agilit.law\/#\/schema\/person\/c654a8c9ed1a8ed86933dd54ae875808\",\"name\":\"J\u00e9r\u00f4me Tassi\",\"image\":{\"@type\":\"ImageObject\",\"inLanguage\":\"en-US\",\"@id\":\"https:\/\/www.agilit.law\/#\/schema\/person\/image\/580daaa24c9c11120ea503143e45bc5c\",\"url\":\"https:\/\/secure.gravatar.com\/avatar\/63aab17387b2769a150057bc8f8284d0?s=96&d=mm&r=g\",\"contentUrl\":\"https:\/\/secure.gravatar.com\/avatar\/63aab17387b2769a150057bc8f8284d0?s=96&d=mm&r=g\",\"caption\":\"J\u00e9r\u00f4me Tassi\"},\"url\":\"https:\/\/www.agilit.law\/en\/author\/jerome\/\"}]}<\/script>\n<!-- \/ Yoast SEO plugin. -->","yoast_head_json":{"title":"Conf\u00e9rence APRAM sur les marques faibles par J\u00e9r\u00f4me TASSI - AGIL&#039;IT","robots":{"index":"index","follow":"follow","max-snippet":"max-snippet:-1","max-image-preview":"max-image-preview:large","max-video-preview":"max-video-preview:-1"},"canonical":"https:\/\/www.agilit.law\/propriete-intellectuelle\/marques-faibles\/","og_locale":"en_US","og_type":"article","og_title":"Conf\u00e9rence APRAM sur les marques faibles par J\u00e9r\u00f4me TASSI - AGIL&#039;IT","og_description":"J\u00e9r\u00f4me TASSI et Benjamin MOUCHE ont pr\u00e9sent\u00e9 la conf\u00e9rence &#8220;Je ne suis pas faible, je suis une marque&#8221; dans le cadre des commissions Marques Nationales et Relations internationales et europ\u00e9ennes de l&#8217;APRAM. Doit-on (sur)prot\u00e9ger les marques faibles\u00a0? L\u2019occasion de reparler d\u2019imp\u00e9ratif de disponibilit\u00e9 et de risque de confusion, \u00e0 la lumi\u00e8re de la jurisprudence et&hellip;","og_url":"https:\/\/www.agilit.law\/propriete-intellectuelle\/marques-faibles\/","og_site_name":"AGIL&#039;IT","article_published_time":"2017-12-19T10:58:09+00:00","article_modified_time":"2021-05-03T09:27:36+00:00","og_image":[{"width":1000,"height":667,"url":"https:\/\/www.agilit.law\/wp-content\/uploads\/2018\/11\/shutterstock_569127763.jpg","type":"image\/jpeg"}],"author":"J\u00e9r\u00f4me Tassi","twitter_card":"summary_large_image","twitter_misc":{"Written by":"J\u00e9r\u00f4me Tassi","Est. reading time":"2 minutes"},"schema":{"@context":"https:\/\/schema.org","@graph":[{"@type":"WebPage","@id":"https:\/\/www.agilit.law\/propriete-intellectuelle\/marques-faibles\/","url":"https:\/\/www.agilit.law\/propriete-intellectuelle\/marques-faibles\/","name":"Conf\u00e9rence APRAM sur les marques faibles par J\u00e9r\u00f4me TASSI - AGIL&#039;IT","isPartOf":{"@id":"https:\/\/www.agilit.law\/#website"},"datePublished":"2017-12-19T10:58:09+00:00","dateModified":"2021-05-03T09:27:36+00:00","author":{"@id":"https:\/\/www.agilit.law\/#\/schema\/person\/c654a8c9ed1a8ed86933dd54ae875808"},"breadcrumb":{"@id":"https:\/\/www.agilit.law\/propriete-intellectuelle\/marques-faibles\/#breadcrumb"},"inLanguage":"en-US","potentialAction":[{"@type":"ReadAction","target":["https:\/\/www.agilit.law\/propriete-intellectuelle\/marques-faibles\/"]}]},{"@type":"BreadcrumbList","@id":"https:\/\/www.agilit.law\/propriete-intellectuelle\/marques-faibles\/#breadcrumb","itemListElement":[{"@type":"ListItem","position":1,"name":"Accueil","item":"https:\/\/www.agilit.law\/en\/"},{"@type":"ListItem","position":2,"name":"Conf\u00e9rence APRAM sur les marques faibles par J\u00e9r\u00f4me TASSI"}]},{"@type":"WebSite","@id":"https:\/\/www.agilit.law\/#website","url":"https:\/\/www.agilit.law\/","name":"AGIL&#039;IT","description":"Make things simple","potentialAction":[{"@type":"SearchAction","target":{"@type":"EntryPoint","urlTemplate":"https:\/\/www.agilit.law\/?s={search_term_string}"},"query-input":"required name=search_term_string"}],"inLanguage":"en-US"},{"@type":"Person","@id":"https:\/\/www.agilit.law\/#\/schema\/person\/c654a8c9ed1a8ed86933dd54ae875808","name":"J\u00e9r\u00f4me Tassi","image":{"@type":"ImageObject","inLanguage":"en-US","@id":"https:\/\/www.agilit.law\/#\/schema\/person\/image\/580daaa24c9c11120ea503143e45bc5c","url":"https:\/\/secure.gravatar.com\/avatar\/63aab17387b2769a150057bc8f8284d0?s=96&d=mm&r=g","contentUrl":"https:\/\/secure.gravatar.com\/avatar\/63aab17387b2769a150057bc8f8284d0?s=96&d=mm&r=g","caption":"J\u00e9r\u00f4me Tassi"},"url":"https:\/\/www.agilit.law\/en\/author\/jerome\/"}]}},"_links":{"self":[{"href":"https:\/\/www.agilit.law\/en\/wp-json\/wp\/v2\/posts\/9534"}],"collection":[{"href":"https:\/\/www.agilit.law\/en\/wp-json\/wp\/v2\/posts"}],"about":[{"href":"https:\/\/www.agilit.law\/en\/wp-json\/wp\/v2\/types\/post"}],"author":[{"embeddable":true,"href":"https:\/\/www.agilit.law\/en\/wp-json\/wp\/v2\/users\/18"}],"replies":[{"embeddable":true,"href":"https:\/\/www.agilit.law\/en\/wp-json\/wp\/v2\/comments?post=9534"}],"version-history":[{"count":3,"href":"https:\/\/www.agilit.law\/en\/wp-json\/wp\/v2\/posts\/9534\/revisions"}],"predecessor-version":[{"id":10102,"href":"https:\/\/www.agilit.law\/en\/wp-json\/wp\/v2\/posts\/9534\/revisions\/10102"}],"wp:featuredmedia":[{"embeddable":true,"href":"https:\/\/www.agilit.law\/en\/wp-json\/wp\/v2\/media\/4790"}],"wp:attachment":[{"href":"https:\/\/www.agilit.law\/en\/wp-json\/wp\/v2\/media?parent=9534"}],"wp:term":[{"taxonomy":"category","embeddable":true,"href":"https:\/\/www.agilit.law\/en\/wp-json\/wp\/v2\/categories?post=9534"},{"taxonomy":"post_tag","embeddable":true,"href":"https:\/\/www.agilit.law\/en\/wp-json\/wp\/v2\/tags?post=9534"},{"taxonomy":"author","embeddable":true,"href":"https:\/\/www.agilit.law\/en\/wp-json\/wp\/v2\/coauthors?post=9534"}],"curies":[{"name":"wp","href":"https:\/\/api.w.org\/{rel}","templated":true}]}}