{"id":9165,"date":"2020-12-13T16:45:33","date_gmt":"2020-12-13T15:45:33","guid":{"rendered":"https:\/\/www.agilit.law\/?p=9165"},"modified":"2021-05-03T11:37:41","modified_gmt":"2021-05-03T09:37:41","slug":"les-decisions-en-propriete-intellectuelle-relevees-par-jerome-tassi-en-septembre-et-octobre-2020","status":"publish","type":"post","link":"https:\/\/www.agilit.law\/en\/propriete-intellectuelle\/les-decisions-en-propriete-intellectuelle-relevees-par-jerome-tassi-en-septembre-et-octobre-2020\/","title":{"rendered":"Les d\u00e9cisions en propri\u00e9t\u00e9 intellectuelle relev\u00e9es par J\u00e9r\u00f4me TASSI en septembre et octobre 2020"},"content":{"rendered":"<p><img decoding=\"async\" loading=\"lazy\" class=\"alignnone wp-image-9166\" src=\"https:\/\/www.agilit.law\/wp-content\/uploads\/2021\/02\/Image-N\u00b05.jpg\" alt=\"\" width=\"346\" height=\"156\" \/><\/p>\n<p><strong>N\u00b0 5\u00a0: une marque renomm\u00e9e pour les parfums mais sans lien avec les lampes (EUIPO, BoA 22 juillet 2020)<\/strong><\/p>\n<p>&nbsp;<\/p>\n<p>Une soci\u00e9t\u00e9 chinoise a d\u00e9pos\u00e9 la demande N\u00b05 pour des lampes. CHANEL forme opposition sur la base de sa marque N\u00b05 sur le fondement de l\u2019article 8.5 du RMUE. Cet article est soumis aux conditions cumulatives suivantes\u00a0: (i) l\u2019identit\u00e9 ou la similitude des marques en conflit\u00a0; (ii) l\u2019existence d\u2019une renomm\u00e9e de la marque ant\u00e9rieure (qui doit \u00eatre enregistr\u00e9e); (iii) l\u2019existence d\u2019un risque que l\u2019usage sans juste motif de la marque demand\u00e9e tire ind\u00fbment profit du caract\u00e8re distinctif ou de la renomm\u00e9e de la marque ant\u00e9rieure ou leur porte pr\u00e9judice.<\/p>\n<p>La renomm\u00e9e de la marque N\u00b05 pour les parfums est logiquement reconnue mais la chambre de recours consid\u00e8re qu\u2019il n\u2019y a aucun lien entre les parfums et les lampes\u00a0: \u00ab\u00a0notwithstanding the earlier mark\u2019s high degree of reputation, the contested goods are so far removed from the opponent\u2019s reputed perfumery products, that the use of the later mark in relation to the contested goods is highly unlikely to bring the earlier marks to the mind of the relevant public. The goods have no relevant element of overlap and are sold in completely different commercial ambits.\u201d.<\/p>\n<p>L\u2019opposition est donc rejet\u00e9e.<\/p>\n<p>&nbsp;<\/p>\n<p><img decoding=\"async\" loading=\"lazy\" class=\"alignnone wp-image-9168\" src=\"https:\/\/www.agilit.law\/wp-content\/uploads\/2021\/02\/stop-alloy-sign-road-sign-street-characters-pole-traffic-marking-150x150.jpg\" alt=\"\" width=\"225\" height=\"225\" srcset=\"https:\/\/www.agilit.law\/wp-content\/uploads\/2021\/02\/stop-alloy-sign-road-sign-street-characters-pole-traffic-marking-150x150.jpg 150w, https:\/\/www.agilit.law\/wp-content\/uploads\/2021\/02\/stop-alloy-sign-road-sign-street-characters-pole-traffic-marking-300x300.jpg 300w, https:\/\/www.agilit.law\/wp-content\/uploads\/2021\/02\/stop-alloy-sign-road-sign-street-characters-pole-traffic-marking-500x500.jpg 500w\" sizes=\"(max-width: 225px) 100vw, 225px\" \/><br \/>\n<strong>Attention \u00e0 la marque d\u00e9pos\u00e9e au nom du dirigeant (CA Rennes, 11 septembre 2020)<\/strong><\/p>\n<p>&nbsp;<\/p>\n<p>En \u00e9cho \u00e0 deux posts r\u00e9cents de Charles Simon, un arr\u00eat de la Cour d\u2019appel de Rennes illustre le risque pour une soci\u00e9t\u00e9 d\u2019utiliser une marque d\u00e9pos\u00e9e par un de ses dirigeants.<\/p>\n<p>&nbsp;<\/p>\n<p>Dans cette affaire, le titulaire d\u2019une marque entre au capital d\u2019une soci\u00e9t\u00e9 et la marque devient la d\u00e9nomination sociale et le nom de domaine de cette soci\u00e9t\u00e9. Aucune licence \u00e9crite n\u2019est r\u00e9gularis\u00e9e, seule une licence tacite \u00e9tait en vigueur.<\/p>\n<p>&nbsp;<\/p>\n<p>Apr\u00e8s avoir \u00e9t\u00e9 licenci\u00e9 de la soci\u00e9t\u00e9, le titulaire agit en contrefa\u00e7on de marque pour faire cesser l\u2019utilisation de sa marque.<\/p>\n<p>&nbsp;<\/p>\n<p>La Cour d\u2019appel consid\u00e8re que le pacte d\u2019actionnaire n\u2019emportait pas cession de la marque \u00e0 d\u00e9faut de termes clairs et la poursuite de l\u2019utilisation de la marque constitue donc une contrefa\u00e7on au-del\u00e0 d\u2019un pr\u00e9avis d\u2019une ann\u00e9e (consid\u00e9r\u00e9 comme raisonnable). La soci\u00e9t\u00e9 est donc condamn\u00e9e \u00e0 verser 80.000 \u20ac \u00e0 ce titre.<\/p>\n<p>&nbsp;<\/p>\n<p>Du point de vue d\u2019une soci\u00e9t\u00e9, il faut donc \u00eatre vigilant dans l\u2019hypoth\u00e8se o\u00f9 la marque exploit\u00e9e appartient \u00e0 un dirigeant. Il faut au minimum pr\u00e9voir une licence avec un pr\u00e9avis assez long pour changer les signes distinctifs utilis\u00e9s par la soci\u00e9t\u00e9.<\/p>\n<p>&nbsp;<\/p>\n<p><img decoding=\"async\" loading=\"lazy\" class=\"alignnone size-thumbnail wp-image-9170\" src=\"https:\/\/www.agilit.law\/wp-content\/uploads\/2021\/02\/Image-CROCS-150x150.png\" alt=\"\" width=\"150\" height=\"150\" srcset=\"https:\/\/www.agilit.law\/wp-content\/uploads\/2021\/02\/Image-CROCS-150x150.png 150w, https:\/\/www.agilit.law\/wp-content\/uploads\/2021\/02\/Image-CROCS-300x300.png 300w, https:\/\/www.agilit.law\/wp-content\/uploads\/2021\/02\/Image-CROCS-500x500.png 500w\" sizes=\"(max-width: 150px) 100vw, 150px\" \/><br \/>\n&nbsp;<\/p>\n<p><strong>Le paroxysme de la copie\u00a0: Ctrl + C, Ctrl + V\u2026 (EUIPO, 17 septembre 2020)<\/strong><\/p>\n<p>&nbsp;<\/p>\n<p>J\u2019\u00e9voque souvent ce ph\u00e9nom\u00e8ne de d\u00e9tournement de la propri\u00e9t\u00e9 intellectuelle selon lequel des soci\u00e9t\u00e9s essaient d\u2019obtenir des titres de propri\u00e9t\u00e9 industrielle en Europe sur des contrefa\u00e7ons grossi\u00e8res (<a href=\"https:\/\/www.orisavocats.com\/propriete-intellectuelle-detournee-recherche-de-protection-contrefacteurs-de-mauvaise-foi\/\">https:\/\/www.orisavocats.com\/propriete-intellectuelle-detournee-recherche-de-protection-contrefacteurs-de-mauvaise-foi\/<\/a> et <a href=\"http:\/\/www.orisavocats.com\/jouets-propriete-intellectuelle-lexemple-fingerlings\/\">http:\/\/www.orisavocats.com\/jouets-propriete-intellectuelle-lexemple-fingerlings\/<\/a>)<br \/>\n&nbsp;<\/p>\n<p>Un d\u00e9posant (slovaque) a pouss\u00e9 la logique jusqu\u2019au bout en d\u00e9posant une reproduction pure et simple d\u2019un dessin et mod\u00e8le enregistr\u00e9 ant\u00e9rieur de CROCS\u2026<br \/>\n&nbsp;<\/p>\n<p>Le mod\u00e8le est \u00e9videmment annul\u00e9 mais la seule sanction encourue par le d\u00e9posant est le remboursement de la taxe d\u2019annulation (remboursement parfois difficile \u00e0 recouvrer en pratique).<br \/>\n&nbsp;<\/p>\n<p>Il est n\u00e9cessaire que les textes soient modifi\u00e9s pour que des sanctions puissent \u00eatre prononc\u00e9es contre ces d\u00e9posants peu scrupuleux qui obligent les titulaires de droit \u00e0 engager r\u00e9guli\u00e8rement des actions en nullit\u00e9.<\/p>\n<p>&nbsp;<\/p>\n<p><img decoding=\"async\" loading=\"lazy\" class=\"alignnone size-thumbnail wp-image-9172\" src=\"https:\/\/www.agilit.law\/wp-content\/uploads\/2021\/02\/newspapers-444449_1920-150x150.jpg\" alt=\"\" width=\"150\" height=\"150\" srcset=\"https:\/\/www.agilit.law\/wp-content\/uploads\/2021\/02\/newspapers-444449_1920-150x150.jpg 150w, https:\/\/www.agilit.law\/wp-content\/uploads\/2021\/02\/newspapers-444449_1920-300x300.jpg 300w, https:\/\/www.agilit.law\/wp-content\/uploads\/2021\/02\/newspapers-444449_1920-500x500.jpg 500w, https:\/\/www.agilit.law\/wp-content\/uploads\/2021\/02\/newspapers-444449_1920-1000x1000.jpg 1000w\" sizes=\"(max-width: 150px) 100vw, 150px\" \/>*<br \/>\n<strong>[Droit d\u2019auteur] Mauvaise nouvelle pour la PQR (CA Paris, 22 sept. 2020)<\/strong><br \/>\n&nbsp;<\/p>\n<p>Dans une affaire o\u00f9 des articles de La voix du nord \u00e9taient reproduits sans autorisation, se posait la question de leur protection par le droit d\u2019auteur.<br \/>\n&nbsp;<\/p>\n<p>La Cour d\u2019appel rejette la protection pour trois articles portant sur des actualit\u00e9s locales\u00a0: \u00ab\u00a0Le recours \u00e0 des effets de style rendant la lecture de l\u2019article attractive pour le lecteur rel\u00e8ve de la technique journalistique, mais n\u2019est pas de nature \u00e0 r\u00e9v\u00e9ler l\u2019expression de la sensibilit\u00e9 de son auteur, rapportant des informations objectives relatives \u00e0 la vie locale dont il n\u2019est ni pr\u00e9tendu ni justifi\u00e9 que leur articulation entre elles serait originale.\u00a0\u00bb ou encore \u00ab\u00a0Les effets stylistiques utilis\u00e9s, s\u2019ils participent \u00e0 donner un certain rythme \u00e0 l\u2019article, empruntent \u00e0 la technique d\u2019\u00e9criture journalistique, et rendent compte d\u2019un fait\u2013soit les r\u00e9sultats d\u2019une \u00e9lection municipale au vu du r\u00e9sultat intervenu dans la commune voisine -, de sorte que le texte de cet article ne r\u00e9v\u00e8le pas une cr\u00e9ation intellectuelle et n\u2019est pas \u00e9ligible \u00e0 la protection du droit d\u2019auteur\u00a0\u00bb.<br \/>\n&nbsp;<\/p>\n<p>La condition d \u2018originalit\u00e9 devient exigeante dans tous les domaines, y compris pour les articles de journaux qui doivent aller au-del\u00e0 du savoir-faire journalistique.<br \/>\n&nbsp;<\/p>\n<p><img decoding=\"async\" loading=\"lazy\" class=\"alignnone wp-image-9174\" src=\"https:\/\/www.agilit.law\/wp-content\/uploads\/2021\/02\/Image-retourne-150x150.png\" alt=\"\" width=\"231\" height=\"231\" srcset=\"https:\/\/www.agilit.law\/wp-content\/uploads\/2021\/02\/Image-retourne-150x150.png 150w, https:\/\/www.agilit.law\/wp-content\/uploads\/2021\/02\/Image-retourne-300x300.png 300w, https:\/\/www.agilit.law\/wp-content\/uploads\/2021\/02\/Image-retourne-500x500.png 500w\" sizes=\"(max-width: 231px) 100vw, 231px\" \/><br \/>\n&nbsp;<\/p>\n<p><strong>Retourn\u00e9 ou ciseaux\u00a0: pas de confusion (EUIPO, BoA, 28 septembre 2020)<\/strong><br \/>\n&nbsp;<\/p>\n<p>Sur la base de marques figuratives repr\u00e9sentant une frappe en ciseaux, PANINI a form\u00e9 opposition contre une marque repr\u00e9sentant un retourn\u00e9, d\u00e9pos\u00e9e par J\u00fcrgen Klinsmann. Les produits et services \u00e9taient identiques en classes 16, 25, 32 et 41.<br \/>\n&nbsp;<\/p>\n<p>La chambre de recours consid\u00e8re qu\u2019il n\u2019y a pas de risque de confusion entre les deux signes, \u00e0 l\u2019inverse de la division d\u2019opposition.<br \/>\n&nbsp;<\/p>\n<p>La d\u00e9cision est int\u00e9ressante car, au fond, la chambre de recours refuse de prot\u00e9ger un concept d\u2019une action de football pour des produits se rapportant \u00e0 ce sport\u00a0: \u00ab\u00a0the average consumer of printed publications or clothing, or even beer, has no reason to believe that all trade marks that show scenes from the sport of football belong to one and the same trader. This, in particular given the widespread practice of companies of all kinds to sponsor or make advertisement in football, or to benefit from the positive image that football and sports in general have in society. The average consumer will see the marks in issue as they are and not from the perspective of whether in the abstract both refer to football or football players.\u201d<br \/>\n&nbsp;<\/p>\n<p><img decoding=\"async\" loading=\"lazy\" class=\"alignnone size-thumbnail wp-image-9176\" src=\"https:\/\/www.agilit.law\/wp-content\/uploads\/2021\/02\/Image-FAI-150x150.jpg\" alt=\"\" width=\"150\" height=\"150\" srcset=\"https:\/\/www.agilit.law\/wp-content\/uploads\/2021\/02\/Image-FAI-150x150.jpg 150w, https:\/\/www.agilit.law\/wp-content\/uploads\/2021\/02\/Image-FAI-300x300.jpg 300w, https:\/\/www.agilit.law\/wp-content\/uploads\/2021\/02\/Image-FAI-500x500.jpg 500w, https:\/\/www.agilit.law\/wp-content\/uploads\/2021\/02\/Image-FAI-1000x1000.jpg 1000w\" sizes=\"(max-width: 150px) 100vw, 150px\" \/><br \/>\n&nbsp;<\/p>\n<p><strong>Contrefa\u00e7on et blocage par les Fournisseurs d\u2019acc\u00e8s \u00e0 Internet (FAI)\u00a0: le co\u00fbt des mesures de blocage est support\u00e9 par les FAI (TJ Paris, r\u00e9f\u00e9r\u00e9, 10 juillet 2020)<\/strong><br \/>\n&nbsp;<\/p>\n<p>Dans une ordonnance du 10 juillet 2020, le juge des r\u00e9f\u00e9r\u00e9s confirme la d\u00e9cision rendue le 8 janvier 2020 en imposant aux principaux fournisseurs d\u2019acc\u00e8s fran\u00e7ais (Orange, Bouygues, SFR et FREE) de mettre en \u0153uvre toutes les mesures n\u00e9cessaires pour emp\u00eacher l\u2019acc\u00e8s un nom de domaine qui constituait une contrefa\u00e7on de droits d\u2019auteur et de marque.<br \/>\n&nbsp;<\/p>\n<p>La d\u00e9cision est int\u00e9ressante sur la question des co\u00fbts de blocage. Dans la d\u00e9cision du 8 janvier, le titulaire de droits s\u2019\u00e9tait engag\u00e9 \u00e0 rembourser les FAI pour ces co\u00fbts. Ici, le juge des r\u00e9f\u00e9r\u00e9s condamne les FAI \u00e0 supporter les co\u00fbts de blocage en transposant, par analogie, la solution adopt\u00e9e par la Cour de cassation pour l\u2019article <a href=\"https:\/\/www.doctrine.fr\/l\/texts\/codes\/LEGITEXT000006069414\/articles\/LEGIARTI000006279244?source=decisionPageLink&amp;origin=UB0DDBCA5AB98C00D5D03\">L.336-2<\/a>\u00a0du code de la propri\u00e9t\u00e9 intellectuelle (Cass. Civ 1<sup>re<\/sup>, 6\u00a0juil\u00a02017, n\u00b0 16-17217, https:\/\/www.legifrance.gouv.fr\/juri\/id\/JURITEXT000035152528?tab_selection=all&amp;searchField=ALL&amp;query=16-17217&amp;page=1&amp;init=true).<br \/>\n&nbsp;<\/p>\n<p>M\u00eame si les FAI ne sont pas responsables des actes de contrefa\u00e7on commis par des tiers, leur r\u00f4le dans la lutte contre la contrefa\u00e7on est renforc\u00e9 par la mise \u00e0 leur charge des co\u00fbts de blocage.<\/p>\n<p>&nbsp;<\/p>\n<p><strong> <img decoding=\"async\" loading=\"lazy\" class=\"alignnone size-thumbnail wp-image-9178\" src=\"https:\/\/www.agilit.law\/wp-content\/uploads\/2021\/02\/copyright-39594_1280-150x150.png\" alt=\"\" width=\"150\" height=\"150\" srcset=\"https:\/\/www.agilit.law\/wp-content\/uploads\/2021\/02\/copyright-39594_1280-150x150.png 150w, https:\/\/www.agilit.law\/wp-content\/uploads\/2021\/02\/copyright-39594_1280-300x300.png 300w, https:\/\/www.agilit.law\/wp-content\/uploads\/2021\/02\/copyright-39594_1280-1024x1024.png 1024w, https:\/\/www.agilit.law\/wp-content\/uploads\/2021\/02\/copyright-39594_1280-768x768.png 768w, https:\/\/www.agilit.law\/wp-content\/uploads\/2021\/02\/copyright-39594_1280-500x500.png 500w, https:\/\/www.agilit.law\/wp-content\/uploads\/2021\/02\/copyright-39594_1280-1000x1000.png 1000w, https:\/\/www.agilit.law\/wp-content\/uploads\/2021\/02\/copyright-39594_1280-600x600.png 600w, https:\/\/www.agilit.law\/wp-content\/uploads\/2021\/02\/copyright-39594_1280.png 1280w\" sizes=\"(max-width: 150px) 100vw, 150px\" \/><\/strong><br \/>\n&nbsp;<\/p>\n<p><strong>Droit d\u2019auteur sur un logo\u00a0: l\u2019impossible originalit\u00e9\u00a0? (TJ Paris, 9 octobre 2020)<\/strong><br \/>\n&nbsp;<\/p>\n<p>S\u2019il est un constat unanimement partag\u00e9 par les professionnels, c\u2019est celui de la grande difficult\u00e9 de prouver l\u2019originalit\u00e9 en droit d\u2019auteur depuis quelques ann\u00e9es.<br \/>\n&nbsp;<\/p>\n<p>Un jugement r\u00e9cent illustre cette tendance concernant un logo.<br \/>\n&nbsp;<\/p>\n<p>Le Tribunal examine les \u00e9l\u00e9ments revendiqu\u00e9s au titre de l\u2019originalit\u00e9 mais aucun ne trouve gr\u00e2ce \u00e0 ses yeux, par exemple\u00a0:<br \/>\n&nbsp;<\/p>\n<ul>\n<li>La position du slogan\u00a0qui \u00ab<em>traduit une ma\u00eetrise professionnelle de l\u2019outil de communication, mais ne peut suffire \u00e0 r\u00e9v\u00e9ler une empreinte personnelle\u00a0<\/em>\u00bb<\/li>\n<li>Les \u00e9l\u00e9ments de la charte graphique qui \u00ab\u00a0<em>sont d\u2019une qualit\u00e9 esth\u00e9tique destin\u00e9es \u00e0 servir efficacement le message \u00e0 transmettre, mais ne portent pas l\u2019empreinte de la personnalit\u00e9 d\u2019un auteur<\/em>\u00bb<\/li>\n<\/ul>\n<p>&nbsp;<\/p>\n<p>Pour conclure, le Tribunal donne presque l\u2019impression de s\u2019excuser en niant l\u2019originalit\u00e9 de l\u2019\u0153uvre\u00a0: \u00ab\u00a0<em>nonobstant la qualit\u00e9 et l\u2019efficacit\u00e9 de son travail de conception, et le fait qu\u2019il se distingue par une combinaison d\u2019\u00e9l\u00e9ments visuels et intellectuellement suggestifs qui se renfor\u00e7ent mutuellement, la soci\u00e9t\u00e9 BUG ne d\u00e9montre pas l\u2019originalit\u00e9 des caract\u00e9ristiques qu\u2019elle invoque<\/em>.\u00a0\u00bb<\/p>\n<p>&nbsp;<\/p>\n<p>&nbsp;<\/p>\n<p>&nbsp;<\/p>\n","protected":false},"excerpt":{"rendered":"<p>N\u00b0 5\u00a0: une marque renomm\u00e9e pour les parfums mais sans lien avec les lampes (EUIPO, BoA 22 juillet 2020) &nbsp; Une soci\u00e9t\u00e9 chinoise a d\u00e9pos\u00e9 la demande N\u00b05 pour des lampes. CHANEL forme opposition sur la base de sa marque N\u00b05 sur le fondement de l\u2019article 8.5 du RMUE. Cet article est soumis aux conditions&hellip;<\/p>\n","protected":false},"author":18,"featured_media":8782,"comment_status":"closed","ping_status":"closed","sticky":false,"template":"","format":"standard","meta":{"footnotes":""},"categories":[140],"tags":[],"coauthors":[116],"yoast_head":"<!-- This site is optimized with the Yoast SEO plugin v21.3 - https:\/\/yoast.com\/wordpress\/plugins\/seo\/ -->\n<title>Les d\u00e9cisions en propri\u00e9t\u00e9 intellectuelle relev\u00e9es par J\u00e9r\u00f4me TASSI en septembre et octobre 2020 - AGIL&#039;IT<\/title>\n<meta name=\"description\" content=\"Les d\u00e9cisions en propri\u00e9t\u00e9 intellectuelle relev\u00e9es par J\u00e9r\u00f4me TASSI en septembre et octobre 2020 (marques, droit d&#039;auteur, Internet)\" \/>\n<meta name=\"robots\" content=\"index, follow, max-snippet:-1, max-image-preview:large, max-video-preview:-1\" \/>\n<link rel=\"canonical\" href=\"https:\/\/www.agilit.law\/propriete-intellectuelle\/les-decisions-en-propriete-intellectuelle-relevees-par-jerome-tassi-en-septembre-et-octobre-2020\/\" \/>\n<meta property=\"og:locale\" content=\"en_US\" \/>\n<meta property=\"og:type\" content=\"article\" \/>\n<meta property=\"og:title\" content=\"Les d\u00e9cisions en propri\u00e9t\u00e9 intellectuelle relev\u00e9es par J\u00e9r\u00f4me TASSI en septembre et octobre 2020 - AGIL&#039;IT\" \/>\n<meta property=\"og:description\" content=\"Les d\u00e9cisions en propri\u00e9t\u00e9 intellectuelle relev\u00e9es par J\u00e9r\u00f4me TASSI en septembre et octobre 2020 (marques, droit d&#039;auteur, Internet)\" \/>\n<meta property=\"og:url\" content=\"https:\/\/www.agilit.law\/propriete-intellectuelle\/les-decisions-en-propriete-intellectuelle-relevees-par-jerome-tassi-en-septembre-et-octobre-2020\/\" \/>\n<meta property=\"og:site_name\" content=\"AGIL&#039;IT\" \/>\n<meta property=\"article:published_time\" content=\"2020-12-13T15:45:33+00:00\" \/>\n<meta property=\"article:modified_time\" content=\"2021-05-03T09:37:41+00:00\" \/>\n<meta property=\"og:image\" content=\"https:\/\/www.agilit.law\/wp-content\/uploads\/2021\/01\/propriete-intellectuelle.jpg\" \/>\n\t<meta property=\"og:image:width\" content=\"600\" \/>\n\t<meta property=\"og:image:height\" content=\"500\" \/>\n\t<meta property=\"og:image:type\" content=\"image\/jpeg\" \/>\n<meta name=\"author\" content=\"J\u00e9r\u00f4me Tassi\" \/>\n<meta name=\"twitter:card\" content=\"summary_large_image\" \/>\n<meta name=\"twitter:label1\" content=\"Written by\" \/>\n\t<meta name=\"twitter:data1\" content=\"J\u00e9r\u00f4me Tassi\" \/>\n\t<meta name=\"twitter:label2\" content=\"Est. reading time\" \/>\n\t<meta name=\"twitter:data2\" content=\"8 minutes\" \/>\n<script type=\"application\/ld+json\" class=\"yoast-schema-graph\">{\"@context\":\"https:\/\/schema.org\",\"@graph\":[{\"@type\":\"WebPage\",\"@id\":\"https:\/\/www.agilit.law\/propriete-intellectuelle\/les-decisions-en-propriete-intellectuelle-relevees-par-jerome-tassi-en-septembre-et-octobre-2020\/\",\"url\":\"https:\/\/www.agilit.law\/propriete-intellectuelle\/les-decisions-en-propriete-intellectuelle-relevees-par-jerome-tassi-en-septembre-et-octobre-2020\/\",\"name\":\"Les d\u00e9cisions en propri\u00e9t\u00e9 intellectuelle relev\u00e9es par J\u00e9r\u00f4me TASSI en septembre et octobre 2020 - AGIL&#039;IT\",\"isPartOf\":{\"@id\":\"https:\/\/www.agilit.law\/#website\"},\"datePublished\":\"2020-12-13T15:45:33+00:00\",\"dateModified\":\"2021-05-03T09:37:41+00:00\",\"author\":{\"@id\":\"https:\/\/www.agilit.law\/#\/schema\/person\/c654a8c9ed1a8ed86933dd54ae875808\"},\"description\":\"Les d\u00e9cisions en propri\u00e9t\u00e9 intellectuelle relev\u00e9es par J\u00e9r\u00f4me TASSI en septembre et octobre 2020 (marques, droit d'auteur, Internet)\",\"breadcrumb\":{\"@id\":\"https:\/\/www.agilit.law\/propriete-intellectuelle\/les-decisions-en-propriete-intellectuelle-relevees-par-jerome-tassi-en-septembre-et-octobre-2020\/#breadcrumb\"},\"inLanguage\":\"en-US\",\"potentialAction\":[{\"@type\":\"ReadAction\",\"target\":[\"https:\/\/www.agilit.law\/propriete-intellectuelle\/les-decisions-en-propriete-intellectuelle-relevees-par-jerome-tassi-en-septembre-et-octobre-2020\/\"]}]},{\"@type\":\"BreadcrumbList\",\"@id\":\"https:\/\/www.agilit.law\/propriete-intellectuelle\/les-decisions-en-propriete-intellectuelle-relevees-par-jerome-tassi-en-septembre-et-octobre-2020\/#breadcrumb\",\"itemListElement\":[{\"@type\":\"ListItem\",\"position\":1,\"name\":\"Accueil\",\"item\":\"https:\/\/www.agilit.law\/en\/\"},{\"@type\":\"ListItem\",\"position\":2,\"name\":\"Les d\u00e9cisions en propri\u00e9t\u00e9 intellectuelle relev\u00e9es par J\u00e9r\u00f4me TASSI en septembre et octobre 2020\"}]},{\"@type\":\"WebSite\",\"@id\":\"https:\/\/www.agilit.law\/#website\",\"url\":\"https:\/\/www.agilit.law\/\",\"name\":\"AGIL&#039;IT\",\"description\":\"Make things simple\",\"potentialAction\":[{\"@type\":\"SearchAction\",\"target\":{\"@type\":\"EntryPoint\",\"urlTemplate\":\"https:\/\/www.agilit.law\/?s={search_term_string}\"},\"query-input\":\"required name=search_term_string\"}],\"inLanguage\":\"en-US\"},{\"@type\":\"Person\",\"@id\":\"https:\/\/www.agilit.law\/#\/schema\/person\/c654a8c9ed1a8ed86933dd54ae875808\",\"name\":\"J\u00e9r\u00f4me Tassi\",\"image\":{\"@type\":\"ImageObject\",\"inLanguage\":\"en-US\",\"@id\":\"https:\/\/www.agilit.law\/#\/schema\/person\/image\/580daaa24c9c11120ea503143e45bc5c\",\"url\":\"https:\/\/secure.gravatar.com\/avatar\/63aab17387b2769a150057bc8f8284d0?s=96&d=mm&r=g\",\"contentUrl\":\"https:\/\/secure.gravatar.com\/avatar\/63aab17387b2769a150057bc8f8284d0?s=96&d=mm&r=g\",\"caption\":\"J\u00e9r\u00f4me Tassi\"},\"url\":\"https:\/\/www.agilit.law\/en\/author\/jerome\/\"}]}<\/script>\n<!-- \/ Yoast SEO plugin. -->","yoast_head_json":{"title":"Les d\u00e9cisions en propri\u00e9t\u00e9 intellectuelle relev\u00e9es par J\u00e9r\u00f4me TASSI en septembre et octobre 2020 - AGIL&#039;IT","description":"Les d\u00e9cisions en propri\u00e9t\u00e9 intellectuelle relev\u00e9es par J\u00e9r\u00f4me TASSI en septembre et octobre 2020 (marques, droit d'auteur, Internet)","robots":{"index":"index","follow":"follow","max-snippet":"max-snippet:-1","max-image-preview":"max-image-preview:large","max-video-preview":"max-video-preview:-1"},"canonical":"https:\/\/www.agilit.law\/propriete-intellectuelle\/les-decisions-en-propriete-intellectuelle-relevees-par-jerome-tassi-en-septembre-et-octobre-2020\/","og_locale":"en_US","og_type":"article","og_title":"Les d\u00e9cisions en propri\u00e9t\u00e9 intellectuelle relev\u00e9es par J\u00e9r\u00f4me TASSI en septembre et octobre 2020 - AGIL&#039;IT","og_description":"Les d\u00e9cisions en propri\u00e9t\u00e9 intellectuelle relev\u00e9es par J\u00e9r\u00f4me TASSI en septembre et octobre 2020 (marques, droit d'auteur, Internet)","og_url":"https:\/\/www.agilit.law\/propriete-intellectuelle\/les-decisions-en-propriete-intellectuelle-relevees-par-jerome-tassi-en-septembre-et-octobre-2020\/","og_site_name":"AGIL&#039;IT","article_published_time":"2020-12-13T15:45:33+00:00","article_modified_time":"2021-05-03T09:37:41+00:00","og_image":[{"width":600,"height":500,"url":"https:\/\/www.agilit.law\/wp-content\/uploads\/2021\/01\/propriete-intellectuelle.jpg","type":"image\/jpeg"}],"author":"J\u00e9r\u00f4me Tassi","twitter_card":"summary_large_image","twitter_misc":{"Written by":"J\u00e9r\u00f4me Tassi","Est. reading time":"8 minutes"},"schema":{"@context":"https:\/\/schema.org","@graph":[{"@type":"WebPage","@id":"https:\/\/www.agilit.law\/propriete-intellectuelle\/les-decisions-en-propriete-intellectuelle-relevees-par-jerome-tassi-en-septembre-et-octobre-2020\/","url":"https:\/\/www.agilit.law\/propriete-intellectuelle\/les-decisions-en-propriete-intellectuelle-relevees-par-jerome-tassi-en-septembre-et-octobre-2020\/","name":"Les d\u00e9cisions en propri\u00e9t\u00e9 intellectuelle relev\u00e9es par J\u00e9r\u00f4me TASSI en septembre et octobre 2020 - AGIL&#039;IT","isPartOf":{"@id":"https:\/\/www.agilit.law\/#website"},"datePublished":"2020-12-13T15:45:33+00:00","dateModified":"2021-05-03T09:37:41+00:00","author":{"@id":"https:\/\/www.agilit.law\/#\/schema\/person\/c654a8c9ed1a8ed86933dd54ae875808"},"description":"Les d\u00e9cisions en propri\u00e9t\u00e9 intellectuelle relev\u00e9es par J\u00e9r\u00f4me TASSI en septembre et octobre 2020 (marques, droit d'auteur, Internet)","breadcrumb":{"@id":"https:\/\/www.agilit.law\/propriete-intellectuelle\/les-decisions-en-propriete-intellectuelle-relevees-par-jerome-tassi-en-septembre-et-octobre-2020\/#breadcrumb"},"inLanguage":"en-US","potentialAction":[{"@type":"ReadAction","target":["https:\/\/www.agilit.law\/propriete-intellectuelle\/les-decisions-en-propriete-intellectuelle-relevees-par-jerome-tassi-en-septembre-et-octobre-2020\/"]}]},{"@type":"BreadcrumbList","@id":"https:\/\/www.agilit.law\/propriete-intellectuelle\/les-decisions-en-propriete-intellectuelle-relevees-par-jerome-tassi-en-septembre-et-octobre-2020\/#breadcrumb","itemListElement":[{"@type":"ListItem","position":1,"name":"Accueil","item":"https:\/\/www.agilit.law\/en\/"},{"@type":"ListItem","position":2,"name":"Les d\u00e9cisions en propri\u00e9t\u00e9 intellectuelle relev\u00e9es par J\u00e9r\u00f4me TASSI en septembre et octobre 2020"}]},{"@type":"WebSite","@id":"https:\/\/www.agilit.law\/#website","url":"https:\/\/www.agilit.law\/","name":"AGIL&#039;IT","description":"Make things simple","potentialAction":[{"@type":"SearchAction","target":{"@type":"EntryPoint","urlTemplate":"https:\/\/www.agilit.law\/?s={search_term_string}"},"query-input":"required name=search_term_string"}],"inLanguage":"en-US"},{"@type":"Person","@id":"https:\/\/www.agilit.law\/#\/schema\/person\/c654a8c9ed1a8ed86933dd54ae875808","name":"J\u00e9r\u00f4me Tassi","image":{"@type":"ImageObject","inLanguage":"en-US","@id":"https:\/\/www.agilit.law\/#\/schema\/person\/image\/580daaa24c9c11120ea503143e45bc5c","url":"https:\/\/secure.gravatar.com\/avatar\/63aab17387b2769a150057bc8f8284d0?s=96&d=mm&r=g","contentUrl":"https:\/\/secure.gravatar.com\/avatar\/63aab17387b2769a150057bc8f8284d0?s=96&d=mm&r=g","caption":"J\u00e9r\u00f4me Tassi"},"url":"https:\/\/www.agilit.law\/en\/author\/jerome\/"}]}},"_links":{"self":[{"href":"https:\/\/www.agilit.law\/en\/wp-json\/wp\/v2\/posts\/9165"}],"collection":[{"href":"https:\/\/www.agilit.law\/en\/wp-json\/wp\/v2\/posts"}],"about":[{"href":"https:\/\/www.agilit.law\/en\/wp-json\/wp\/v2\/types\/post"}],"author":[{"embeddable":true,"href":"https:\/\/www.agilit.law\/en\/wp-json\/wp\/v2\/users\/18"}],"replies":[{"embeddable":true,"href":"https:\/\/www.agilit.law\/en\/wp-json\/wp\/v2\/comments?post=9165"}],"version-history":[{"count":6,"href":"https:\/\/www.agilit.law\/en\/wp-json\/wp\/v2\/posts\/9165\/revisions"}],"predecessor-version":[{"id":10118,"href":"https:\/\/www.agilit.law\/en\/wp-json\/wp\/v2\/posts\/9165\/revisions\/10118"}],"wp:featuredmedia":[{"embeddable":true,"href":"https:\/\/www.agilit.law\/en\/wp-json\/wp\/v2\/media\/8782"}],"wp:attachment":[{"href":"https:\/\/www.agilit.law\/en\/wp-json\/wp\/v2\/media?parent=9165"}],"wp:term":[{"taxonomy":"category","embeddable":true,"href":"https:\/\/www.agilit.law\/en\/wp-json\/wp\/v2\/categories?post=9165"},{"taxonomy":"post_tag","embeddable":true,"href":"https:\/\/www.agilit.law\/en\/wp-json\/wp\/v2\/tags?post=9165"},{"taxonomy":"author","embeddable":true,"href":"https:\/\/www.agilit.law\/en\/wp-json\/wp\/v2\/coauthors?post=9165"}],"curies":[{"name":"wp","href":"https:\/\/api.w.org\/{rel}","templated":true}]}}