{"id":9020,"date":"2021-02-05T10:11:28","date_gmt":"2021-02-05T09:11:28","guid":{"rendered":"https:\/\/www.agilit.law\/?p=9020"},"modified":"2021-10-27T00:17:06","modified_gmt":"2021-10-26T22:17:06","slug":"sylvie-jonas-notre-associee-pole-it-cybercriminalite-interviewee-par-rtl-sur-la-prevention-des-violences-en-ligne","status":"publish","type":"post","link":"https:\/\/www.agilit.law\/en\/droit-technologie-et-informations-donnees-personnelles\/sylvie-jonas-notre-associee-pole-it-cybercriminalite-interviewee-par-rtl-sur-la-prevention-des-violences-en-ligne\/","title":{"rendered":"Sylvie JONAS, notre associ\u00e9e (p\u00f4le IT &#038; Cybercriminalit\u00e9) interview\u00e9e par RTL sur la pr\u00e9vention des violences en ligne"},"content":{"rendered":"<p>Sylvie JONAS, notre associ\u00e9e (p\u00f4le IT &amp; Cybercriminalit\u00e9) a \u00e9t\u00e9 interview\u00e9e par<img decoding=\"async\" loading=\"lazy\" class=\"alignnone size-full wp-image-9021\" src=\"https:\/\/www.agilit.law\/wp-content\/uploads\/2021\/02\/Logo-RTL.png\" alt=\"\" width=\"41\" height=\"19\" \/>\u00a0le 3 f\u00e9vrier 2021 sur la pr\u00e9vention des violences en ligne. L\u2019article est accessible sur RTL.FR\u00a0: <a href=\"https:\/\/www.rtl.fr\/actu\/debats-societe\/explosion-des-violences-en-ligne-que-faire-pour-proteger-les-enfants-7800964340\" target=\"_blank\" rel=\"noopener\">\u00ab\u00a0<strong>Cyberharc\u00e8lement\u00a0&#8211; Explosion des violences en ligne\u00a0: que faire pour prot\u00e9ger les enfants\u00a0?<\/strong>\u00a0\u00bb<\/a> (3 f\u00e9vrier 2021)<\/p>\n<p>&nbsp;<\/p>\n<p><em><u>En synth\u00e8se :<\/u><\/em><\/p>\n<p>La m\u00eame d\u00e9marche que celle pr\u00e9conis\u00e9e aux entreprises pour lutter contre la cybermalveillance peut \u00eatre envisag\u00e9e\u00a0: <strong>SENSIBILIATION &#8211; INFORMATION &#8211; FORMATION<\/strong>. Il suffit simplement d\u2019adapter le contenu aux enfants. Pour ce qui concerne le <em>Revenge porn <\/em>(ou pornodivulgation), rappelons aux jeunes la violence des images qui pourraient \u00eatre diffus\u00e9es sans le consentement de la personne photographi\u00e9e ou film\u00e9e. Aussi, si leur image devait \u00eatre capt\u00e9e, il est important que ce soit <em>a minima<\/em> sans signe distinctif : pas de visage, de cicatrice, de t\u00e2ches de naissance caract\u00e9ristiques \u2026<\/p>\n<p>&nbsp;<\/p>\n<p>Par ailleurs, un rappel de la loi est toujours le bienvenu. De fa\u00e7on tr\u00e8s sch\u00e9matique, les peines p\u00e9nales encourues\u00a0pour des faits de harc\u00e8lement, sont\u00a0:<\/p>\n<p>&nbsp;<\/p>\n<ul>\n<li style=\"list-style-type: none;\">\n<ul>\n<li><strong>Harc\u00e8lement <\/strong>(qui comprend depuis la loi du 3 ao\u00fbt 2018 le harc\u00e8lement de groupe caract\u00e9ris\u00e9 lorsque plusieurs personnes s\u2019en prennent \u00e0 une seule et m\u00eame victime de fa\u00e7on concert\u00e9e ou en sachant que leurs comportements constituent une r\u00e9p\u00e9tition \u2013 m\u00eame si chacun n\u2019a agi qu\u2019une seule fois) : 1 an d\u2019emprisonnement et 15\u00a0000 euros d\u2019amende\u00a0;<\/li>\n<\/ul>\n<\/li>\n<\/ul>\n<p>&nbsp;<\/p>\n<ul>\n<li style=\"list-style-type: none;\">\n<ul>\n<li><strong>Peines aggrav\u00e9es <\/strong>et port\u00e9es \u00e0 2 ans d\u2019emprisonnement et 30\u00a0000 euros d\u2019amende, lorsque les faits de harc\u00e8lement sont commis notamment\u00a0:\n<ul>\n<li><strong>sur un mineur de moins de 15 ans ;<\/strong><\/li>\n<li>sur une personne vuln\u00e9rable (\u00e2ge, maladie, infirmit\u00e9 \u2026)\u00a0;<\/li>\n<li><strong>par l\u2019utilisation d\u2019un service de communication au public en ligne ou par le biais d\u2019un support num\u00e9rique ou \u00e9lectronique (cela couvre les r\u00e9seaux sociaux notamment)\u00a0;<\/strong><\/li>\n<li>lorsqu\u2019un mineur \u00e9tait pr\u00e9sent et a assist\u00e9 aux faits.<\/li>\n<\/ul>\n<\/li>\n<\/ul>\n<\/li>\n<\/ul>\n<p>&nbsp;<\/p>\n<ul>\n<li style=\"list-style-type: none;\">\n<ul>\n<li>Peines aggrav\u00e9es et port\u00e9es \u00e0 3 ans d\u2019emprisonnement et 45\u00a0000 euros d\u2019amende si deux des circonstances vis\u00e9es ci-dessus sont remplies (par exemple faits commis sur une personne vuln\u00e9rable via un r\u00e9seau social).<\/li>\n<\/ul>\n<\/li>\n<\/ul>\n<p>&nbsp;<\/p>\n<p>L\u2019article est accessible en cliquant sur le lien ci-dessous :<\/p>\n<p><a href=\"https:\/\/www.rtl.fr\/actu\/debats-societe\/explosion-des-violences-en-ligne-que-faire-pour-proteger-les-enfants-7800964340\" target=\"_blank\" rel=\"noopener\">https:\/\/www.rtl.fr\/actu\/debats-societe\/explosion-des-violences-en-ligne-que-faire-pour-proteger-les-enfants-7800964340<\/a><\/p>\n<p>&nbsp;<\/p>\n<p>Par\u00a0<a href=\"https:\/\/www.agilit.law\/\" target=\"_blank\" rel=\"noopener\">AGIL\u2019IT<\/a>\u00a0\u2013 P\u00f4le\u00a0<a href=\"https:\/\/www.agilit.law\/expertises\/technologies-de-linformation-donnees-personnelles\/\" target=\"_blank\" rel=\"noopener\">IT<\/a>,\u00a0<a href=\"https:\/\/www.agilit.law\/expertises\/telecommunications\/\" target=\"_blank\" rel=\"noopener\">T\u00e9l\u00e9coms<\/a>\u00a0&amp;<a href=\"https:\/\/www.agilit.law\/expertises\/donnees-a-caractere-personnel\/\" target=\"_blank\" rel=\"noopener\">\u00a0Data protection<\/a><\/p>\n<p><a href=\"https:\/\/www.agilit.law\/cabinet\/equipe\/sylvie-jonas\/\" target=\"_blank\" rel=\"noopener\">Sylvie JONAS<\/a>, Avocate associ\u00e9e<\/p>\n<p>&nbsp;<\/p>\n<p>&nbsp;<\/p>\n","protected":false},"excerpt":{"rendered":"<p>Sylvie JONAS, notre associ\u00e9e (p\u00f4le IT &amp; Cybercriminalit\u00e9) a \u00e9t\u00e9 interview\u00e9e par\u00a0le 3 f\u00e9vrier 2021 sur la pr\u00e9vention des violences en ligne. L\u2019article est accessible sur RTL.FR\u00a0: \u00ab\u00a0Cyberharc\u00e8lement\u00a0&#8211; Explosion des violences en ligne\u00a0: que faire pour prot\u00e9ger les enfants\u00a0?\u00a0\u00bb (3 f\u00e9vrier 2021) &nbsp; En synth\u00e8se : La m\u00eame d\u00e9marche que celle pr\u00e9conis\u00e9e aux entreprises pour&hellip;<\/p>\n","protected":false},"author":13,"featured_media":9023,"comment_status":"closed","ping_status":"closed","sticky":false,"template":"","format":"standard","meta":{"footnotes":""},"categories":[147,73],"tags":[],"coauthors":[99],"yoast_head":"<!-- This site is optimized with the Yoast SEO plugin v21.3 - https:\/\/yoast.com\/wordpress\/plugins\/seo\/ -->\n<title>Sylvie JONAS, notre associ\u00e9e (p\u00f4le IT &amp; Cybercriminalit\u00e9) interview\u00e9e par RTL sur la pr\u00e9vention des violences en ligne - AGIL&#039;IT<\/title>\n<meta name=\"robots\" content=\"index, follow, max-snippet:-1, max-image-preview:large, max-video-preview:-1\" \/>\n<link rel=\"canonical\" href=\"https:\/\/www.agilit.law\/en\/droit-technologie-et-informations-donnees-personnelles\/sylvie-jonas-notre-associee-pole-it-cybercriminalite-interviewee-par-rtl-sur-la-prevention-des-violences-en-ligne\/\" \/>\n<meta property=\"og:locale\" content=\"en_US\" \/>\n<meta property=\"og:type\" content=\"article\" \/>\n<meta property=\"og:title\" content=\"Sylvie JONAS, notre associ\u00e9e (p\u00f4le IT &amp; Cybercriminalit\u00e9) interview\u00e9e par RTL sur la pr\u00e9vention des violences en ligne - AGIL&#039;IT\" \/>\n<meta property=\"og:description\" content=\"Sylvie JONAS, notre associ\u00e9e (p\u00f4le IT &amp; Cybercriminalit\u00e9) a \u00e9t\u00e9 interview\u00e9e par\u00a0le 3 f\u00e9vrier 2021 sur la pr\u00e9vention des violences en ligne. L\u2019article est accessible sur RTL.FR\u00a0: \u00ab\u00a0Cyberharc\u00e8lement\u00a0&#8211; Explosion des violences en ligne\u00a0: que faire pour prot\u00e9ger les enfants\u00a0?\u00a0\u00bb (3 f\u00e9vrier 2021) &nbsp; En synth\u00e8se : La m\u00eame d\u00e9marche que celle pr\u00e9conis\u00e9e aux entreprises pour&hellip;\" \/>\n<meta property=\"og:url\" content=\"https:\/\/www.agilit.law\/en\/droit-technologie-et-informations-donnees-personnelles\/sylvie-jonas-notre-associee-pole-it-cybercriminalite-interviewee-par-rtl-sur-la-prevention-des-violences-en-ligne\/\" \/>\n<meta property=\"og:site_name\" content=\"AGIL&#039;IT\" \/>\n<meta property=\"article:published_time\" content=\"2021-02-05T09:11:28+00:00\" \/>\n<meta property=\"article:modified_time\" content=\"2021-10-26T22:17:06+00:00\" \/>\n<meta property=\"og:image\" content=\"https:\/\/www.agilit.law\/wp-content\/uploads\/2021\/02\/Image-illustration-article-RTL.jpg\" \/>\n\t<meta property=\"og:image:width\" content=\"1386\" \/>\n\t<meta property=\"og:image:height\" content=\"751\" \/>\n\t<meta property=\"og:image:type\" content=\"image\/jpeg\" \/>\n<meta name=\"author\" content=\"Sylvie JONAS\" \/>\n<meta name=\"twitter:card\" content=\"summary_large_image\" \/>\n<meta name=\"twitter:label1\" content=\"Written by\" \/>\n\t<meta name=\"twitter:data1\" content=\"Sylvie JONAS\" \/>\n\t<meta name=\"twitter:label2\" content=\"Est. reading time\" \/>\n\t<meta name=\"twitter:data2\" content=\"2 minutes\" \/>\n<script type=\"application\/ld+json\" class=\"yoast-schema-graph\">{\"@context\":\"https:\/\/schema.org\",\"@graph\":[{\"@type\":\"WebPage\",\"@id\":\"https:\/\/www.agilit.law\/en\/droit-technologie-et-informations-donnees-personnelles\/sylvie-jonas-notre-associee-pole-it-cybercriminalite-interviewee-par-rtl-sur-la-prevention-des-violences-en-ligne\/\",\"url\":\"https:\/\/www.agilit.law\/en\/droit-technologie-et-informations-donnees-personnelles\/sylvie-jonas-notre-associee-pole-it-cybercriminalite-interviewee-par-rtl-sur-la-prevention-des-violences-en-ligne\/\",\"name\":\"Sylvie JONAS, notre associ\u00e9e (p\u00f4le IT & Cybercriminalit\u00e9) interview\u00e9e par RTL sur la pr\u00e9vention des violences en ligne - AGIL&#039;IT\",\"isPartOf\":{\"@id\":\"https:\/\/www.agilit.law\/#website\"},\"datePublished\":\"2021-02-05T09:11:28+00:00\",\"dateModified\":\"2021-10-26T22:17:06+00:00\",\"author\":{\"@id\":\"https:\/\/www.agilit.law\/#\/schema\/person\/3c2aff137e0c93d643fa9ea0a0036f9c\"},\"breadcrumb\":{\"@id\":\"https:\/\/www.agilit.law\/en\/droit-technologie-et-informations-donnees-personnelles\/sylvie-jonas-notre-associee-pole-it-cybercriminalite-interviewee-par-rtl-sur-la-prevention-des-violences-en-ligne\/#breadcrumb\"},\"inLanguage\":\"en-US\",\"potentialAction\":[{\"@type\":\"ReadAction\",\"target\":[\"https:\/\/www.agilit.law\/en\/droit-technologie-et-informations-donnees-personnelles\/sylvie-jonas-notre-associee-pole-it-cybercriminalite-interviewee-par-rtl-sur-la-prevention-des-violences-en-ligne\/\"]}]},{\"@type\":\"BreadcrumbList\",\"@id\":\"https:\/\/www.agilit.law\/en\/droit-technologie-et-informations-donnees-personnelles\/sylvie-jonas-notre-associee-pole-it-cybercriminalite-interviewee-par-rtl-sur-la-prevention-des-violences-en-ligne\/#breadcrumb\",\"itemListElement\":[{\"@type\":\"ListItem\",\"position\":1,\"name\":\"Accueil\",\"item\":\"https:\/\/www.agilit.law\/en\/\"},{\"@type\":\"ListItem\",\"position\":2,\"name\":\"Sylvie JONAS, notre associ\u00e9e (p\u00f4le IT &#038; Cybercriminalit\u00e9) interview\u00e9e par RTL sur la pr\u00e9vention des violences en ligne\"}]},{\"@type\":\"WebSite\",\"@id\":\"https:\/\/www.agilit.law\/#website\",\"url\":\"https:\/\/www.agilit.law\/\",\"name\":\"AGIL&#039;IT\",\"description\":\"Make things simple\",\"potentialAction\":[{\"@type\":\"SearchAction\",\"target\":{\"@type\":\"EntryPoint\",\"urlTemplate\":\"https:\/\/www.agilit.law\/?s={search_term_string}\"},\"query-input\":\"required name=search_term_string\"}],\"inLanguage\":\"en-US\"},{\"@type\":\"Person\",\"@id\":\"https:\/\/www.agilit.law\/#\/schema\/person\/3c2aff137e0c93d643fa9ea0a0036f9c\",\"name\":\"Sylvie JONAS\",\"image\":{\"@type\":\"ImageObject\",\"inLanguage\":\"en-US\",\"@id\":\"https:\/\/www.agilit.law\/#\/schema\/person\/image\/6bcd277be005faec539f89eb887063dd\",\"url\":\"https:\/\/secure.gravatar.com\/avatar\/62864e6853bc3f79a4edd67268d7c87b?s=96&d=mm&r=g\",\"contentUrl\":\"https:\/\/secure.gravatar.com\/avatar\/62864e6853bc3f79a4edd67268d7c87b?s=96&d=mm&r=g\",\"caption\":\"Sylvie JONAS\"},\"url\":\"https:\/\/www.agilit.law\/en\/author\/sylvie\/\"}]}<\/script>\n<!-- \/ Yoast SEO plugin. -->","yoast_head_json":{"title":"Sylvie JONAS, notre associ\u00e9e (p\u00f4le IT & Cybercriminalit\u00e9) interview\u00e9e par RTL sur la pr\u00e9vention des violences en ligne - AGIL&#039;IT","robots":{"index":"index","follow":"follow","max-snippet":"max-snippet:-1","max-image-preview":"max-image-preview:large","max-video-preview":"max-video-preview:-1"},"canonical":"https:\/\/www.agilit.law\/en\/droit-technologie-et-informations-donnees-personnelles\/sylvie-jonas-notre-associee-pole-it-cybercriminalite-interviewee-par-rtl-sur-la-prevention-des-violences-en-ligne\/","og_locale":"en_US","og_type":"article","og_title":"Sylvie JONAS, notre associ\u00e9e (p\u00f4le IT & Cybercriminalit\u00e9) interview\u00e9e par RTL sur la pr\u00e9vention des violences en ligne - AGIL&#039;IT","og_description":"Sylvie JONAS, notre associ\u00e9e (p\u00f4le IT &amp; Cybercriminalit\u00e9) a \u00e9t\u00e9 interview\u00e9e par\u00a0le 3 f\u00e9vrier 2021 sur la pr\u00e9vention des violences en ligne. L\u2019article est accessible sur RTL.FR\u00a0: \u00ab\u00a0Cyberharc\u00e8lement\u00a0&#8211; Explosion des violences en ligne\u00a0: que faire pour prot\u00e9ger les enfants\u00a0?\u00a0\u00bb (3 f\u00e9vrier 2021) &nbsp; En synth\u00e8se : La m\u00eame d\u00e9marche que celle pr\u00e9conis\u00e9e aux entreprises pour&hellip;","og_url":"https:\/\/www.agilit.law\/en\/droit-technologie-et-informations-donnees-personnelles\/sylvie-jonas-notre-associee-pole-it-cybercriminalite-interviewee-par-rtl-sur-la-prevention-des-violences-en-ligne\/","og_site_name":"AGIL&#039;IT","article_published_time":"2021-02-05T09:11:28+00:00","article_modified_time":"2021-10-26T22:17:06+00:00","og_image":[{"width":1386,"height":751,"url":"https:\/\/www.agilit.law\/wp-content\/uploads\/2021\/02\/Image-illustration-article-RTL.jpg","type":"image\/jpeg"}],"author":"Sylvie JONAS","twitter_card":"summary_large_image","twitter_misc":{"Written by":"Sylvie JONAS","Est. reading time":"2 minutes"},"schema":{"@context":"https:\/\/schema.org","@graph":[{"@type":"WebPage","@id":"https:\/\/www.agilit.law\/en\/droit-technologie-et-informations-donnees-personnelles\/sylvie-jonas-notre-associee-pole-it-cybercriminalite-interviewee-par-rtl-sur-la-prevention-des-violences-en-ligne\/","url":"https:\/\/www.agilit.law\/en\/droit-technologie-et-informations-donnees-personnelles\/sylvie-jonas-notre-associee-pole-it-cybercriminalite-interviewee-par-rtl-sur-la-prevention-des-violences-en-ligne\/","name":"Sylvie JONAS, notre associ\u00e9e (p\u00f4le IT & Cybercriminalit\u00e9) interview\u00e9e par RTL sur la pr\u00e9vention des violences en ligne - AGIL&#039;IT","isPartOf":{"@id":"https:\/\/www.agilit.law\/#website"},"datePublished":"2021-02-05T09:11:28+00:00","dateModified":"2021-10-26T22:17:06+00:00","author":{"@id":"https:\/\/www.agilit.law\/#\/schema\/person\/3c2aff137e0c93d643fa9ea0a0036f9c"},"breadcrumb":{"@id":"https:\/\/www.agilit.law\/en\/droit-technologie-et-informations-donnees-personnelles\/sylvie-jonas-notre-associee-pole-it-cybercriminalite-interviewee-par-rtl-sur-la-prevention-des-violences-en-ligne\/#breadcrumb"},"inLanguage":"en-US","potentialAction":[{"@type":"ReadAction","target":["https:\/\/www.agilit.law\/en\/droit-technologie-et-informations-donnees-personnelles\/sylvie-jonas-notre-associee-pole-it-cybercriminalite-interviewee-par-rtl-sur-la-prevention-des-violences-en-ligne\/"]}]},{"@type":"BreadcrumbList","@id":"https:\/\/www.agilit.law\/en\/droit-technologie-et-informations-donnees-personnelles\/sylvie-jonas-notre-associee-pole-it-cybercriminalite-interviewee-par-rtl-sur-la-prevention-des-violences-en-ligne\/#breadcrumb","itemListElement":[{"@type":"ListItem","position":1,"name":"Accueil","item":"https:\/\/www.agilit.law\/en\/"},{"@type":"ListItem","position":2,"name":"Sylvie JONAS, notre associ\u00e9e (p\u00f4le IT &#038; Cybercriminalit\u00e9) interview\u00e9e par RTL sur la pr\u00e9vention des violences en ligne"}]},{"@type":"WebSite","@id":"https:\/\/www.agilit.law\/#website","url":"https:\/\/www.agilit.law\/","name":"AGIL&#039;IT","description":"Make things simple","potentialAction":[{"@type":"SearchAction","target":{"@type":"EntryPoint","urlTemplate":"https:\/\/www.agilit.law\/?s={search_term_string}"},"query-input":"required name=search_term_string"}],"inLanguage":"en-US"},{"@type":"Person","@id":"https:\/\/www.agilit.law\/#\/schema\/person\/3c2aff137e0c93d643fa9ea0a0036f9c","name":"Sylvie JONAS","image":{"@type":"ImageObject","inLanguage":"en-US","@id":"https:\/\/www.agilit.law\/#\/schema\/person\/image\/6bcd277be005faec539f89eb887063dd","url":"https:\/\/secure.gravatar.com\/avatar\/62864e6853bc3f79a4edd67268d7c87b?s=96&d=mm&r=g","contentUrl":"https:\/\/secure.gravatar.com\/avatar\/62864e6853bc3f79a4edd67268d7c87b?s=96&d=mm&r=g","caption":"Sylvie JONAS"},"url":"https:\/\/www.agilit.law\/en\/author\/sylvie\/"}]}},"_links":{"self":[{"href":"https:\/\/www.agilit.law\/en\/wp-json\/wp\/v2\/posts\/9020"}],"collection":[{"href":"https:\/\/www.agilit.law\/en\/wp-json\/wp\/v2\/posts"}],"about":[{"href":"https:\/\/www.agilit.law\/en\/wp-json\/wp\/v2\/types\/post"}],"author":[{"embeddable":true,"href":"https:\/\/www.agilit.law\/en\/wp-json\/wp\/v2\/users\/13"}],"replies":[{"embeddable":true,"href":"https:\/\/www.agilit.law\/en\/wp-json\/wp\/v2\/comments?post=9020"}],"version-history":[{"count":18,"href":"https:\/\/www.agilit.law\/en\/wp-json\/wp\/v2\/posts\/9020\/revisions"}],"predecessor-version":[{"id":9075,"href":"https:\/\/www.agilit.law\/en\/wp-json\/wp\/v2\/posts\/9020\/revisions\/9075"}],"wp:featuredmedia":[{"embeddable":true,"href":"https:\/\/www.agilit.law\/en\/wp-json\/wp\/v2\/media\/9023"}],"wp:attachment":[{"href":"https:\/\/www.agilit.law\/en\/wp-json\/wp\/v2\/media?parent=9020"}],"wp:term":[{"taxonomy":"category","embeddable":true,"href":"https:\/\/www.agilit.law\/en\/wp-json\/wp\/v2\/categories?post=9020"},{"taxonomy":"post_tag","embeddable":true,"href":"https:\/\/www.agilit.law\/en\/wp-json\/wp\/v2\/tags?post=9020"},{"taxonomy":"author","embeddable":true,"href":"https:\/\/www.agilit.law\/en\/wp-json\/wp\/v2\/coauthors?post=9020"}],"curies":[{"name":"wp","href":"https:\/\/api.w.org\/{rel}","templated":true}]}}