{"id":8718,"date":"2021-01-05T12:26:55","date_gmt":"2021-01-05T11:26:55","guid":{"rendered":"https:\/\/www.agilit.law\/?p=8718"},"modified":"2021-10-27T00:17:45","modified_gmt":"2021-10-26T22:17:45","slug":"intervention-de-sylvie-jonas-au-webcast-comment-anticiper-detecter-et-repondre-aux-menaces-cyber-et-aux-incidents-de-securite-organise-par-le-reseau-ey-alumni-au-feminin-elles","status":"publish","type":"post","link":"https:\/\/www.agilit.law\/en\/droit-technologie-et-informations-donnees-personnelles\/intervention-de-sylvie-jonas-au-webcast-comment-anticiper-detecter-et-repondre-aux-menaces-cyber-et-aux-incidents-de-securite-organise-par-le-reseau-ey-alumni-au-feminin-elles\/","title":{"rendered":"Intervention de Sylvie Jonas au webcast \u00ab Comment anticiper, d\u00e9tecter et r\u00e9pondre aux menaces cyber et aux incidents de s\u00e9curit\u00e9 ? \u00bb organis\u00e9 par le r\u00e9seau EY ALUMNI AU F\u00c9MININ \u00ab ELLES&#038;YOU ALUMNI \u00bb"},"content":{"rendered":"<p><em><strong><a href=\"https:\/\/www.agilit.law\/cabinet\/equipe\/sylvie-jonas\/\" target=\"_blank\" rel=\"noopener\">Sylvie Jonas<\/a>, associ\u00e9e en IT &amp; Cybercriminalit\u00e9, interviendra le 8 janvier 2021 au Webcast \u00ab Comment anticiper, d\u00e9tecter et r\u00e9pondre aux menaces cyber et aux incidents de s\u00e9curit\u00e9 ? \u00bb organis\u00e9 par le r\u00e9seau EY Alumni au f\u00e9minin \u00ab Elles&amp;You Alumni \u00bb.<\/strong><\/em><\/p>\n<p>&nbsp;<\/p>\n<p>Les menaces de la cybers\u00e9curit\u00e9 sont aujourd\u2019hui de plus en plus s\u00e9rieuses, laissant un impact significatif \u00e0 plusieurs niveaux : financier, technique, r\u00e9putation\u2026<\/p>\n<p>Il est important aujourd\u2019hui d\u2019en parler afin de mieux les pr\u00e9venir et de mieux g\u00e9rer leurs cons\u00e9quences.<\/p>\n<p>A l\u2019occasion de ce webcast, nous allons pouvoir en discuter avec nos invit\u00e9es qui partageront leurs exp\u00e9riences autour du sujet sur les aspects techniques, judiciaires et humains.<\/p>\n<p>&nbsp;<\/p>\n<p><strong><img decoding=\"async\" loading=\"lazy\" class=\"size-full wp-image-8506 alignleft\" src=\"https:\/\/www.agilit.law\/wp-content\/uploads\/2020\/11\/1.jpg\" alt=\"\" width=\"95\" height=\"80\" \/><\/strong><strong>Laurence Branthomme<\/strong>, Alumni et animatrice du r\u00e9seau Elles&amp;You Alumni, directrice des affaires financi\u00e8res, Eurazeo et\u00a0 <strong>Isabelle<\/strong> <strong>Copin-Dumet<\/strong>, associate partner EY, co-fondatrice du r\u00e9seau Elles&amp;You,<\/p>\n<p>auront le plaisir d&#8217;accueillir<\/p>\n<p>&nbsp;<\/p>\n<p><strong><img decoding=\"async\" loading=\"lazy\" class=\"size-full wp-image-8510 alignleft\" src=\"https:\/\/www.agilit.law\/wp-content\/uploads\/2020\/11\/3.jpg\" alt=\"\" width=\"95\" height=\"110\" \/>Sylvie Jonas<\/strong> (Alumni EY)<br \/>\nAvocate associ\u00e9e IT &amp; Cybercriminalit\u00e9, AGIL&#8217;IT<br \/>\nCharg\u00e9e d\u2019enseignement en Master 2 &#8211; Universit\u00e9 Paris Saclay &#8211; Pratique contractuelle sp\u00e9cialis\u00e9e et en DJCE &#8211; Universit\u00e9 de Montpellier &#8211; RGPD et Digitalisation<br \/>\nAuteure de l\u2019ouvrage \u00ab La cybercriminalit\u00e9 en 11 fiches et plans d&#8217;action \u00bb \u00e9ditions LGDJ Lextenso<\/p>\n<p>&nbsp;<\/p>\n<p><strong><img decoding=\"async\" loading=\"lazy\" class=\"size-full wp-image-8512 alignleft\" src=\"https:\/\/www.agilit.law\/wp-content\/uploads\/2020\/11\/4.jpg\" alt=\"\" width=\"95\" height=\"111\" \/>Delphine Chevallier<\/strong> (Alumni EY)<br \/>\nCEO Thalia Neomedia<br \/>\nMembre du CyAN<br \/>\nAuteure du livre &#8220;Cyberattaque : Plongez au c\u0153ur du blackout&#8221; pr\u00e9fac\u00e9 par le G\u00e9n\u00e9ral Marc Watin-Augouard, fondateur et co-directeur du Forum International de la Cybers\u00e9curit\u00e9.<\/p>\n<p>&nbsp;<\/p>\n<p><strong><img decoding=\"async\" loading=\"lazy\" class=\"size-full wp-image-8514 alignleft\" src=\"https:\/\/www.agilit.law\/wp-content\/uploads\/2020\/11\/5.jpg\" alt=\"\" width=\"95\" height=\"109\" \/>Soumaya Haouari<\/strong><br \/>\nManager Cybers\u00e9curit\u00e9, EY Technology Consulting<br \/>\nSoumaya accompagne plusieurs organisations sur des sujets de gestion de risques cyber s\u00e9curit\u00e9 et de gestion de menaces.<\/p>\n<p>&nbsp;<\/p>\n<p>&nbsp;<\/p>\n<p>&nbsp;<\/p>\n<p><a href=\"https:\/\/www.agilit.law\/\" target=\"_blank\" rel=\"noopener noreferrer\">AGIL\u2019IT<\/a>\u00a0\u2013 P\u00f4le\u00a0<a href=\"https:\/\/www.agilit.law\/expertises\/technologies-de-linformation-donnees-personnelles\/\" target=\"_blank\" rel=\"noopener noreferrer\">IT<\/a>,\u00a0<a href=\"https:\/\/www.agilit.law\/expertises\/donnees-a-caractere-personnel\/\" target=\"_blank\" rel=\"noopener noreferrer\">Data protection<\/a>\u00a0&amp;\u00a0<a href=\"https:\/\/www.agilit.law\/expertises\/telecommunications\/\" target=\"_blank\" rel=\"noopener noreferrer\">Telecoms<\/a><\/p>\n<p>&nbsp;<\/p>\n","protected":false},"excerpt":{"rendered":"<p>Sylvie Jonas, associ\u00e9e en IT &amp; Cybercriminalit\u00e9, interviendra le 8 janvier 2021 au Webcast \u00ab Comment anticiper, d\u00e9tecter et r\u00e9pondre aux menaces cyber et aux incidents de s\u00e9curit\u00e9 ? \u00bb organis\u00e9 par le r\u00e9seau EY Alumni au f\u00e9minin \u00ab Elles&amp;You Alumni \u00bb. &nbsp; Les menaces de la cybers\u00e9curit\u00e9 sont aujourd\u2019hui de plus en plus s\u00e9rieuses,&hellip;<\/p>\n","protected":false},"author":13,"featured_media":4790,"comment_status":"closed","ping_status":"closed","sticky":false,"template":"","format":"standard","meta":{"footnotes":""},"categories":[147,73],"tags":[],"coauthors":[99],"yoast_head":"<!-- This site is optimized with the Yoast SEO plugin v21.3 - https:\/\/yoast.com\/wordpress\/plugins\/seo\/ -->\n<title>Intervention de Sylvie Jonas au webcast \u00ab Comment anticiper, d\u00e9tecter et r\u00e9pondre aux menaces cyber et aux incidents de s\u00e9curit\u00e9 ? \u00bb organis\u00e9 par le r\u00e9seau EY ALUMNI AU F\u00c9MININ \u00ab ELLES&amp;YOU ALUMNI \u00bb - AGIL&#039;IT<\/title>\n<meta name=\"robots\" content=\"index, follow, max-snippet:-1, max-image-preview:large, max-video-preview:-1\" \/>\n<link rel=\"canonical\" href=\"https:\/\/www.agilit.law\/en\/droit-technologie-et-informations-donnees-personnelles\/intervention-de-sylvie-jonas-au-webcast-comment-anticiper-detecter-et-repondre-aux-menaces-cyber-et-aux-incidents-de-securite-organise-par-le-reseau-ey-alumni-au-feminin-elles\/\" \/>\n<meta property=\"og:locale\" content=\"en_US\" \/>\n<meta property=\"og:type\" content=\"article\" \/>\n<meta property=\"og:title\" content=\"Intervention de Sylvie Jonas au webcast \u00ab Comment anticiper, d\u00e9tecter et r\u00e9pondre aux menaces cyber et aux incidents de s\u00e9curit\u00e9 ? \u00bb organis\u00e9 par le r\u00e9seau EY ALUMNI AU F\u00c9MININ \u00ab ELLES&amp;YOU ALUMNI \u00bb - AGIL&#039;IT\" \/>\n<meta property=\"og:description\" content=\"Sylvie Jonas, associ\u00e9e en IT &amp; Cybercriminalit\u00e9, interviendra le 8 janvier 2021 au Webcast \u00ab Comment anticiper, d\u00e9tecter et r\u00e9pondre aux menaces cyber et aux incidents de s\u00e9curit\u00e9 ? \u00bb organis\u00e9 par le r\u00e9seau EY Alumni au f\u00e9minin \u00ab Elles&amp;You Alumni \u00bb. &nbsp; Les menaces de la cybers\u00e9curit\u00e9 sont aujourd\u2019hui de plus en plus s\u00e9rieuses,&hellip;\" \/>\n<meta property=\"og:url\" content=\"https:\/\/www.agilit.law\/en\/droit-technologie-et-informations-donnees-personnelles\/intervention-de-sylvie-jonas-au-webcast-comment-anticiper-detecter-et-repondre-aux-menaces-cyber-et-aux-incidents-de-securite-organise-par-le-reseau-ey-alumni-au-feminin-elles\/\" \/>\n<meta property=\"og:site_name\" content=\"AGIL&#039;IT\" \/>\n<meta property=\"article:published_time\" content=\"2021-01-05T11:26:55+00:00\" \/>\n<meta property=\"article:modified_time\" content=\"2021-10-26T22:17:45+00:00\" \/>\n<meta property=\"og:image\" content=\"https:\/\/www.agilit.law\/wp-content\/uploads\/2018\/11\/shutterstock_569127763.jpg\" \/>\n\t<meta property=\"og:image:width\" content=\"1000\" \/>\n\t<meta property=\"og:image:height\" content=\"667\" \/>\n\t<meta property=\"og:image:type\" content=\"image\/jpeg\" \/>\n<meta name=\"author\" content=\"Sylvie JONAS\" \/>\n<meta name=\"twitter:card\" content=\"summary_large_image\" \/>\n<meta name=\"twitter:label1\" content=\"Written by\" \/>\n\t<meta name=\"twitter:data1\" content=\"Sylvie JONAS\" \/>\n\t<meta name=\"twitter:label2\" content=\"Est. reading time\" \/>\n\t<meta name=\"twitter:data2\" content=\"1 minute\" \/>\n<script type=\"application\/ld+json\" class=\"yoast-schema-graph\">{\"@context\":\"https:\/\/schema.org\",\"@graph\":[{\"@type\":\"WebPage\",\"@id\":\"https:\/\/www.agilit.law\/en\/droit-technologie-et-informations-donnees-personnelles\/intervention-de-sylvie-jonas-au-webcast-comment-anticiper-detecter-et-repondre-aux-menaces-cyber-et-aux-incidents-de-securite-organise-par-le-reseau-ey-alumni-au-feminin-elles\/\",\"url\":\"https:\/\/www.agilit.law\/en\/droit-technologie-et-informations-donnees-personnelles\/intervention-de-sylvie-jonas-au-webcast-comment-anticiper-detecter-et-repondre-aux-menaces-cyber-et-aux-incidents-de-securite-organise-par-le-reseau-ey-alumni-au-feminin-elles\/\",\"name\":\"Intervention de Sylvie Jonas au webcast \u00ab Comment anticiper, d\u00e9tecter et r\u00e9pondre aux menaces cyber et aux incidents de s\u00e9curit\u00e9 ? \u00bb organis\u00e9 par le r\u00e9seau EY ALUMNI AU F\u00c9MININ \u00ab ELLES&YOU ALUMNI \u00bb - AGIL&#039;IT\",\"isPartOf\":{\"@id\":\"https:\/\/www.agilit.law\/#website\"},\"datePublished\":\"2021-01-05T11:26:55+00:00\",\"dateModified\":\"2021-10-26T22:17:45+00:00\",\"author\":{\"@id\":\"https:\/\/www.agilit.law\/#\/schema\/person\/3c2aff137e0c93d643fa9ea0a0036f9c\"},\"breadcrumb\":{\"@id\":\"https:\/\/www.agilit.law\/en\/droit-technologie-et-informations-donnees-personnelles\/intervention-de-sylvie-jonas-au-webcast-comment-anticiper-detecter-et-repondre-aux-menaces-cyber-et-aux-incidents-de-securite-organise-par-le-reseau-ey-alumni-au-feminin-elles\/#breadcrumb\"},\"inLanguage\":\"en-US\",\"potentialAction\":[{\"@type\":\"ReadAction\",\"target\":[\"https:\/\/www.agilit.law\/en\/droit-technologie-et-informations-donnees-personnelles\/intervention-de-sylvie-jonas-au-webcast-comment-anticiper-detecter-et-repondre-aux-menaces-cyber-et-aux-incidents-de-securite-organise-par-le-reseau-ey-alumni-au-feminin-elles\/\"]}]},{\"@type\":\"BreadcrumbList\",\"@id\":\"https:\/\/www.agilit.law\/en\/droit-technologie-et-informations-donnees-personnelles\/intervention-de-sylvie-jonas-au-webcast-comment-anticiper-detecter-et-repondre-aux-menaces-cyber-et-aux-incidents-de-securite-organise-par-le-reseau-ey-alumni-au-feminin-elles\/#breadcrumb\",\"itemListElement\":[{\"@type\":\"ListItem\",\"position\":1,\"name\":\"Accueil\",\"item\":\"https:\/\/www.agilit.law\/en\/\"},{\"@type\":\"ListItem\",\"position\":2,\"name\":\"Intervention de Sylvie Jonas au webcast \u00ab Comment anticiper, d\u00e9tecter et r\u00e9pondre aux menaces cyber et aux incidents de s\u00e9curit\u00e9 ? \u00bb organis\u00e9 par le r\u00e9seau EY ALUMNI AU F\u00c9MININ \u00ab ELLES&#038;YOU ALUMNI \u00bb\"}]},{\"@type\":\"WebSite\",\"@id\":\"https:\/\/www.agilit.law\/#website\",\"url\":\"https:\/\/www.agilit.law\/\",\"name\":\"AGIL&#039;IT\",\"description\":\"Make things simple\",\"potentialAction\":[{\"@type\":\"SearchAction\",\"target\":{\"@type\":\"EntryPoint\",\"urlTemplate\":\"https:\/\/www.agilit.law\/?s={search_term_string}\"},\"query-input\":\"required name=search_term_string\"}],\"inLanguage\":\"en-US\"},{\"@type\":\"Person\",\"@id\":\"https:\/\/www.agilit.law\/#\/schema\/person\/3c2aff137e0c93d643fa9ea0a0036f9c\",\"name\":\"Sylvie JONAS\",\"image\":{\"@type\":\"ImageObject\",\"inLanguage\":\"en-US\",\"@id\":\"https:\/\/www.agilit.law\/#\/schema\/person\/image\/6bcd277be005faec539f89eb887063dd\",\"url\":\"https:\/\/secure.gravatar.com\/avatar\/62864e6853bc3f79a4edd67268d7c87b?s=96&d=mm&r=g\",\"contentUrl\":\"https:\/\/secure.gravatar.com\/avatar\/62864e6853bc3f79a4edd67268d7c87b?s=96&d=mm&r=g\",\"caption\":\"Sylvie JONAS\"},\"url\":\"https:\/\/www.agilit.law\/en\/author\/sylvie\/\"}]}<\/script>\n<!-- \/ Yoast SEO plugin. -->","yoast_head_json":{"title":"Intervention de Sylvie Jonas au webcast \u00ab Comment anticiper, d\u00e9tecter et r\u00e9pondre aux menaces cyber et aux incidents de s\u00e9curit\u00e9 ? \u00bb organis\u00e9 par le r\u00e9seau EY ALUMNI AU F\u00c9MININ \u00ab ELLES&YOU ALUMNI \u00bb - AGIL&#039;IT","robots":{"index":"index","follow":"follow","max-snippet":"max-snippet:-1","max-image-preview":"max-image-preview:large","max-video-preview":"max-video-preview:-1"},"canonical":"https:\/\/www.agilit.law\/en\/droit-technologie-et-informations-donnees-personnelles\/intervention-de-sylvie-jonas-au-webcast-comment-anticiper-detecter-et-repondre-aux-menaces-cyber-et-aux-incidents-de-securite-organise-par-le-reseau-ey-alumni-au-feminin-elles\/","og_locale":"en_US","og_type":"article","og_title":"Intervention de Sylvie Jonas au webcast \u00ab Comment anticiper, d\u00e9tecter et r\u00e9pondre aux menaces cyber et aux incidents de s\u00e9curit\u00e9 ? \u00bb organis\u00e9 par le r\u00e9seau EY ALUMNI AU F\u00c9MININ \u00ab ELLES&YOU ALUMNI \u00bb - AGIL&#039;IT","og_description":"Sylvie Jonas, associ\u00e9e en IT &amp; Cybercriminalit\u00e9, interviendra le 8 janvier 2021 au Webcast \u00ab Comment anticiper, d\u00e9tecter et r\u00e9pondre aux menaces cyber et aux incidents de s\u00e9curit\u00e9 ? \u00bb organis\u00e9 par le r\u00e9seau EY Alumni au f\u00e9minin \u00ab Elles&amp;You Alumni \u00bb. &nbsp; Les menaces de la cybers\u00e9curit\u00e9 sont aujourd\u2019hui de plus en plus s\u00e9rieuses,&hellip;","og_url":"https:\/\/www.agilit.law\/en\/droit-technologie-et-informations-donnees-personnelles\/intervention-de-sylvie-jonas-au-webcast-comment-anticiper-detecter-et-repondre-aux-menaces-cyber-et-aux-incidents-de-securite-organise-par-le-reseau-ey-alumni-au-feminin-elles\/","og_site_name":"AGIL&#039;IT","article_published_time":"2021-01-05T11:26:55+00:00","article_modified_time":"2021-10-26T22:17:45+00:00","og_image":[{"width":1000,"height":667,"url":"https:\/\/www.agilit.law\/wp-content\/uploads\/2018\/11\/shutterstock_569127763.jpg","type":"image\/jpeg"}],"author":"Sylvie JONAS","twitter_card":"summary_large_image","twitter_misc":{"Written by":"Sylvie JONAS","Est. reading time":"1 minute"},"schema":{"@context":"https:\/\/schema.org","@graph":[{"@type":"WebPage","@id":"https:\/\/www.agilit.law\/en\/droit-technologie-et-informations-donnees-personnelles\/intervention-de-sylvie-jonas-au-webcast-comment-anticiper-detecter-et-repondre-aux-menaces-cyber-et-aux-incidents-de-securite-organise-par-le-reseau-ey-alumni-au-feminin-elles\/","url":"https:\/\/www.agilit.law\/en\/droit-technologie-et-informations-donnees-personnelles\/intervention-de-sylvie-jonas-au-webcast-comment-anticiper-detecter-et-repondre-aux-menaces-cyber-et-aux-incidents-de-securite-organise-par-le-reseau-ey-alumni-au-feminin-elles\/","name":"Intervention de Sylvie Jonas au webcast \u00ab Comment anticiper, d\u00e9tecter et r\u00e9pondre aux menaces cyber et aux incidents de s\u00e9curit\u00e9 ? \u00bb organis\u00e9 par le r\u00e9seau EY ALUMNI AU F\u00c9MININ \u00ab ELLES&YOU ALUMNI \u00bb - AGIL&#039;IT","isPartOf":{"@id":"https:\/\/www.agilit.law\/#website"},"datePublished":"2021-01-05T11:26:55+00:00","dateModified":"2021-10-26T22:17:45+00:00","author":{"@id":"https:\/\/www.agilit.law\/#\/schema\/person\/3c2aff137e0c93d643fa9ea0a0036f9c"},"breadcrumb":{"@id":"https:\/\/www.agilit.law\/en\/droit-technologie-et-informations-donnees-personnelles\/intervention-de-sylvie-jonas-au-webcast-comment-anticiper-detecter-et-repondre-aux-menaces-cyber-et-aux-incidents-de-securite-organise-par-le-reseau-ey-alumni-au-feminin-elles\/#breadcrumb"},"inLanguage":"en-US","potentialAction":[{"@type":"ReadAction","target":["https:\/\/www.agilit.law\/en\/droit-technologie-et-informations-donnees-personnelles\/intervention-de-sylvie-jonas-au-webcast-comment-anticiper-detecter-et-repondre-aux-menaces-cyber-et-aux-incidents-de-securite-organise-par-le-reseau-ey-alumni-au-feminin-elles\/"]}]},{"@type":"BreadcrumbList","@id":"https:\/\/www.agilit.law\/en\/droit-technologie-et-informations-donnees-personnelles\/intervention-de-sylvie-jonas-au-webcast-comment-anticiper-detecter-et-repondre-aux-menaces-cyber-et-aux-incidents-de-securite-organise-par-le-reseau-ey-alumni-au-feminin-elles\/#breadcrumb","itemListElement":[{"@type":"ListItem","position":1,"name":"Accueil","item":"https:\/\/www.agilit.law\/en\/"},{"@type":"ListItem","position":2,"name":"Intervention de Sylvie Jonas au webcast \u00ab Comment anticiper, d\u00e9tecter et r\u00e9pondre aux menaces cyber et aux incidents de s\u00e9curit\u00e9 ? \u00bb organis\u00e9 par le r\u00e9seau EY ALUMNI AU F\u00c9MININ \u00ab ELLES&#038;YOU ALUMNI \u00bb"}]},{"@type":"WebSite","@id":"https:\/\/www.agilit.law\/#website","url":"https:\/\/www.agilit.law\/","name":"AGIL&#039;IT","description":"Make things simple","potentialAction":[{"@type":"SearchAction","target":{"@type":"EntryPoint","urlTemplate":"https:\/\/www.agilit.law\/?s={search_term_string}"},"query-input":"required name=search_term_string"}],"inLanguage":"en-US"},{"@type":"Person","@id":"https:\/\/www.agilit.law\/#\/schema\/person\/3c2aff137e0c93d643fa9ea0a0036f9c","name":"Sylvie JONAS","image":{"@type":"ImageObject","inLanguage":"en-US","@id":"https:\/\/www.agilit.law\/#\/schema\/person\/image\/6bcd277be005faec539f89eb887063dd","url":"https:\/\/secure.gravatar.com\/avatar\/62864e6853bc3f79a4edd67268d7c87b?s=96&d=mm&r=g","contentUrl":"https:\/\/secure.gravatar.com\/avatar\/62864e6853bc3f79a4edd67268d7c87b?s=96&d=mm&r=g","caption":"Sylvie JONAS"},"url":"https:\/\/www.agilit.law\/en\/author\/sylvie\/"}]}},"_links":{"self":[{"href":"https:\/\/www.agilit.law\/en\/wp-json\/wp\/v2\/posts\/8718"}],"collection":[{"href":"https:\/\/www.agilit.law\/en\/wp-json\/wp\/v2\/posts"}],"about":[{"href":"https:\/\/www.agilit.law\/en\/wp-json\/wp\/v2\/types\/post"}],"author":[{"embeddable":true,"href":"https:\/\/www.agilit.law\/en\/wp-json\/wp\/v2\/users\/13"}],"replies":[{"embeddable":true,"href":"https:\/\/www.agilit.law\/en\/wp-json\/wp\/v2\/comments?post=8718"}],"version-history":[{"count":6,"href":"https:\/\/www.agilit.law\/en\/wp-json\/wp\/v2\/posts\/8718\/revisions"}],"predecessor-version":[{"id":9270,"href":"https:\/\/www.agilit.law\/en\/wp-json\/wp\/v2\/posts\/8718\/revisions\/9270"}],"wp:featuredmedia":[{"embeddable":true,"href":"https:\/\/www.agilit.law\/en\/wp-json\/wp\/v2\/media\/4790"}],"wp:attachment":[{"href":"https:\/\/www.agilit.law\/en\/wp-json\/wp\/v2\/media?parent=8718"}],"wp:term":[{"taxonomy":"category","embeddable":true,"href":"https:\/\/www.agilit.law\/en\/wp-json\/wp\/v2\/categories?post=8718"},{"taxonomy":"post_tag","embeddable":true,"href":"https:\/\/www.agilit.law\/en\/wp-json\/wp\/v2\/tags?post=8718"},{"taxonomy":"author","embeddable":true,"href":"https:\/\/www.agilit.law\/en\/wp-json\/wp\/v2\/coauthors?post=8718"}],"curies":[{"name":"wp","href":"https:\/\/api.w.org\/{rel}","templated":true}]}}