{"id":8645,"date":"2020-12-21T13:53:00","date_gmt":"2020-12-21T12:53:00","guid":{"rendered":"https:\/\/www.agilit.law\/?p=8645"},"modified":"2021-10-27T00:18:16","modified_gmt":"2021-10-26T22:18:16","slug":"adresse-ip-une-donnee-a-caractere-personnel-et-un-moyen-de-preuve","status":"publish","type":"post","link":"https:\/\/www.agilit.law\/en\/donnees-caractere-personnel\/adresse-ip-une-donnee-a-caractere-personnel-et-un-moyen-de-preuve\/","title":{"rendered":"Adresse IP : une donn\u00e9e \u00e0 caract\u00e8re personnel et un moyen de preuve ?"},"content":{"rendered":"<p>Pour la premi\u00e8re fois, <strong>la chambre sociale de la Cour de cassation s\u2019est prononc\u00e9e sur la qualification de &#8220;donn\u00e9e \u00e0 caract\u00e8re personnel&#8221; que rev\u00eat une adresse IP et sur la lic\u00e9it\u00e9 de la preuve pouvant en r\u00e9sulter pour fonder un licenciement.<\/strong><\/p>\n<p>&nbsp;<\/p>\n<p>En l\u2019esp\u00e8ce, un salari\u00e9 de l\u2019AFP, \u00e9galement correspondant informatique et libert\u00e9 au sein de l\u2019agence, avait \u00e9t\u00e9 <strong>licenci\u00e9 pour faute grave<\/strong>, pour avoir adress\u00e9 \u00e0 une entreprise cliente et en m\u00eame temps concurrente de l\u2019AFP, cinq demandes de renseignements par voie \u00e9lectronique en usurpant l\u2019identit\u00e9 d&#8217;autres soci\u00e9t\u00e9s clientes.<\/p>\n<p>&nbsp;<\/p>\n<p>L\u2019AFP<strong> avait \u00e9tabli les faits reproch\u00e9s au moyen d\u2019un constat d\u2019huissier et en recourant \u00e0 un expert informatique<\/strong>, ce qui avait permis de d\u00e9terminer, gr\u00e2ce \u00e0 l\u2019exploitation des logs et des fichiers de journalisation conserv\u00e9s sur ses serveurs, que l\u2019adresse IP \u00e0 partir de laquelle les messages litigieux avaient \u00e9t\u00e9 envoy\u00e9s \u00e9tait celle du salari\u00e9 pr\u00e9cit\u00e9.<\/p>\n<p>&nbsp;<\/p>\n<p>Estimant que les logs (cf. traces informatiques), fichiers de journalisation et adresses IP n\u2019\u00e9taient pas soumis \u00e0 une d\u00e9claration aupr\u00e8s de la Cnil, ni \u00e0 une information du salari\u00e9, d\u00e8s lors qu\u2019ils n\u2019avaient pas pour vocation premi\u00e8re le contr\u00f4le des utilisateurs, <strong>la cour d\u2019appel a rejet\u00e9 l&#8217;argument soulev\u00e9 par le salari\u00e9 selon lequel son licenciement \u00e9tait fond\u00e9 sur des preuves illicites, et a jug\u00e9 ledit licenciement justifi\u00e9.<\/strong><\/p>\n<p>&nbsp;<\/p>\n<h2>Une qualification sans \u00e9quivoque de &#8220;donn\u00e9e \u00e0 caract\u00e8re personnel&#8221;<\/h2>\n<p>La chambre sociale de la Cour de cassation, saisie d&#8217;un pourvoi form\u00e9 par le salari\u00e9, juge que, dans la mesure o\u00f9 les adresses IP permettent d\u2019identifier, m\u00eame indirectement, une personne physique, il s\u2019agit bien de <strong>donn\u00e9es \u00e0 caract\u00e8re personnel<\/strong>.<\/p>\n<p>&nbsp;<\/p>\n<p>Elle en conclut que <strong>leur collecte par l\u2019exploitation d\u2019un fichier de journalisation constitue un traitement de donn\u00e9es \u00e0 caract\u00e8re personnel<\/strong> qui doit faire l\u2019objet d&#8217;une d\u00e9claration pr\u00e9alable aupr\u00e8s de la Cnil, contredisant ainsi la d\u00e9cision des juges du fond (<em>NB : il est opportun de rappeler ici que, si les textes applicables en mati\u00e8re de traitements de donn\u00e9es \u00e0 caract\u00e8re personnel ne pr\u00e9voient plus, depuis l&#8217;entr\u00e9e en application du RGPD, de d\u00e9clarations \u00e0 effectuer aupr\u00e8s de la Cnil pour la mise en \u0153uvre de tels traitements, tel \u00e9tait le cas \u00e0 l&#8217;\u00e9poque des faits, ce dont il r\u00e9sulte que les traitements de donn\u00e9es \u00e0 caract\u00e8re personnel ainsi mis en \u0153uvre en l&#8217;absence d&#8217;une telle d\u00e9claration devaient \u00eatre consid\u00e9r\u00e9s comme illicites<\/em>)<em>.<\/em><\/p>\n<p>&nbsp;<\/p>\n<p>Ce faisant, la chambre sociale de la Cour de cassation rejoint la position de principe d&#8217;ores et d\u00e9j\u00e0 exprim\u00e9es par de nombreuses autres juridictions, parmi lesquelles la Cour de justice de l&#8217;Union europ\u00e9enne (2) ou encore la premi\u00e8re chambre civile de la Cour de cassation (3) : <strong>une adresse IP est une donn\u00e9e \u00e0 caract\u00e8re personnel<\/strong>.<\/p>\n<p>&nbsp;<\/p>\n<h2>Un moyen de preuve licite mais sous conditions<\/h2>\n<p>En l&#8217;esp\u00e8ce, il appara\u00eet que le traitement de donn\u00e9es \u00e0 caract\u00e8re personnel en cause n&#8217;avait pas \u00e9t\u00e9 d\u00e9clar\u00e9 aupr\u00e8s de la Cnil.<\/p>\n<p>&nbsp;<\/p>\n<p>Or, la chambre sociale de la Cour de cassation avait d\u00e9j\u00e0 pu \u00eatre amen\u00e9e \u00e0 consid\u00e9rer que constituent un moyen de preuve illicite les informations collect\u00e9es par un syst\u00e8me de traitement automatis\u00e9 de donn\u00e9es personnelles n&#8217;ayant pas \u00e9t\u00e9 d\u00e9clar\u00e9 aupr\u00e8s de la Cnil et que,\u00a0<strong>si la faute \u00e0 l\u2019origine d&#8217;un licenciement n\u2019\u00e9tait \u00e9tablie qu\u2019au moyen d&#8217;une telle preuve illicite, alors le licenciement se trouvait n\u00e9cessairement sans cause r\u00e9elle et s\u00e9rieuse<\/strong> car le moyen de preuve illicite devait \u00eatre rejet\u00e9 des d\u00e9bats (4).<\/p>\n<p>&nbsp;<\/p>\n<p>Forte de ce constat, la Cour de cassation applique toutefois un raisonnement diff\u00e9rent. Dans l\u2019arr\u00eat comment\u00e9 ici, elle admet que <strong>l\u2019illic\u00e9it\u00e9 d\u2019un tel moyen de preuve au regard des dispositions applicables en mati\u00e8re de protection des donn\u00e9es\u00a0 caract\u00e8re personnel n\u2019entra\u00eene pas syst\u00e9matiquement son rejet des d\u00e9bats, invitant les juges du fond \u00e0 rechercher dans le cadre d\u2019un contr\u00f4le de proportionnalit\u00e9 si l\u2019atteinte port\u00e9e \u00e0 la vie personnelle du salari\u00e9 par une telle production est justifi\u00e9e au regard du droit \u00e0 la preuve de l\u2019employeur<\/strong>.<\/p>\n<p>Elle pr\u00e9cise que <strong>cette production ne peut toutefois \u00eatre justifi\u00e9e que si elle est indispensable \u00e0 l&#8217;exercice de ce droit par l&#8217;employeur <\/strong>(et non plus seulement n\u00e9cessaire \u00e0 l\u2019exercice de ce droit, comme elle avait d\u00e9j\u00e0 pu en faire mention (5)), <strong>et que l\u2019atteinte \u00e0 la vie personnelle du salari\u00e9 est strictement proportionn\u00e9e au but poursuivi.<\/strong><\/p>\n<p>&nbsp;<\/p>\n<p>Toutefois, et alors m\u00eame que la chambre sociale de la Cour de cassation avait &#8220;tranch\u00e9&#8221; il y a quelques temps (6) que l&#8217;absence de d\u00e9claration \u00e0 la Cnil d&#8217;un syst\u00e8me de messagerie \u00e9lectronique professionnelle non pourvu d&#8217;un contr\u00f4le individuel de l&#8217;activit\u00e9 des salari\u00e9s n&#8217;\u00e9tait pas susceptible de porter atteinte \u00e0 la vie priv\u00e9e ou aux libert\u00e9s des salari\u00e9s et ne rendait pas illicite la production en justice des courriels adress\u00e9s par l&#8217;employeur ou par le salari\u00e9 dont l&#8217;auteur ne peut ignorer qu&#8217;ils sont enregistr\u00e9s et conserv\u00e9s par le syst\u00e8me informatique, elle en d\u00e9duit ici que &#8220;<strong><em>l\u2019exploitation des fichiers de journalisation, qui permettent d\u2019identifier indirectement une personne physique, constitue un traitement de donn\u00e9es \u00e0 caract\u00e8re personnel [&#8230;], et \u00e9tait ainsi soumise aux formalit\u00e9s pr\u00e9alables \u00e0 la mise en \u0153uvre de tels traitements [cf. d\u00e9claration aupr\u00e8s de la Cnil], ce dont il r\u00e9sultait que la preuve \u00e9tait illicite<\/em><\/strong>&#8220;. Elle renvoie tout de m\u00eame aux juges du fond le soin de proc\u00e9der \u00e0 l&#8217;analyse de proportionnalit\u00e9 pr\u00e9cit\u00e9e.<\/p>\n<p>&nbsp;<\/p>\n<p style=\"text-align: center;\">*\u00a0 \u00a0 \u00a0 \u00a0 \u00a0 *<\/p>\n<p style=\"text-align: center;\">*<\/p>\n<p>&nbsp;<\/p>\n<p>Dans l&#8217;attente de la d\u00e9cision des juges du fond, cet arr\u00eat est <strong>l&#8217;occasion de rappeler que les traitements de donn\u00e9es \u00e0 caract\u00e8re personnel des salari\u00e9s mis en \u0153uvre par les employeurs doivent faire l&#8217;objet d&#8217;une attention particuli\u00e8re pour \u00eatre d\u00e9ploy\u00e9s et impl\u00e9ment\u00e9s conform\u00e9ment aux dispositions applicables en mati\u00e8re de droit des donn\u00e9es \u00e0 caract\u00e8re personnel<\/strong> (ex: information des personnes concern\u00e9es, l\u00e9gitimit\u00e9 des finalit\u00e9s poursuivies, insertion dans le registre des traitements,&#8230;) <strong>mais \u00e9galement de droit du travail<\/strong> (ex: formalisme sp\u00e9cifique aupr\u00e8s des instances repr\u00e9sentatives du personnel,&#8230;), et ce tant pour assurer leur conformit\u00e9 intrins\u00e8que que pour s&#8217;assurer de pouvoir disposer le cas \u00e9ch\u00e9ant de moyens probatoires dont la lic\u00e9it\u00e9 ne fait aucun doute.<\/p>\n<p>&nbsp;<\/p>\n<p><em>Les \u00e9quipes du p\u00f4le \u201cDroit social\u201d et du p\u00f4le &#8220;IT &amp; data protection&#8221; d\u2019Agil\u2019IT se tiennent \u00e0 votre disposition pour vous accompagner dans ce cadre.<\/em><\/p>\n<p><em>\u00a0<\/em><\/p>\n<p>&nbsp;<\/p>\n<p>(1) Cass. Soc., 25 novembre 2020, n\u00b017-19.523: <a href=\"https:\/\/www.courdecassation.fr\/jurisprudence_2\/chambre_sociale_576\/1119_25_45978.html\" target=\"_blank\" rel=\"noopener\">https:\/\/www.courdecassation.fr\/jurisprudence_2\/chambre_sociale_576\/1119_25_45978.html<\/a><\/p>\n<p>(2) CJUE, 19 octobre 2016, affaire C\u2011582\/14: <a href=\"http:\/\/curia.europa.eu\/juris\/document\/document.jsf?docid=184668\" target=\"_blank\" rel=\"noopener\">http:\/\/curia.europa.eu\/juris\/document\/document.jsf?docid=184668<\/a><\/p>\n<p>(3) Cass. 1\u00e8re Civ., 3 novembre 2016, n\u00b015-22.595: <a href=\"https:\/\/www.legifrance.gouv.fr\/juri\/id\/JURITEXT000033346676\/\" target=\"_blank\" rel=\"noopener\">https:\/\/www.legifrance.gouv.fr\/juri\/id\/JURITEXT000033346676\/<\/a><\/p>\n<p>(4) Cass. Soc., 8 octobre 2014, n\u00b0 13-14.991:\u00a0<a href=\"https:\/\/www.legifrance.gouv.fr\/juri\/id\/JURITEXT000029565250\/\" target=\"_blank\" rel=\"noopener\">https:\/\/www.legifrance.gouv.fr\/juri\/id\/JURITEXT000029565250\/<\/a><\/p>\n<p>(5) Cass. Soc., 9 novembre 2016, n\u00b0 15-10.203: <a href=\"https:\/\/www.legifrance.gouv.fr\/juri\/id\/JURITEXT000033375477\/\" target=\"_blank\" rel=\"noopener\">https:\/\/www.legifrance.gouv.fr\/juri\/id\/JURITEXT000033375477\/<\/a><\/p>\n<p>(6) Cass. Soc., 1er juin 2017, n\u00b015-23.522: <a href=\"https:\/\/www.legifrance.gouv.fr\/juri\/id\/JURITEXT000034858061\/\" target=\"_blank\" rel=\"noopener\">https:\/\/www.legifrance.gouv.fr\/juri\/id\/JURITEXT000034858061\/<\/a><\/p>\n<p>&nbsp;<\/p>\n<p>&nbsp;<\/p>\n<p>Par AGIL\u2019IT \u2013 P\u00f4les <a href=\"https:\/\/www.agilit.law\/expertises\/droit-du-travail-securite-sociale\/\">Droit social<\/a> et <a href=\"https:\/\/www.agilit.law\/expertises\/technologies-de-linformation-donnees-personnelles\/\" target=\"_blank\" rel=\"noopener\">IT<\/a> &amp; <a href=\"https:\/\/www.agilit.law\/expertises\/donnees-a-caractere-personnel\/\" target=\"_blank\" rel=\"noopener\">Data protection<\/a><\/p>\n<p><a href=\"https:\/\/www.agilit.law\/cabinet\/equipe\/sandrine-henrion\/\" target=\"_blank\" rel=\"noopener\">Sandrine HENRION<\/a>,\u00a0Avocate associ\u00e9e<\/p>\n<p><a href=\"https:\/\/www.agilit.law\/cabinet\/equipe\/laure-landes-gronowski\/\" target=\"_blank\" rel=\"noopener\">Laure LANDES-GRONOWSKI<\/a>, Avocate associ\u00e9e<\/p>\n<p>&nbsp;<\/p>\n","protected":false},"excerpt":{"rendered":"<p>Pour la premi\u00e8re fois, la chambre sociale de la Cour de cassation s\u2019est prononc\u00e9e sur la qualification de &#8220;donn\u00e9e \u00e0 caract\u00e8re personnel&#8221; que rev\u00eat une adresse IP et sur la lic\u00e9it\u00e9 de la preuve pouvant en r\u00e9sulter pour fonder un licenciement. &nbsp; En l\u2019esp\u00e8ce, un salari\u00e9 de l\u2019AFP, \u00e9galement correspondant informatique et libert\u00e9 au sein&hellip;<\/p>\n","protected":false},"author":11,"featured_media":6238,"comment_status":"closed","ping_status":"closed","sticky":false,"template":"","format":"standard","meta":{"footnotes":""},"categories":[150,72,73],"tags":[],"coauthors":[103,94],"yoast_head":"<!-- This site is optimized with the Yoast SEO plugin v21.3 - https:\/\/yoast.com\/wordpress\/plugins\/seo\/ -->\n<title>Adresse IP : une donn\u00e9e \u00e0 caract\u00e8re personnel et un moyen de preuve ? - AGIL&#039;IT<\/title>\n<meta name=\"robots\" content=\"index, follow, max-snippet:-1, max-image-preview:large, max-video-preview:-1\" \/>\n<link rel=\"canonical\" href=\"https:\/\/www.agilit.law\/en\/donnees-caractere-personnel\/adresse-ip-une-donnee-a-caractere-personnel-et-un-moyen-de-preuve\/\" \/>\n<meta property=\"og:locale\" content=\"en_US\" \/>\n<meta property=\"og:type\" content=\"article\" \/>\n<meta property=\"og:title\" content=\"Adresse IP : une donn\u00e9e \u00e0 caract\u00e8re personnel et un moyen de preuve ? - AGIL&#039;IT\" \/>\n<meta property=\"og:description\" content=\"Pour la premi\u00e8re fois, la chambre sociale de la Cour de cassation s\u2019est prononc\u00e9e sur la qualification de &#8220;donn\u00e9e \u00e0 caract\u00e8re personnel&#8221; que rev\u00eat une adresse IP et sur la lic\u00e9it\u00e9 de la preuve pouvant en r\u00e9sulter pour fonder un licenciement. &nbsp; En l\u2019esp\u00e8ce, un salari\u00e9 de l\u2019AFP, \u00e9galement correspondant informatique et libert\u00e9 au sein&hellip;\" \/>\n<meta property=\"og:url\" content=\"https:\/\/www.agilit.law\/en\/donnees-caractere-personnel\/adresse-ip-une-donnee-a-caractere-personnel-et-un-moyen-de-preuve\/\" \/>\n<meta property=\"og:site_name\" content=\"AGIL&#039;IT\" \/>\n<meta property=\"article:published_time\" content=\"2020-12-21T12:53:00+00:00\" \/>\n<meta property=\"article:modified_time\" content=\"2021-10-26T22:18:16+00:00\" \/>\n<meta property=\"og:image\" content=\"https:\/\/www.agilit.law\/wp-content\/uploads\/2020\/03\/shutterstock_1119130634.jpg\" \/>\n\t<meta property=\"og:image:width\" content=\"1500\" \/>\n\t<meta property=\"og:image:height\" content=\"813\" \/>\n\t<meta property=\"og:image:type\" content=\"image\/jpeg\" \/>\n<meta name=\"author\" content=\"Sandrine HENRION, Laure Landes-Gronowski\" \/>\n<meta name=\"twitter:card\" content=\"summary_large_image\" \/>\n<meta name=\"twitter:label1\" content=\"Written by\" \/>\n\t<meta name=\"twitter:data1\" content=\"Sandrine HENRION, Laure Landes-Gronowski\" \/>\n\t<meta name=\"twitter:label2\" content=\"Est. reading time\" \/>\n\t<meta name=\"twitter:data2\" content=\"6 minutes\" \/>\n<script type=\"application\/ld+json\" class=\"yoast-schema-graph\">{\"@context\":\"https:\/\/schema.org\",\"@graph\":[{\"@type\":\"WebPage\",\"@id\":\"https:\/\/www.agilit.law\/en\/donnees-caractere-personnel\/adresse-ip-une-donnee-a-caractere-personnel-et-un-moyen-de-preuve\/\",\"url\":\"https:\/\/www.agilit.law\/en\/donnees-caractere-personnel\/adresse-ip-une-donnee-a-caractere-personnel-et-un-moyen-de-preuve\/\",\"name\":\"Adresse IP : une donn\u00e9e \u00e0 caract\u00e8re personnel et un moyen de preuve ? - AGIL&#039;IT\",\"isPartOf\":{\"@id\":\"https:\/\/www.agilit.law\/#website\"},\"datePublished\":\"2020-12-21T12:53:00+00:00\",\"dateModified\":\"2021-10-26T22:18:16+00:00\",\"author\":{\"@id\":\"https:\/\/www.agilit.law\/#\/schema\/person\/f55bb8f9542b516dc39f1b7f9e296a5f\"},\"breadcrumb\":{\"@id\":\"https:\/\/www.agilit.law\/en\/donnees-caractere-personnel\/adresse-ip-une-donnee-a-caractere-personnel-et-un-moyen-de-preuve\/#breadcrumb\"},\"inLanguage\":\"en-US\",\"potentialAction\":[{\"@type\":\"ReadAction\",\"target\":[\"https:\/\/www.agilit.law\/en\/donnees-caractere-personnel\/adresse-ip-une-donnee-a-caractere-personnel-et-un-moyen-de-preuve\/\"]}]},{\"@type\":\"BreadcrumbList\",\"@id\":\"https:\/\/www.agilit.law\/en\/donnees-caractere-personnel\/adresse-ip-une-donnee-a-caractere-personnel-et-un-moyen-de-preuve\/#breadcrumb\",\"itemListElement\":[{\"@type\":\"ListItem\",\"position\":1,\"name\":\"Accueil\",\"item\":\"https:\/\/www.agilit.law\/en\/\"},{\"@type\":\"ListItem\",\"position\":2,\"name\":\"Adresse IP : une donn\u00e9e \u00e0 caract\u00e8re personnel et un moyen de preuve ?\"}]},{\"@type\":\"WebSite\",\"@id\":\"https:\/\/www.agilit.law\/#website\",\"url\":\"https:\/\/www.agilit.law\/\",\"name\":\"AGIL&#039;IT\",\"description\":\"Make things simple\",\"potentialAction\":[{\"@type\":\"SearchAction\",\"target\":{\"@type\":\"EntryPoint\",\"urlTemplate\":\"https:\/\/www.agilit.law\/?s={search_term_string}\"},\"query-input\":\"required name=search_term_string\"}],\"inLanguage\":\"en-US\"},{\"@type\":\"Person\",\"@id\":\"https:\/\/www.agilit.law\/#\/schema\/person\/f55bb8f9542b516dc39f1b7f9e296a5f\",\"name\":\"Sandrine HENRION\",\"image\":{\"@type\":\"ImageObject\",\"inLanguage\":\"en-US\",\"@id\":\"https:\/\/www.agilit.law\/#\/schema\/person\/image\/64c307cdb027afebab7e17aae55d39af\",\"url\":\"https:\/\/secure.gravatar.com\/avatar\/95338b8296ada09996c73112a3052c33?s=96&d=mm&r=g\",\"contentUrl\":\"https:\/\/secure.gravatar.com\/avatar\/95338b8296ada09996c73112a3052c33?s=96&d=mm&r=g\",\"caption\":\"Sandrine HENRION\"},\"url\":\"https:\/\/www.agilit.law\/en\/author\/sandrine\/\"}]}<\/script>\n<!-- \/ Yoast SEO plugin. -->","yoast_head_json":{"title":"Adresse IP : une donn\u00e9e \u00e0 caract\u00e8re personnel et un moyen de preuve ? - AGIL&#039;IT","robots":{"index":"index","follow":"follow","max-snippet":"max-snippet:-1","max-image-preview":"max-image-preview:large","max-video-preview":"max-video-preview:-1"},"canonical":"https:\/\/www.agilit.law\/en\/donnees-caractere-personnel\/adresse-ip-une-donnee-a-caractere-personnel-et-un-moyen-de-preuve\/","og_locale":"en_US","og_type":"article","og_title":"Adresse IP : une donn\u00e9e \u00e0 caract\u00e8re personnel et un moyen de preuve ? - AGIL&#039;IT","og_description":"Pour la premi\u00e8re fois, la chambre sociale de la Cour de cassation s\u2019est prononc\u00e9e sur la qualification de &#8220;donn\u00e9e \u00e0 caract\u00e8re personnel&#8221; que rev\u00eat une adresse IP et sur la lic\u00e9it\u00e9 de la preuve pouvant en r\u00e9sulter pour fonder un licenciement. &nbsp; En l\u2019esp\u00e8ce, un salari\u00e9 de l\u2019AFP, \u00e9galement correspondant informatique et libert\u00e9 au sein&hellip;","og_url":"https:\/\/www.agilit.law\/en\/donnees-caractere-personnel\/adresse-ip-une-donnee-a-caractere-personnel-et-un-moyen-de-preuve\/","og_site_name":"AGIL&#039;IT","article_published_time":"2020-12-21T12:53:00+00:00","article_modified_time":"2021-10-26T22:18:16+00:00","og_image":[{"width":1500,"height":813,"url":"https:\/\/www.agilit.law\/wp-content\/uploads\/2020\/03\/shutterstock_1119130634.jpg","type":"image\/jpeg"}],"author":"Sandrine HENRION, Laure Landes-Gronowski","twitter_card":"summary_large_image","twitter_misc":{"Written by":"Sandrine HENRION, Laure Landes-Gronowski","Est. reading time":"6 minutes"},"schema":{"@context":"https:\/\/schema.org","@graph":[{"@type":"WebPage","@id":"https:\/\/www.agilit.law\/en\/donnees-caractere-personnel\/adresse-ip-une-donnee-a-caractere-personnel-et-un-moyen-de-preuve\/","url":"https:\/\/www.agilit.law\/en\/donnees-caractere-personnel\/adresse-ip-une-donnee-a-caractere-personnel-et-un-moyen-de-preuve\/","name":"Adresse IP : une donn\u00e9e \u00e0 caract\u00e8re personnel et un moyen de preuve ? - AGIL&#039;IT","isPartOf":{"@id":"https:\/\/www.agilit.law\/#website"},"datePublished":"2020-12-21T12:53:00+00:00","dateModified":"2021-10-26T22:18:16+00:00","author":{"@id":"https:\/\/www.agilit.law\/#\/schema\/person\/f55bb8f9542b516dc39f1b7f9e296a5f"},"breadcrumb":{"@id":"https:\/\/www.agilit.law\/en\/donnees-caractere-personnel\/adresse-ip-une-donnee-a-caractere-personnel-et-un-moyen-de-preuve\/#breadcrumb"},"inLanguage":"en-US","potentialAction":[{"@type":"ReadAction","target":["https:\/\/www.agilit.law\/en\/donnees-caractere-personnel\/adresse-ip-une-donnee-a-caractere-personnel-et-un-moyen-de-preuve\/"]}]},{"@type":"BreadcrumbList","@id":"https:\/\/www.agilit.law\/en\/donnees-caractere-personnel\/adresse-ip-une-donnee-a-caractere-personnel-et-un-moyen-de-preuve\/#breadcrumb","itemListElement":[{"@type":"ListItem","position":1,"name":"Accueil","item":"https:\/\/www.agilit.law\/en\/"},{"@type":"ListItem","position":2,"name":"Adresse IP : une donn\u00e9e \u00e0 caract\u00e8re personnel et un moyen de preuve ?"}]},{"@type":"WebSite","@id":"https:\/\/www.agilit.law\/#website","url":"https:\/\/www.agilit.law\/","name":"AGIL&#039;IT","description":"Make things simple","potentialAction":[{"@type":"SearchAction","target":{"@type":"EntryPoint","urlTemplate":"https:\/\/www.agilit.law\/?s={search_term_string}"},"query-input":"required name=search_term_string"}],"inLanguage":"en-US"},{"@type":"Person","@id":"https:\/\/www.agilit.law\/#\/schema\/person\/f55bb8f9542b516dc39f1b7f9e296a5f","name":"Sandrine HENRION","image":{"@type":"ImageObject","inLanguage":"en-US","@id":"https:\/\/www.agilit.law\/#\/schema\/person\/image\/64c307cdb027afebab7e17aae55d39af","url":"https:\/\/secure.gravatar.com\/avatar\/95338b8296ada09996c73112a3052c33?s=96&d=mm&r=g","contentUrl":"https:\/\/secure.gravatar.com\/avatar\/95338b8296ada09996c73112a3052c33?s=96&d=mm&r=g","caption":"Sandrine HENRION"},"url":"https:\/\/www.agilit.law\/en\/author\/sandrine\/"}]}},"_links":{"self":[{"href":"https:\/\/www.agilit.law\/en\/wp-json\/wp\/v2\/posts\/8645"}],"collection":[{"href":"https:\/\/www.agilit.law\/en\/wp-json\/wp\/v2\/posts"}],"about":[{"href":"https:\/\/www.agilit.law\/en\/wp-json\/wp\/v2\/types\/post"}],"author":[{"embeddable":true,"href":"https:\/\/www.agilit.law\/en\/wp-json\/wp\/v2\/users\/11"}],"replies":[{"embeddable":true,"href":"https:\/\/www.agilit.law\/en\/wp-json\/wp\/v2\/comments?post=8645"}],"version-history":[{"count":12,"href":"https:\/\/www.agilit.law\/en\/wp-json\/wp\/v2\/posts\/8645\/revisions"}],"predecessor-version":[{"id":8678,"href":"https:\/\/www.agilit.law\/en\/wp-json\/wp\/v2\/posts\/8645\/revisions\/8678"}],"wp:featuredmedia":[{"embeddable":true,"href":"https:\/\/www.agilit.law\/en\/wp-json\/wp\/v2\/media\/6238"}],"wp:attachment":[{"href":"https:\/\/www.agilit.law\/en\/wp-json\/wp\/v2\/media?parent=8645"}],"wp:term":[{"taxonomy":"category","embeddable":true,"href":"https:\/\/www.agilit.law\/en\/wp-json\/wp\/v2\/categories?post=8645"},{"taxonomy":"post_tag","embeddable":true,"href":"https:\/\/www.agilit.law\/en\/wp-json\/wp\/v2\/tags?post=8645"},{"taxonomy":"author","embeddable":true,"href":"https:\/\/www.agilit.law\/en\/wp-json\/wp\/v2\/coauthors?post=8645"}],"curies":[{"name":"wp","href":"https:\/\/api.w.org\/{rel}","templated":true}]}}