{"id":8304,"date":"2020-10-08T11:49:12","date_gmt":"2020-10-08T09:49:12","guid":{"rendered":"https:\/\/www.agilit.law\/?p=8304"},"modified":"2021-10-27T00:19:51","modified_gmt":"2021-10-26T22:19:51","slug":"ensemble-mobilisons-nous-pour-un-numeriqueresponsable","status":"publish","type":"post","link":"https:\/\/www.agilit.law\/en\/non-classifiee\/ensemble-mobilisons-nous-pour-un-numeriqueresponsable\/","title":{"rendered":"#Ensemble mobilisons-nous pour un #Num\u00e9riqueResponsable"},"content":{"rendered":"<p><strong><img decoding=\"async\" loading=\"lazy\" class=\"wp-image-8306 alignleft\" src=\"https:\/\/www.agilit.law\/wp-content\/uploads\/2020\/10\/Logo-PlaneteTC-Signataire-couleur.png\" alt=\"\" width=\"329\" height=\"156\" srcset=\"https:\/\/www.agilit.law\/wp-content\/uploads\/2020\/10\/Logo-PlaneteTC-Signataire-couleur.png 667w, https:\/\/www.agilit.law\/wp-content\/uploads\/2020\/10\/Logo-PlaneteTC-Signataire-couleur-500x237.png 500w, https:\/\/www.agilit.law\/wp-content\/uploads\/2020\/10\/Logo-PlaneteTC-Signataire-couleur-600x284.png 600w\" sizes=\"(max-width: 329px) 100vw, 329px\" \/><\/strong><\/p>\n<p>&nbsp;<\/p>\n<p><strong>Nous sommes fiers de nous associer \u00e0 @syntecnumerique, pour le lancement de @Planet_TechCare !<\/strong><\/p>\n<p>#Ensemble mobilisons-nous pour un #Num\u00e9riqueResponsable #MoreThanTech &#x2705;<\/p>\n<p>&nbsp;<\/p>\n<p>&nbsp;<\/p>\n<p>Qu\u2019est-ce que #PlanetTechCare &#x2753;<\/p>\n<p>Une plateforme d&#8217;accompagnement qui vise \u00e0 :<\/p>\n<p>&#x27a1;Accompagner les entreprises dans leur strat\u00e9gie environnementale<br \/>\n&#x27a1;Soutenir les acteurs de la #formation dans le d\u00e9veloppement des #comp\u00e9tences en mati\u00e8re de<br \/>\n#Num\u00e9riqueResponsable<\/p>\n<p>www.planet-techcare.green<\/p>\n<p>&nbsp;<\/p>\n<p>&nbsp;<\/p>\n","protected":false},"excerpt":{"rendered":"<p>&nbsp; Nous sommes fiers de nous associer \u00e0 @syntecnumerique, pour le lancement de @Planet_TechCare ! #Ensemble mobilisons-nous pour un #Num\u00e9riqueResponsable #MoreThanTech &#x2705; &nbsp; &nbsp; Qu\u2019est-ce que #PlanetTechCare &#x2753; Une plateforme d&#8217;accompagnement qui vise \u00e0 : &#x27a1;Accompagner les entreprises dans leur strat\u00e9gie environnementale &#x27a1;Soutenir les acteurs de la #formation dans le d\u00e9veloppement des #comp\u00e9tences en mati\u00e8re&hellip;<\/p>\n","protected":false},"author":4,"featured_media":6033,"comment_status":"closed","ping_status":"closed","sticky":false,"template":"","format":"standard","meta":{"footnotes":""},"categories":[1],"tags":[],"coauthors":[94],"yoast_head":"<!-- This site is optimized with the Yoast SEO plugin v21.3 - https:\/\/yoast.com\/wordpress\/plugins\/seo\/ -->\n<title>#Ensemble mobilisons-nous pour un #Num\u00e9riqueResponsable - AGIL&#039;IT<\/title>\n<meta name=\"robots\" content=\"index, follow, max-snippet:-1, max-image-preview:large, max-video-preview:-1\" \/>\n<link rel=\"canonical\" href=\"https:\/\/www.agilit.law\/en\/non-classifiee\/ensemble-mobilisons-nous-pour-un-numeriqueresponsable\/\" \/>\n<meta property=\"og:locale\" content=\"en_US\" \/>\n<meta property=\"og:type\" content=\"article\" \/>\n<meta property=\"og:title\" content=\"#Ensemble mobilisons-nous pour un #Num\u00e9riqueResponsable - AGIL&#039;IT\" \/>\n<meta property=\"og:description\" content=\"&nbsp; Nous sommes fiers de nous associer \u00e0 @syntecnumerique, pour le lancement de @Planet_TechCare ! #Ensemble mobilisons-nous pour un #Num\u00e9riqueResponsable #MoreThanTech &#x2705; &nbsp; &nbsp; Qu\u2019est-ce que #PlanetTechCare &#x2753; Une plateforme d&#8217;accompagnement qui vise \u00e0 : &#x27a1;Accompagner les entreprises dans leur strat\u00e9gie environnementale &#x27a1;Soutenir les acteurs de la #formation dans le d\u00e9veloppement des #comp\u00e9tences en mati\u00e8re&hellip;\" \/>\n<meta property=\"og:url\" content=\"https:\/\/www.agilit.law\/en\/non-classifiee\/ensemble-mobilisons-nous-pour-un-numeriqueresponsable\/\" \/>\n<meta property=\"og:site_name\" content=\"AGIL&#039;IT\" \/>\n<meta property=\"article:published_time\" content=\"2020-10-08T09:49:12+00:00\" \/>\n<meta property=\"article:modified_time\" content=\"2021-10-26T22:19:51+00:00\" \/>\n<meta property=\"og:image\" content=\"https:\/\/www.agilit.law\/wp-content\/uploads\/2019\/12\/shutterstock_359090318-Copie-scaled.jpg\" \/>\n\t<meta property=\"og:image:width\" content=\"2560\" \/>\n\t<meta property=\"og:image:height\" content=\"977\" \/>\n\t<meta property=\"og:image:type\" content=\"image\/jpeg\" \/>\n<meta name=\"author\" content=\"Laure Landes-Gronowski\" \/>\n<meta name=\"twitter:card\" content=\"summary_large_image\" \/>\n<meta name=\"twitter:label1\" content=\"Written by\" \/>\n\t<meta name=\"twitter:data1\" content=\"Laure Landes-Gronowski\" \/>\n<script type=\"application\/ld+json\" class=\"yoast-schema-graph\">{\"@context\":\"https:\/\/schema.org\",\"@graph\":[{\"@type\":\"WebPage\",\"@id\":\"https:\/\/www.agilit.law\/en\/non-classifiee\/ensemble-mobilisons-nous-pour-un-numeriqueresponsable\/\",\"url\":\"https:\/\/www.agilit.law\/en\/non-classifiee\/ensemble-mobilisons-nous-pour-un-numeriqueresponsable\/\",\"name\":\"#Ensemble mobilisons-nous pour un #Num\u00e9riqueResponsable - AGIL&#039;IT\",\"isPartOf\":{\"@id\":\"https:\/\/www.agilit.law\/#website\"},\"datePublished\":\"2020-10-08T09:49:12+00:00\",\"dateModified\":\"2021-10-26T22:19:51+00:00\",\"author\":{\"@id\":\"https:\/\/www.agilit.law\/#\/schema\/person\/906193fbe5e020fa826cf7bed5f0119b\"},\"breadcrumb\":{\"@id\":\"https:\/\/www.agilit.law\/en\/non-classifiee\/ensemble-mobilisons-nous-pour-un-numeriqueresponsable\/#breadcrumb\"},\"inLanguage\":\"en-US\",\"potentialAction\":[{\"@type\":\"ReadAction\",\"target\":[\"https:\/\/www.agilit.law\/en\/non-classifiee\/ensemble-mobilisons-nous-pour-un-numeriqueresponsable\/\"]}]},{\"@type\":\"BreadcrumbList\",\"@id\":\"https:\/\/www.agilit.law\/en\/non-classifiee\/ensemble-mobilisons-nous-pour-un-numeriqueresponsable\/#breadcrumb\",\"itemListElement\":[{\"@type\":\"ListItem\",\"position\":1,\"name\":\"Accueil\",\"item\":\"https:\/\/www.agilit.law\/en\/\"},{\"@type\":\"ListItem\",\"position\":2,\"name\":\"#Ensemble mobilisons-nous pour un #Num\u00e9riqueResponsable\"}]},{\"@type\":\"WebSite\",\"@id\":\"https:\/\/www.agilit.law\/#website\",\"url\":\"https:\/\/www.agilit.law\/\",\"name\":\"AGIL&#039;IT\",\"description\":\"Make things simple\",\"potentialAction\":[{\"@type\":\"SearchAction\",\"target\":{\"@type\":\"EntryPoint\",\"urlTemplate\":\"https:\/\/www.agilit.law\/?s={search_term_string}\"},\"query-input\":\"required name=search_term_string\"}],\"inLanguage\":\"en-US\"},{\"@type\":\"Person\",\"@id\":\"https:\/\/www.agilit.law\/#\/schema\/person\/906193fbe5e020fa826cf7bed5f0119b\",\"name\":\"Laure Landes-Gronowski\",\"image\":{\"@type\":\"ImageObject\",\"inLanguage\":\"en-US\",\"@id\":\"https:\/\/www.agilit.law\/#\/schema\/person\/image\/28fdc5034409b7339d9cfb1c7e67a42c\",\"url\":\"https:\/\/secure.gravatar.com\/avatar\/13eb25dedfd6848dcbcfda1a74be2ff1?s=96&d=mm&r=g\",\"contentUrl\":\"https:\/\/secure.gravatar.com\/avatar\/13eb25dedfd6848dcbcfda1a74be2ff1?s=96&d=mm&r=g\",\"caption\":\"Laure Landes-Gronowski\"},\"url\":\"https:\/\/www.agilit.law\/en\/author\/laure\/\"}]}<\/script>\n<!-- \/ Yoast SEO plugin. -->","yoast_head_json":{"title":"#Ensemble mobilisons-nous pour un #Num\u00e9riqueResponsable - AGIL&#039;IT","robots":{"index":"index","follow":"follow","max-snippet":"max-snippet:-1","max-image-preview":"max-image-preview:large","max-video-preview":"max-video-preview:-1"},"canonical":"https:\/\/www.agilit.law\/en\/non-classifiee\/ensemble-mobilisons-nous-pour-un-numeriqueresponsable\/","og_locale":"en_US","og_type":"article","og_title":"#Ensemble mobilisons-nous pour un #Num\u00e9riqueResponsable - AGIL&#039;IT","og_description":"&nbsp; Nous sommes fiers de nous associer \u00e0 @syntecnumerique, pour le lancement de @Planet_TechCare ! #Ensemble mobilisons-nous pour un #Num\u00e9riqueResponsable #MoreThanTech &#x2705; &nbsp; &nbsp; Qu\u2019est-ce que #PlanetTechCare &#x2753; Une plateforme d&#8217;accompagnement qui vise \u00e0 : &#x27a1;Accompagner les entreprises dans leur strat\u00e9gie environnementale &#x27a1;Soutenir les acteurs de la #formation dans le d\u00e9veloppement des #comp\u00e9tences en mati\u00e8re&hellip;","og_url":"https:\/\/www.agilit.law\/en\/non-classifiee\/ensemble-mobilisons-nous-pour-un-numeriqueresponsable\/","og_site_name":"AGIL&#039;IT","article_published_time":"2020-10-08T09:49:12+00:00","article_modified_time":"2021-10-26T22:19:51+00:00","og_image":[{"width":2560,"height":977,"url":"https:\/\/www.agilit.law\/wp-content\/uploads\/2019\/12\/shutterstock_359090318-Copie-scaled.jpg","type":"image\/jpeg"}],"author":"Laure Landes-Gronowski","twitter_card":"summary_large_image","twitter_misc":{"Written by":"Laure Landes-Gronowski"},"schema":{"@context":"https:\/\/schema.org","@graph":[{"@type":"WebPage","@id":"https:\/\/www.agilit.law\/en\/non-classifiee\/ensemble-mobilisons-nous-pour-un-numeriqueresponsable\/","url":"https:\/\/www.agilit.law\/en\/non-classifiee\/ensemble-mobilisons-nous-pour-un-numeriqueresponsable\/","name":"#Ensemble mobilisons-nous pour un #Num\u00e9riqueResponsable - AGIL&#039;IT","isPartOf":{"@id":"https:\/\/www.agilit.law\/#website"},"datePublished":"2020-10-08T09:49:12+00:00","dateModified":"2021-10-26T22:19:51+00:00","author":{"@id":"https:\/\/www.agilit.law\/#\/schema\/person\/906193fbe5e020fa826cf7bed5f0119b"},"breadcrumb":{"@id":"https:\/\/www.agilit.law\/en\/non-classifiee\/ensemble-mobilisons-nous-pour-un-numeriqueresponsable\/#breadcrumb"},"inLanguage":"en-US","potentialAction":[{"@type":"ReadAction","target":["https:\/\/www.agilit.law\/en\/non-classifiee\/ensemble-mobilisons-nous-pour-un-numeriqueresponsable\/"]}]},{"@type":"BreadcrumbList","@id":"https:\/\/www.agilit.law\/en\/non-classifiee\/ensemble-mobilisons-nous-pour-un-numeriqueresponsable\/#breadcrumb","itemListElement":[{"@type":"ListItem","position":1,"name":"Accueil","item":"https:\/\/www.agilit.law\/en\/"},{"@type":"ListItem","position":2,"name":"#Ensemble mobilisons-nous pour un #Num\u00e9riqueResponsable"}]},{"@type":"WebSite","@id":"https:\/\/www.agilit.law\/#website","url":"https:\/\/www.agilit.law\/","name":"AGIL&#039;IT","description":"Make things simple","potentialAction":[{"@type":"SearchAction","target":{"@type":"EntryPoint","urlTemplate":"https:\/\/www.agilit.law\/?s={search_term_string}"},"query-input":"required name=search_term_string"}],"inLanguage":"en-US"},{"@type":"Person","@id":"https:\/\/www.agilit.law\/#\/schema\/person\/906193fbe5e020fa826cf7bed5f0119b","name":"Laure Landes-Gronowski","image":{"@type":"ImageObject","inLanguage":"en-US","@id":"https:\/\/www.agilit.law\/#\/schema\/person\/image\/28fdc5034409b7339d9cfb1c7e67a42c","url":"https:\/\/secure.gravatar.com\/avatar\/13eb25dedfd6848dcbcfda1a74be2ff1?s=96&d=mm&r=g","contentUrl":"https:\/\/secure.gravatar.com\/avatar\/13eb25dedfd6848dcbcfda1a74be2ff1?s=96&d=mm&r=g","caption":"Laure Landes-Gronowski"},"url":"https:\/\/www.agilit.law\/en\/author\/laure\/"}]}},"_links":{"self":[{"href":"https:\/\/www.agilit.law\/en\/wp-json\/wp\/v2\/posts\/8304"}],"collection":[{"href":"https:\/\/www.agilit.law\/en\/wp-json\/wp\/v2\/posts"}],"about":[{"href":"https:\/\/www.agilit.law\/en\/wp-json\/wp\/v2\/types\/post"}],"author":[{"embeddable":true,"href":"https:\/\/www.agilit.law\/en\/wp-json\/wp\/v2\/users\/4"}],"replies":[{"embeddable":true,"href":"https:\/\/www.agilit.law\/en\/wp-json\/wp\/v2\/comments?post=8304"}],"version-history":[{"count":4,"href":"https:\/\/www.agilit.law\/en\/wp-json\/wp\/v2\/posts\/8304\/revisions"}],"predecessor-version":[{"id":8310,"href":"https:\/\/www.agilit.law\/en\/wp-json\/wp\/v2\/posts\/8304\/revisions\/8310"}],"wp:featuredmedia":[{"embeddable":true,"href":"https:\/\/www.agilit.law\/en\/wp-json\/wp\/v2\/media\/6033"}],"wp:attachment":[{"href":"https:\/\/www.agilit.law\/en\/wp-json\/wp\/v2\/media?parent=8304"}],"wp:term":[{"taxonomy":"category","embeddable":true,"href":"https:\/\/www.agilit.law\/en\/wp-json\/wp\/v2\/categories?post=8304"},{"taxonomy":"post_tag","embeddable":true,"href":"https:\/\/www.agilit.law\/en\/wp-json\/wp\/v2\/tags?post=8304"},{"taxonomy":"author","embeddable":true,"href":"https:\/\/www.agilit.law\/en\/wp-json\/wp\/v2\/coauthors?post=8304"}],"curies":[{"name":"wp","href":"https:\/\/api.w.org\/{rel}","templated":true}]}}