{"id":8186,"date":"2020-08-24T14:29:28","date_gmt":"2020-08-24T12:29:28","guid":{"rendered":"https:\/\/www.agilit.law\/?p=8186"},"modified":"2020-08-24T14:29:28","modified_gmt":"2020-08-24T12:29:28","slug":"flash-actu-changement-du-taux-de-ressort-des-conseils-de-prudhommes","status":"publish","type":"post","link":"https:\/\/www.agilit.law\/en\/droit-social-travail-securite-sociale\/flash-actu-changement-du-taux-de-ressort-des-conseils-de-prudhommes\/","title":{"rendered":"Flash actu: Changement du taux de ressort des Conseils de prud&#8217;hommes"},"content":{"rendered":"<p>Le <a href=\"https:\/\/www.legifrance.gouv.fr\/affichTexte.do?cidTexte=JORFTEXT000042243585&amp;categorieLien=id\">d\u00e9cret n\u00b02020-1066 du 17 ao\u00fbt 2020<\/a> a modifi\u00e9 le taux de ressort pr\u00e9vu \u00e0 l\u2019article D. 1462-3 du code du travail qui, d\u00e9sormais, s\u2019\u00e9l\u00e8ve \u00e0 <strong>5.000 euros.<\/strong><\/p>\n<p>&nbsp;<\/p>\n<p>Ce nouveau taux s\u2019applique \u00e0 toutes les audiences introduites \u00e0 compter du <strong>1<sup>er<\/sup> septembre 2020<\/strong>.<\/p>\n<p>Autrement dit, si \u00e0 cette date les demandes sont inf\u00e9rieures \u00e0 5.000 euros alors, le Conseil de prud\u2019hommes saisi devra statuer en dernier ressort et aucun appel ne sera possible. Seul un pourvoi en cassation sera envisageable pour les parties.<\/p>\n<p>&nbsp;<\/p>\n<p>Pour les affaires introduites avant le 1<sup>er<\/sup> septembre 2020, le taux de ressort reste fix\u00e9 \u00e0 4.000 euros.<\/p>\n<p>&nbsp;<\/p>\n<p>&nbsp;<\/p>\n<p>Par <a href=\"https:\/\/www.agilit.law\/\">AGIL&#8217;IT<\/a> &#8211; <a href=\"https:\/\/www.agilit.law\/expertises\/droit-du-travail-securite-sociale\/\">P\u00f4le Droit social\u00a0<\/a><\/p>\n<p><a href=\"https:\/\/www.agilit.law\/cabinet\/equipe\/sandrine-henrion\/\">Sandrine HENRION,<\/a> Avocate Associ\u00e9e<\/p>\n<p>&nbsp;<\/p>\n","protected":false},"excerpt":{"rendered":"<p>Le d\u00e9cret n\u00b02020-1066 du 17 ao\u00fbt 2020 a modifi\u00e9 le taux de ressort pr\u00e9vu \u00e0 l\u2019article D. 1462-3 du code du travail qui, d\u00e9sormais, s\u2019\u00e9l\u00e8ve \u00e0 5.000 euros. &nbsp; Ce nouveau taux s\u2019applique \u00e0 toutes les audiences introduites \u00e0 compter du 1er septembre 2020. Autrement dit, si \u00e0 cette date les demandes sont inf\u00e9rieures \u00e0&hellip;<\/p>\n","protected":false},"author":11,"featured_media":5395,"comment_status":"closed","ping_status":"closed","sticky":false,"template":"","format":"standard","meta":{"footnotes":""},"categories":[72],"tags":[],"coauthors":[103],"yoast_head":"<!-- This site is optimized with the Yoast SEO plugin v21.3 - https:\/\/yoast.com\/wordpress\/plugins\/seo\/ -->\n<title>Flash actu: Changement du taux de ressort des Conseils de prud&#039;hommes - AGIL&#039;IT<\/title>\n<meta name=\"robots\" content=\"index, follow, max-snippet:-1, max-image-preview:large, max-video-preview:-1\" \/>\n<link rel=\"canonical\" href=\"https:\/\/www.agilit.law\/droit-social-travail-securite-sociale\/flash-actu-changement-du-taux-de-ressort-des-conseils-de-prudhommes\/\" \/>\n<meta property=\"og:locale\" content=\"en_US\" \/>\n<meta property=\"og:type\" content=\"article\" \/>\n<meta property=\"og:title\" content=\"Flash actu: Changement du taux de ressort des Conseils de prud&#039;hommes - AGIL&#039;IT\" \/>\n<meta property=\"og:description\" content=\"Le d\u00e9cret n\u00b02020-1066 du 17 ao\u00fbt 2020 a modifi\u00e9 le taux de ressort pr\u00e9vu \u00e0 l\u2019article D. 1462-3 du code du travail qui, d\u00e9sormais, s\u2019\u00e9l\u00e8ve \u00e0 5.000 euros. &nbsp; Ce nouveau taux s\u2019applique \u00e0 toutes les audiences introduites \u00e0 compter du 1er septembre 2020. Autrement dit, si \u00e0 cette date les demandes sont inf\u00e9rieures \u00e0&hellip;\" \/>\n<meta property=\"og:url\" content=\"https:\/\/www.agilit.law\/droit-social-travail-securite-sociale\/flash-actu-changement-du-taux-de-ressort-des-conseils-de-prudhommes\/\" \/>\n<meta property=\"og:site_name\" content=\"AGIL&#039;IT\" \/>\n<meta property=\"article:published_time\" content=\"2020-08-24T12:29:28+00:00\" \/>\n<meta property=\"og:image\" content=\"https:\/\/www.agilit.law\/wp-content\/uploads\/2019\/04\/shutterstock_1235642833-5.jpg\" \/>\n\t<meta property=\"og:image:width\" content=\"1500\" \/>\n\t<meta property=\"og:image:height\" content=\"813\" \/>\n\t<meta property=\"og:image:type\" content=\"image\/jpeg\" \/>\n<meta name=\"author\" content=\"Sandrine HENRION\" \/>\n<meta name=\"twitter:card\" content=\"summary_large_image\" \/>\n<meta name=\"twitter:label1\" content=\"Written by\" \/>\n\t<meta name=\"twitter:data1\" content=\"Sandrine HENRION\" \/>\n\t<meta name=\"twitter:label2\" content=\"Est. reading time\" \/>\n\t<meta name=\"twitter:data2\" content=\"1 minute\" \/>\n<script type=\"application\/ld+json\" class=\"yoast-schema-graph\">{\"@context\":\"https:\/\/schema.org\",\"@graph\":[{\"@type\":\"WebPage\",\"@id\":\"https:\/\/www.agilit.law\/droit-social-travail-securite-sociale\/flash-actu-changement-du-taux-de-ressort-des-conseils-de-prudhommes\/\",\"url\":\"https:\/\/www.agilit.law\/droit-social-travail-securite-sociale\/flash-actu-changement-du-taux-de-ressort-des-conseils-de-prudhommes\/\",\"name\":\"Flash actu: Changement du taux de ressort des Conseils de prud'hommes - AGIL&#039;IT\",\"isPartOf\":{\"@id\":\"https:\/\/www.agilit.law\/#website\"},\"datePublished\":\"2020-08-24T12:29:28+00:00\",\"dateModified\":\"2020-08-24T12:29:28+00:00\",\"author\":{\"@id\":\"https:\/\/www.agilit.law\/#\/schema\/person\/f55bb8f9542b516dc39f1b7f9e296a5f\"},\"breadcrumb\":{\"@id\":\"https:\/\/www.agilit.law\/droit-social-travail-securite-sociale\/flash-actu-changement-du-taux-de-ressort-des-conseils-de-prudhommes\/#breadcrumb\"},\"inLanguage\":\"en-US\",\"potentialAction\":[{\"@type\":\"ReadAction\",\"target\":[\"https:\/\/www.agilit.law\/droit-social-travail-securite-sociale\/flash-actu-changement-du-taux-de-ressort-des-conseils-de-prudhommes\/\"]}]},{\"@type\":\"BreadcrumbList\",\"@id\":\"https:\/\/www.agilit.law\/droit-social-travail-securite-sociale\/flash-actu-changement-du-taux-de-ressort-des-conseils-de-prudhommes\/#breadcrumb\",\"itemListElement\":[{\"@type\":\"ListItem\",\"position\":1,\"name\":\"Accueil\",\"item\":\"https:\/\/www.agilit.law\/en\/\"},{\"@type\":\"ListItem\",\"position\":2,\"name\":\"Flash actu: Changement du taux de ressort des Conseils de prud&#8217;hommes\"}]},{\"@type\":\"WebSite\",\"@id\":\"https:\/\/www.agilit.law\/#website\",\"url\":\"https:\/\/www.agilit.law\/\",\"name\":\"AGIL&#039;IT\",\"description\":\"Make things simple\",\"potentialAction\":[{\"@type\":\"SearchAction\",\"target\":{\"@type\":\"EntryPoint\",\"urlTemplate\":\"https:\/\/www.agilit.law\/?s={search_term_string}\"},\"query-input\":\"required name=search_term_string\"}],\"inLanguage\":\"en-US\"},{\"@type\":\"Person\",\"@id\":\"https:\/\/www.agilit.law\/#\/schema\/person\/f55bb8f9542b516dc39f1b7f9e296a5f\",\"name\":\"Sandrine HENRION\",\"image\":{\"@type\":\"ImageObject\",\"inLanguage\":\"en-US\",\"@id\":\"https:\/\/www.agilit.law\/#\/schema\/person\/image\/64c307cdb027afebab7e17aae55d39af\",\"url\":\"https:\/\/secure.gravatar.com\/avatar\/95338b8296ada09996c73112a3052c33?s=96&d=mm&r=g\",\"contentUrl\":\"https:\/\/secure.gravatar.com\/avatar\/95338b8296ada09996c73112a3052c33?s=96&d=mm&r=g\",\"caption\":\"Sandrine HENRION\"},\"url\":\"https:\/\/www.agilit.law\/en\/author\/sandrine\/\"}]}<\/script>\n<!-- \/ Yoast SEO plugin. -->","yoast_head_json":{"title":"Flash actu: Changement du taux de ressort des Conseils de prud'hommes - AGIL&#039;IT","robots":{"index":"index","follow":"follow","max-snippet":"max-snippet:-1","max-image-preview":"max-image-preview:large","max-video-preview":"max-video-preview:-1"},"canonical":"https:\/\/www.agilit.law\/droit-social-travail-securite-sociale\/flash-actu-changement-du-taux-de-ressort-des-conseils-de-prudhommes\/","og_locale":"en_US","og_type":"article","og_title":"Flash actu: Changement du taux de ressort des Conseils de prud'hommes - AGIL&#039;IT","og_description":"Le d\u00e9cret n\u00b02020-1066 du 17 ao\u00fbt 2020 a modifi\u00e9 le taux de ressort pr\u00e9vu \u00e0 l\u2019article D. 1462-3 du code du travail qui, d\u00e9sormais, s\u2019\u00e9l\u00e8ve \u00e0 5.000 euros. &nbsp; Ce nouveau taux s\u2019applique \u00e0 toutes les audiences introduites \u00e0 compter du 1er septembre 2020. Autrement dit, si \u00e0 cette date les demandes sont inf\u00e9rieures \u00e0&hellip;","og_url":"https:\/\/www.agilit.law\/droit-social-travail-securite-sociale\/flash-actu-changement-du-taux-de-ressort-des-conseils-de-prudhommes\/","og_site_name":"AGIL&#039;IT","article_published_time":"2020-08-24T12:29:28+00:00","og_image":[{"width":1500,"height":813,"url":"https:\/\/www.agilit.law\/wp-content\/uploads\/2019\/04\/shutterstock_1235642833-5.jpg","type":"image\/jpeg"}],"author":"Sandrine HENRION","twitter_card":"summary_large_image","twitter_misc":{"Written by":"Sandrine HENRION","Est. reading time":"1 minute"},"schema":{"@context":"https:\/\/schema.org","@graph":[{"@type":"WebPage","@id":"https:\/\/www.agilit.law\/droit-social-travail-securite-sociale\/flash-actu-changement-du-taux-de-ressort-des-conseils-de-prudhommes\/","url":"https:\/\/www.agilit.law\/droit-social-travail-securite-sociale\/flash-actu-changement-du-taux-de-ressort-des-conseils-de-prudhommes\/","name":"Flash actu: Changement du taux de ressort des Conseils de prud'hommes - AGIL&#039;IT","isPartOf":{"@id":"https:\/\/www.agilit.law\/#website"},"datePublished":"2020-08-24T12:29:28+00:00","dateModified":"2020-08-24T12:29:28+00:00","author":{"@id":"https:\/\/www.agilit.law\/#\/schema\/person\/f55bb8f9542b516dc39f1b7f9e296a5f"},"breadcrumb":{"@id":"https:\/\/www.agilit.law\/droit-social-travail-securite-sociale\/flash-actu-changement-du-taux-de-ressort-des-conseils-de-prudhommes\/#breadcrumb"},"inLanguage":"en-US","potentialAction":[{"@type":"ReadAction","target":["https:\/\/www.agilit.law\/droit-social-travail-securite-sociale\/flash-actu-changement-du-taux-de-ressort-des-conseils-de-prudhommes\/"]}]},{"@type":"BreadcrumbList","@id":"https:\/\/www.agilit.law\/droit-social-travail-securite-sociale\/flash-actu-changement-du-taux-de-ressort-des-conseils-de-prudhommes\/#breadcrumb","itemListElement":[{"@type":"ListItem","position":1,"name":"Accueil","item":"https:\/\/www.agilit.law\/en\/"},{"@type":"ListItem","position":2,"name":"Flash actu: Changement du taux de ressort des Conseils de prud&#8217;hommes"}]},{"@type":"WebSite","@id":"https:\/\/www.agilit.law\/#website","url":"https:\/\/www.agilit.law\/","name":"AGIL&#039;IT","description":"Make things simple","potentialAction":[{"@type":"SearchAction","target":{"@type":"EntryPoint","urlTemplate":"https:\/\/www.agilit.law\/?s={search_term_string}"},"query-input":"required name=search_term_string"}],"inLanguage":"en-US"},{"@type":"Person","@id":"https:\/\/www.agilit.law\/#\/schema\/person\/f55bb8f9542b516dc39f1b7f9e296a5f","name":"Sandrine HENRION","image":{"@type":"ImageObject","inLanguage":"en-US","@id":"https:\/\/www.agilit.law\/#\/schema\/person\/image\/64c307cdb027afebab7e17aae55d39af","url":"https:\/\/secure.gravatar.com\/avatar\/95338b8296ada09996c73112a3052c33?s=96&d=mm&r=g","contentUrl":"https:\/\/secure.gravatar.com\/avatar\/95338b8296ada09996c73112a3052c33?s=96&d=mm&r=g","caption":"Sandrine HENRION"},"url":"https:\/\/www.agilit.law\/en\/author\/sandrine\/"}]}},"_links":{"self":[{"href":"https:\/\/www.agilit.law\/en\/wp-json\/wp\/v2\/posts\/8186"}],"collection":[{"href":"https:\/\/www.agilit.law\/en\/wp-json\/wp\/v2\/posts"}],"about":[{"href":"https:\/\/www.agilit.law\/en\/wp-json\/wp\/v2\/types\/post"}],"author":[{"embeddable":true,"href":"https:\/\/www.agilit.law\/en\/wp-json\/wp\/v2\/users\/11"}],"replies":[{"embeddable":true,"href":"https:\/\/www.agilit.law\/en\/wp-json\/wp\/v2\/comments?post=8186"}],"version-history":[{"count":8,"href":"https:\/\/www.agilit.law\/en\/wp-json\/wp\/v2\/posts\/8186\/revisions"}],"predecessor-version":[{"id":8193,"href":"https:\/\/www.agilit.law\/en\/wp-json\/wp\/v2\/posts\/8186\/revisions\/8193"}],"wp:featuredmedia":[{"embeddable":true,"href":"https:\/\/www.agilit.law\/en\/wp-json\/wp\/v2\/media\/5395"}],"wp:attachment":[{"href":"https:\/\/www.agilit.law\/en\/wp-json\/wp\/v2\/media?parent=8186"}],"wp:term":[{"taxonomy":"category","embeddable":true,"href":"https:\/\/www.agilit.law\/en\/wp-json\/wp\/v2\/categories?post=8186"},{"taxonomy":"post_tag","embeddable":true,"href":"https:\/\/www.agilit.law\/en\/wp-json\/wp\/v2\/tags?post=8186"},{"taxonomy":"author","embeddable":true,"href":"https:\/\/www.agilit.law\/en\/wp-json\/wp\/v2\/coauthors?post=8186"}],"curies":[{"name":"wp","href":"https:\/\/api.w.org\/{rel}","templated":true}]}}