{"id":6214,"date":"2020-03-05T19:07:37","date_gmt":"2020-03-05T18:07:37","guid":{"rendered":"https:\/\/www.agilit.law\/?p=6214"},"modified":"2021-01-31T21:18:19","modified_gmt":"2021-01-31T20:18:19","slug":"agilit-accompagne-la-cession-de-la-societe-environnement-tpl-au-groupe-sarp","status":"publish","type":"post","link":"https:\/\/www.agilit.law\/en\/droit-societes-fusions-acquisitions\/agilit-accompagne-la-cession-de-la-societe-environnement-tpl-au-groupe-sarp\/","title":{"rendered":"AGIL\u2019IT ACCOMPAGNE LA CESSION DE LA SOCIETE ENVIRONNEMENT TPL AU GROUPE SARP"},"content":{"rendered":"<p>&nbsp;<\/p>\n<p>Mathieu Siraga et Anne D\u00e9champs ont accompagn\u00e9 l\u2019associ\u00e9 majoritaire de la soci\u00e9t\u00e9 ENVIRONNEMENT TPL, sp\u00e9cialis\u00e9e dans la collecte et le traitement des eaux us\u00e9es, pour la cession au groupe SARP.<\/p>\n<p>&nbsp;<\/p>\n<p>Par <a href=\"https:\/\/www.agilit.law\/\" target=\"_blank\" rel=\"noopener noreferrer\">AGIL\u2019IT<\/a> \u2013 P\u00f4le <a href=\"https:\/\/www.agilit.law\/expertises\/droit-des-societes-private-equity-ma\/\">Private Equity \/ M&amp;A \/ Corporate<\/a><\/p>\n<p><a href=\"https:\/\/www.agilit.law\/cabinet\/equipe\/mathieu-siraga\/\">Mathieu SIRAGA<\/a>, Avocat associ\u00e9<\/p>\n<p><a href=\"https:\/\/www.agilit.law\/cabinet\/equipe\/anne-dechamps\/\">Anne DECHAMPS<\/a>, Avocate<\/p>\n<p>&nbsp;<\/p>\n<p>&nbsp;<\/p>\n","protected":false},"excerpt":{"rendered":"<p>&nbsp; Mathieu Siraga et Anne D\u00e9champs ont accompagn\u00e9 l\u2019associ\u00e9 majoritaire de la soci\u00e9t\u00e9 ENVIRONNEMENT TPL, sp\u00e9cialis\u00e9e dans la collecte et le traitement des eaux us\u00e9es, pour la cession au groupe SARP. &nbsp; Par AGIL\u2019IT \u2013 P\u00f4le Private Equity \/ M&amp;A \/ Corporate Mathieu SIRAGA, Avocat associ\u00e9 Anne DECHAMPS, Avocate &nbsp; &nbsp;<\/p>\n","protected":false},"author":9,"featured_media":4315,"comment_status":"closed","ping_status":"closed","sticky":false,"template":"","format":"standard","meta":{"footnotes":""},"categories":[74],"tags":[],"coauthors":[100],"yoast_head":"<!-- This site is optimized with the Yoast SEO plugin v21.3 - https:\/\/yoast.com\/wordpress\/plugins\/seo\/ -->\n<title>AGIL\u2019IT ACCOMPAGNE LA CESSION DE LA SOCIETE ENVIRONNEMENT TPL AU GROUPE SARP - AGIL&#039;IT<\/title>\n<meta name=\"robots\" content=\"index, follow, max-snippet:-1, max-image-preview:large, max-video-preview:-1\" \/>\n<link rel=\"canonical\" href=\"https:\/\/www.agilit.law\/droit-societes-fusions-acquisitions\/agilit-accompagne-la-cession-de-la-societe-environnement-tpl-au-groupe-sarp\/\" \/>\n<meta property=\"og:locale\" content=\"en_US\" \/>\n<meta property=\"og:type\" content=\"article\" \/>\n<meta property=\"og:title\" content=\"AGIL\u2019IT ACCOMPAGNE LA CESSION DE LA SOCIETE ENVIRONNEMENT TPL AU GROUPE SARP - AGIL&#039;IT\" \/>\n<meta property=\"og:description\" content=\"&nbsp; Mathieu Siraga et Anne D\u00e9champs ont accompagn\u00e9 l\u2019associ\u00e9 majoritaire de la soci\u00e9t\u00e9 ENVIRONNEMENT TPL, sp\u00e9cialis\u00e9e dans la collecte et le traitement des eaux us\u00e9es, pour la cession au groupe SARP. &nbsp; Par AGIL\u2019IT \u2013 P\u00f4le Private Equity \/ M&amp;A \/ Corporate Mathieu SIRAGA, Avocat associ\u00e9 Anne DECHAMPS, Avocate &nbsp; &nbsp;\" \/>\n<meta property=\"og:url\" content=\"https:\/\/www.agilit.law\/droit-societes-fusions-acquisitions\/agilit-accompagne-la-cession-de-la-societe-environnement-tpl-au-groupe-sarp\/\" \/>\n<meta property=\"og:site_name\" content=\"AGIL&#039;IT\" \/>\n<meta property=\"article:published_time\" content=\"2020-03-05T18:07:37+00:00\" \/>\n<meta property=\"article:modified_time\" content=\"2021-01-31T20:18:19+00:00\" \/>\n<meta property=\"og:image\" content=\"https:\/\/www.agilit.law\/wp-content\/uploads\/2017\/07\/Accompagnement-levee-fonds.jpg\" \/>\n\t<meta property=\"og:image:width\" content=\"1492\" \/>\n\t<meta property=\"og:image:height\" content=\"1046\" \/>\n\t<meta property=\"og:image:type\" content=\"image\/jpeg\" \/>\n<meta name=\"author\" content=\"Mathieu SIRAGA\" \/>\n<meta name=\"twitter:card\" content=\"summary_large_image\" \/>\n<meta name=\"twitter:label1\" content=\"Written by\" \/>\n\t<meta name=\"twitter:data1\" content=\"Mathieu SIRAGA\" \/>\n<script type=\"application\/ld+json\" class=\"yoast-schema-graph\">{\"@context\":\"https:\/\/schema.org\",\"@graph\":[{\"@type\":\"WebPage\",\"@id\":\"https:\/\/www.agilit.law\/droit-societes-fusions-acquisitions\/agilit-accompagne-la-cession-de-la-societe-environnement-tpl-au-groupe-sarp\/\",\"url\":\"https:\/\/www.agilit.law\/droit-societes-fusions-acquisitions\/agilit-accompagne-la-cession-de-la-societe-environnement-tpl-au-groupe-sarp\/\",\"name\":\"AGIL\u2019IT ACCOMPAGNE LA CESSION DE LA SOCIETE ENVIRONNEMENT TPL AU GROUPE SARP - AGIL&#039;IT\",\"isPartOf\":{\"@id\":\"https:\/\/www.agilit.law\/#website\"},\"datePublished\":\"2020-03-05T18:07:37+00:00\",\"dateModified\":\"2021-01-31T20:18:19+00:00\",\"author\":{\"@id\":\"https:\/\/www.agilit.law\/#\/schema\/person\/9a5a94e77eb1b4aad4a91400d36d5746\"},\"breadcrumb\":{\"@id\":\"https:\/\/www.agilit.law\/droit-societes-fusions-acquisitions\/agilit-accompagne-la-cession-de-la-societe-environnement-tpl-au-groupe-sarp\/#breadcrumb\"},\"inLanguage\":\"en-US\",\"potentialAction\":[{\"@type\":\"ReadAction\",\"target\":[\"https:\/\/www.agilit.law\/droit-societes-fusions-acquisitions\/agilit-accompagne-la-cession-de-la-societe-environnement-tpl-au-groupe-sarp\/\"]}]},{\"@type\":\"BreadcrumbList\",\"@id\":\"https:\/\/www.agilit.law\/droit-societes-fusions-acquisitions\/agilit-accompagne-la-cession-de-la-societe-environnement-tpl-au-groupe-sarp\/#breadcrumb\",\"itemListElement\":[{\"@type\":\"ListItem\",\"position\":1,\"name\":\"Accueil\",\"item\":\"https:\/\/www.agilit.law\/en\/\"},{\"@type\":\"ListItem\",\"position\":2,\"name\":\"AGIL\u2019IT ACCOMPAGNE LA CESSION DE LA SOCIETE ENVIRONNEMENT TPL AU GROUPE SARP\"}]},{\"@type\":\"WebSite\",\"@id\":\"https:\/\/www.agilit.law\/#website\",\"url\":\"https:\/\/www.agilit.law\/\",\"name\":\"AGIL&#039;IT\",\"description\":\"Make things simple\",\"potentialAction\":[{\"@type\":\"SearchAction\",\"target\":{\"@type\":\"EntryPoint\",\"urlTemplate\":\"https:\/\/www.agilit.law\/?s={search_term_string}\"},\"query-input\":\"required name=search_term_string\"}],\"inLanguage\":\"en-US\"},{\"@type\":\"Person\",\"@id\":\"https:\/\/www.agilit.law\/#\/schema\/person\/9a5a94e77eb1b4aad4a91400d36d5746\",\"name\":\"Mathieu SIRAGA\",\"image\":{\"@type\":\"ImageObject\",\"inLanguage\":\"en-US\",\"@id\":\"https:\/\/www.agilit.law\/#\/schema\/person\/image\/1e4f11fbfd13f1504c1ca2c0d6584875\",\"url\":\"https:\/\/secure.gravatar.com\/avatar\/257387d505ca582f6a800cb99696ac8a?s=96&d=mm&r=g\",\"contentUrl\":\"https:\/\/secure.gravatar.com\/avatar\/257387d505ca582f6a800cb99696ac8a?s=96&d=mm&r=g\",\"caption\":\"Mathieu SIRAGA\"},\"url\":\"https:\/\/www.agilit.law\/en\/author\/mathieu\/\"}]}<\/script>\n<!-- \/ Yoast SEO plugin. -->","yoast_head_json":{"title":"AGIL\u2019IT ACCOMPAGNE LA CESSION DE LA SOCIETE ENVIRONNEMENT TPL AU GROUPE SARP - AGIL&#039;IT","robots":{"index":"index","follow":"follow","max-snippet":"max-snippet:-1","max-image-preview":"max-image-preview:large","max-video-preview":"max-video-preview:-1"},"canonical":"https:\/\/www.agilit.law\/droit-societes-fusions-acquisitions\/agilit-accompagne-la-cession-de-la-societe-environnement-tpl-au-groupe-sarp\/","og_locale":"en_US","og_type":"article","og_title":"AGIL\u2019IT ACCOMPAGNE LA CESSION DE LA SOCIETE ENVIRONNEMENT TPL AU GROUPE SARP - AGIL&#039;IT","og_description":"&nbsp; Mathieu Siraga et Anne D\u00e9champs ont accompagn\u00e9 l\u2019associ\u00e9 majoritaire de la soci\u00e9t\u00e9 ENVIRONNEMENT TPL, sp\u00e9cialis\u00e9e dans la collecte et le traitement des eaux us\u00e9es, pour la cession au groupe SARP. &nbsp; Par AGIL\u2019IT \u2013 P\u00f4le Private Equity \/ M&amp;A \/ Corporate Mathieu SIRAGA, Avocat associ\u00e9 Anne DECHAMPS, Avocate &nbsp; &nbsp;","og_url":"https:\/\/www.agilit.law\/droit-societes-fusions-acquisitions\/agilit-accompagne-la-cession-de-la-societe-environnement-tpl-au-groupe-sarp\/","og_site_name":"AGIL&#039;IT","article_published_time":"2020-03-05T18:07:37+00:00","article_modified_time":"2021-01-31T20:18:19+00:00","og_image":[{"width":1492,"height":1046,"url":"https:\/\/www.agilit.law\/wp-content\/uploads\/2017\/07\/Accompagnement-levee-fonds.jpg","type":"image\/jpeg"}],"author":"Mathieu SIRAGA","twitter_card":"summary_large_image","twitter_misc":{"Written by":"Mathieu SIRAGA"},"schema":{"@context":"https:\/\/schema.org","@graph":[{"@type":"WebPage","@id":"https:\/\/www.agilit.law\/droit-societes-fusions-acquisitions\/agilit-accompagne-la-cession-de-la-societe-environnement-tpl-au-groupe-sarp\/","url":"https:\/\/www.agilit.law\/droit-societes-fusions-acquisitions\/agilit-accompagne-la-cession-de-la-societe-environnement-tpl-au-groupe-sarp\/","name":"AGIL\u2019IT ACCOMPAGNE LA CESSION DE LA SOCIETE ENVIRONNEMENT TPL AU GROUPE SARP - AGIL&#039;IT","isPartOf":{"@id":"https:\/\/www.agilit.law\/#website"},"datePublished":"2020-03-05T18:07:37+00:00","dateModified":"2021-01-31T20:18:19+00:00","author":{"@id":"https:\/\/www.agilit.law\/#\/schema\/person\/9a5a94e77eb1b4aad4a91400d36d5746"},"breadcrumb":{"@id":"https:\/\/www.agilit.law\/droit-societes-fusions-acquisitions\/agilit-accompagne-la-cession-de-la-societe-environnement-tpl-au-groupe-sarp\/#breadcrumb"},"inLanguage":"en-US","potentialAction":[{"@type":"ReadAction","target":["https:\/\/www.agilit.law\/droit-societes-fusions-acquisitions\/agilit-accompagne-la-cession-de-la-societe-environnement-tpl-au-groupe-sarp\/"]}]},{"@type":"BreadcrumbList","@id":"https:\/\/www.agilit.law\/droit-societes-fusions-acquisitions\/agilit-accompagne-la-cession-de-la-societe-environnement-tpl-au-groupe-sarp\/#breadcrumb","itemListElement":[{"@type":"ListItem","position":1,"name":"Accueil","item":"https:\/\/www.agilit.law\/en\/"},{"@type":"ListItem","position":2,"name":"AGIL\u2019IT ACCOMPAGNE LA CESSION DE LA SOCIETE ENVIRONNEMENT TPL AU GROUPE SARP"}]},{"@type":"WebSite","@id":"https:\/\/www.agilit.law\/#website","url":"https:\/\/www.agilit.law\/","name":"AGIL&#039;IT","description":"Make things simple","potentialAction":[{"@type":"SearchAction","target":{"@type":"EntryPoint","urlTemplate":"https:\/\/www.agilit.law\/?s={search_term_string}"},"query-input":"required name=search_term_string"}],"inLanguage":"en-US"},{"@type":"Person","@id":"https:\/\/www.agilit.law\/#\/schema\/person\/9a5a94e77eb1b4aad4a91400d36d5746","name":"Mathieu SIRAGA","image":{"@type":"ImageObject","inLanguage":"en-US","@id":"https:\/\/www.agilit.law\/#\/schema\/person\/image\/1e4f11fbfd13f1504c1ca2c0d6584875","url":"https:\/\/secure.gravatar.com\/avatar\/257387d505ca582f6a800cb99696ac8a?s=96&d=mm&r=g","contentUrl":"https:\/\/secure.gravatar.com\/avatar\/257387d505ca582f6a800cb99696ac8a?s=96&d=mm&r=g","caption":"Mathieu SIRAGA"},"url":"https:\/\/www.agilit.law\/en\/author\/mathieu\/"}]}},"_links":{"self":[{"href":"https:\/\/www.agilit.law\/en\/wp-json\/wp\/v2\/posts\/6214"}],"collection":[{"href":"https:\/\/www.agilit.law\/en\/wp-json\/wp\/v2\/posts"}],"about":[{"href":"https:\/\/www.agilit.law\/en\/wp-json\/wp\/v2\/types\/post"}],"author":[{"embeddable":true,"href":"https:\/\/www.agilit.law\/en\/wp-json\/wp\/v2\/users\/9"}],"replies":[{"embeddable":true,"href":"https:\/\/www.agilit.law\/en\/wp-json\/wp\/v2\/comments?post=6214"}],"version-history":[{"count":3,"href":"https:\/\/www.agilit.law\/en\/wp-json\/wp\/v2\/posts\/6214\/revisions"}],"predecessor-version":[{"id":6219,"href":"https:\/\/www.agilit.law\/en\/wp-json\/wp\/v2\/posts\/6214\/revisions\/6219"}],"wp:featuredmedia":[{"embeddable":true,"href":"https:\/\/www.agilit.law\/en\/wp-json\/wp\/v2\/media\/4315"}],"wp:attachment":[{"href":"https:\/\/www.agilit.law\/en\/wp-json\/wp\/v2\/media?parent=6214"}],"wp:term":[{"taxonomy":"category","embeddable":true,"href":"https:\/\/www.agilit.law\/en\/wp-json\/wp\/v2\/categories?post=6214"},{"taxonomy":"post_tag","embeddable":true,"href":"https:\/\/www.agilit.law\/en\/wp-json\/wp\/v2\/tags?post=6214"},{"taxonomy":"author","embeddable":true,"href":"https:\/\/www.agilit.law\/en\/wp-json\/wp\/v2\/coauthors?post=6214"}],"curies":[{"name":"wp","href":"https:\/\/api.w.org\/{rel}","templated":true}]}}