{"id":6173,"date":"2020-02-14T15:54:37","date_gmt":"2020-02-14T14:54:37","guid":{"rendered":"https:\/\/www.agilit.law\/?p=6173"},"modified":"2021-10-27T00:25:57","modified_gmt":"2021-10-26T22:25:57","slug":"flash-actu-lutte-contre-la-cybercriminalite-lanssi-et-cybermalveillance-gouv-fr-font-le-point-sur-letat-du-cyber-risque-en-france","status":"publish","type":"post","link":"https:\/\/www.agilit.law\/en\/droit-technologie-et-informations-donnees-personnelles\/flash-actu-lutte-contre-la-cybercriminalite-lanssi-et-cybermalveillance-gouv-fr-font-le-point-sur-letat-du-cyber-risque-en-france\/","title":{"rendered":"FLASH ACTU : lutte contre la cybercriminalit\u00e9, l&#8217;ANSSI et cybermalveillance.gouv.fr font le point sur l&#8217;\u00e9tat du cyber-risque en France"},"content":{"rendered":"<p><strong>Alors que 2019 a \u00e9t\u00e9 annonc\u00e9e comme une ann\u00e9e faste pour le ransomware <a href=\"#_ftn1\" name=\"_ftnref1\">[1]<\/a> et donc co\u00fbteuse pour les entreprises, l\u2019ann\u00e9e 2020 semble s\u2019inscrire dans une dynamique similaire comme l\u2019illustre la cyberattaque majeure par ransomware <a href=\"https:\/\/mediaroom.bouygues-construction.com\/point-sur-la-cyberattaque\/\" target=\"_blank\" rel=\"noopener noreferrer\">dont est actuellement victime Bouygues Construction<\/a>.<\/strong><\/p>\n<p><strong>Dans le m\u00eame temps, ce d\u00e9but d\u2019ann\u00e9e a \u00e9t\u00e9 l\u2019occasion pour plusieurs services de lutte contre la cybercriminalit\u00e9 de publier des bilans de l\u2019ann\u00e9e 2019.<\/strong><\/p>\n<p>&nbsp;<\/p>\n<p>&nbsp;<\/p>\n<p><u>En premier lieu<\/u>, l\u2019Agence Nationale de la S\u00e9curit\u00e9 des Syst\u00e8mes d\u2019Information (ANSSI) a publi\u00e9 fin janvier un rapport intitul\u00e9 \u00ab\u00a0<a href=\"https:\/\/www.cert.ssi.gouv.fr\/uploads\/CERTFR-2020-CTI-001.pdf\" target=\"_blank\" rel=\"noopener noreferrer\">Etat de la menace ran\u00e7ongiciel \u00e0 l\u2019encontre des entreprises et institutions<\/a>\u00a0\u00bb. Le ransomware \u00e9tant qualifi\u00e9 de \u00ab\u00a0<em>menace informatique actuelle la plus s\u00e9rieuse<\/em> [\u2026] <em>par le nombre d\u2019attaques quotidiennes et leur impact potentiel sur la continuit\u00e9 d\u2019activit\u00e9<\/em>\u00a0\u00bb, l\u2019ANSSI a donc \u00e9tabli un \u00e9tat global de la menace prenant en compte les diff\u00e9rentes typologies d\u2019attaques, le profil des victimes, les co\u00fbts et les effets latents de ces attaques.<\/p>\n<p>&nbsp;<\/p>\n<p>Il ressort de cette analyse que les attaques informatiques <strong>non cibl\u00e9es<\/strong> (prenant g\u00e9n\u00e9ralement la forme d\u2019envois massifs de courriels comportant une pi\u00e8ce jointe infect\u00e9e) restent majoritaires et touchent des entreprises disposant de peu de protections informatiques (essentiellement des professionnels lib\u00e9raux et des TPE\/PME).<\/p>\n<p>&nbsp;<\/p>\n<p>Toutefois, selon le rapport, une <strong>nouvelle tendance<\/strong> plus lucrative se d\u00e9gage depuis 2018\u00a0: les <strong>attaques informatiques cibl\u00e9es<\/strong>. Les pirates r\u00e9unissent d\u2019abord des informations sur leurs cibles (ressources financi\u00e8res, niveau de s\u00e9curit\u00e9 informatique, pr\u00e9sence de fichiers importants voire confidentiels), puis contaminent le r\u00e9seau informatique des sites de production, du si\u00e8ge, etc. Le <strong>co\u00fbt<\/strong> pour l\u2019organisme attaqu\u00e9 <a href=\"#_ftn2\" name=\"_ftnref2\">[2]<\/a> peut alors avoir diff\u00e9rentes sources\u00a0qui se r\u00e9percutent sur les <strong>r\u00e9sultats financiers<\/strong> : paiement de la ran\u00e7on (sans garantie de r\u00e9cup\u00e9rer les donn\u00e9es) <a href=\"#_ftn3\" name=\"_ftnref3\">[3]<\/a>, co\u00fbt de l\u2019immobilisation des \u00e9quipes <a href=\"#_ftn4\" name=\"_ftnref4\">[4]<\/a>, baisse de productivit\u00e9 <a href=\"#_ftn5\" name=\"_ftnref5\">[5]<\/a>, perte de revenus, diminution de la confiance des clients et fournisseurs\u2026<\/p>\n<p>&nbsp;<\/p>\n<p>En outre, la pr\u00e9sence de l\u2019ANSSI au r\u00e9cent Forum International de Cybers\u00e9curit\u00e9 a \u00e9t\u00e9 l\u2019occasion pour celle-ci de rappeler sa mission d\u2019accompagnement face aux vuln\u00e9rabilit\u00e9s induites par le num\u00e9rique ainsi que de pr\u00e9senter <a href=\"https:\/\/www.ssi.gouv.fr\/uploads\/2020\/01\/anssi-manifeste-2020.pdf\" target=\"_blank\" rel=\"noopener noreferrer\">ses ambitions pour les dix prochaines ann\u00e9es \u00e0 venir<\/a>, ax\u00e9es autour de la comp\u00e9tence, de l\u2019ouverture et de l\u2019agilit\u00e9.<\/p>\n<p>&nbsp;<\/p>\n<p>&nbsp;<\/p>\n<p><u>En second lieu<\/u>, Cybermalveillance.gouv.fr (dispositif \u00e9manant de l\u2019ANSSI et assurant une mission d\u2019assistance et de pr\u00e9vention du risque num\u00e9rique) a pr\u00e9sent\u00e9 pour la premi\u00e8re fois <a href=\"https:\/\/www.cybermalveillance.gouv.fr\/medias\/2020\/02\/Cybermalveillancegouvfr-rapport-2019.pdf\" target=\"_blank\" rel=\"noopener noreferrer\">un bilan d\u2019activit\u00e9<\/a>.<br \/>\nSi parmi les 90\u00a0000 victimes recens\u00e9es seules 10% sont des professionnels <a href=\"#_ftn6\" name=\"_ftnref6\">[6]<\/a>, ce rapport rappelle la diversit\u00e9 des cyberattaques, dont le ransomware ne repr\u00e9sente qu\u2019une partie\u00a0(environ 8%) : <a href=\"https:\/\/www.ssi.gouv.fr\/entreprise\/glossaire\/h\/\" target=\"_blank\" rel=\"noopener noreferrer\">l\u2019hame\u00e7onnage<\/a>, le piratage de compte et le <a href=\"https:\/\/www.ssi.gouv.fr\/entreprise\/glossaire\/p\/#pourriel-polluriel-spam\" target=\"_blank\" rel=\"noopener noreferrer\">spam<\/a> repr\u00e9sentent quant \u00e0 eux 55% des attaques courantes dont sont victimes les professionnels.<\/p>\n<p>&nbsp;<\/p>\n<p>Les entreprises disposent de <strong>moyens pour lutter en amont contre les cyberattaques<\/strong>, notamment \u00e0 travers la <strong>formation du personnel<\/strong> ayant acc\u00e8s \u00e0 des informations sensibles, la pr\u00e9vention aupr\u00e8s <strong>des sous-traitants<\/strong> et la <strong>sensibilisation des collaborateurs<\/strong> aux risques aff\u00e9rents \u00e0 la cybercriminalit\u00e9. Des tests internes peuvent \u00e9galement \u00eatre envisag\u00e9s par l\u2019entreprise afin d\u2019avoir un indicateur de risque cyber.<\/p>\n<p>&nbsp;<\/p>\n<p>En aval de l\u2019attaque informatique, il est fr\u00e9quent que l\u2019entreprise doive faire face \u00e0 des obligations l\u00e9gales (comme celles relatives aux <strong>obligations de notification<\/strong> en mati\u00e8re de protection des donn\u00e9es \u00e0 caract\u00e8re personnel que nous avions \u00e9voqu\u00e9es <a href=\"https:\/\/www.agilit.law\/droit-technologie-et-informations-donnees-personnelles\/ransomware-et-violation-de-donnees-a-caractere-personnel-quel-role-pour-le-dpo\/\" target=\"_blank\" rel=\"noopener noreferrer\">ici<\/a>) mais elle peut \u00e9galement <strong>lutter en apportant une r\u00e9ponse judiciaire \u00e0 la cyberattaque<\/strong> dont elle a \u00e9t\u00e9 victime (voir en ce sens notre pr\u00e9c\u00e9dent <a href=\"https:\/\/www.agilit.law\/droit-technologie-et-informations-donnees-personnelles\/cyberattaques-atteintes-a-le-reputation-la-levee-danonymat-par-requete-aux-fins-didentification\/\" target=\"_blank\" rel=\"noopener noreferrer\">article<\/a>).<\/p>\n<p>&nbsp;<\/p>\n<p>&nbsp;<\/p>\n<p>En conclusion, notons que les diff\u00e9rents rapports relatifs \u00e0 la cybercriminalit\u00e9 concernant l\u2019ann\u00e9e 2019 ont en commun un constat sans appel\u00a0: <strong>les cyberattaques se multiplient et s\u2019intensifient au fur et \u00e0 mesure des ann\u00e9es<\/strong>, d\u2019o\u00f9 <strong>la n\u00e9cessit\u00e9 de ne pas n\u00e9gliger le cyber-risque et de l\u2019anticiper<\/strong>.<\/p>\n<p>&nbsp;<\/p>\n<p style=\"text-align: center;\">*\u00a0\u00a0\u00a0\u00a0\u00a0\u00a0\u00a0 *<\/p>\n<p style=\"text-align: center;\">*<\/p>\n<p>&nbsp;<\/p>\n<p><em>AGIL\u2019IT se tient \u00e0 votre disposition pour vous \u00e9clairer davantage sur la mise en \u0153uvre de mesures pr\u00e9ventives telles que la formation au risque cyber ou sur les r\u00e9ponses judiciaires cons\u00e9cutives \u00e0 une cyberattaque.<\/em><\/p>\n<p>&nbsp;<\/p>\n<p>Par <a href=\"https:\/\/www.agilit.law\/\" target=\"_blank\" rel=\"noopener noreferrer\">AGIL&#8217;IT<\/a> &#8211; P\u00f4le <a href=\"https:\/\/www.agilit.law\/expertises\/technologies-de-linformation-donnees-personnelles\/\" target=\"_blank\" rel=\"noopener noreferrer\">IT<\/a>, <a href=\"https:\/\/www.agilit.law\/expertises\/telecommunications\/\" target=\"_blank\" rel=\"noopener noreferrer\">T\u00e9l\u00e9coms<\/a> &amp; <a href=\"https:\/\/www.agilit.law\/expertises\/donnees-a-caractere-personnel\/\" target=\"_blank\" rel=\"noopener noreferrer\">Data protection<\/a><br \/>\n<a href=\"https:\/\/www.agilit.law\/cabinet\/equipe\/sylvie-jonas\/\" target=\"_blank\" rel=\"noopener noreferrer\">Sylvie JONAS<\/a>, Avocate associ\u00e9e<br \/>\n<a href=\"https:\/\/www.agilit.law\/cabinet\/equipe\/morgane-bourmault\/\" target=\"_blank\" rel=\"noopener noreferrer\">Morgane BOURMAULT<\/a>, Avocate<\/p>\n<p>&nbsp;<\/p>\n<p>&nbsp;<\/p>\n<p><a href=\"#_ftnref1\" name=\"_ftn1\">[1]<\/a> \u00c9galement connu sous le nom de \u00ab\u00a0ran\u00e7ongiciel\u00a0\u00bb et pouvant \u00eatre d\u00e9fini comme un \u00ab\u00a0code malveillant emp\u00eachant la victime d\u2019acc\u00e9der au contenu de ses fichiers afin de lui extorquer de l\u2019argent\u00a0\u00bb.<\/p>\n<p><a href=\"#_ftnref2\" name=\"_ftn2\">[2]<\/a> Il peut s\u2019agir d\u2019entreprises priv\u00e9es ou publiques mais \u00e9galement de collectivit\u00e9s comme en t\u00e9moigne la cyberattaque contre la municipalit\u00e9 de Baltimore aux Etats-Unis ou dans une moindre mesure celle contre l\u2019agglom\u00e9ration Grand Cognac.<\/p>\n<p><a href=\"#_ftnref3\" name=\"_ftn3\">[3]<\/a> A titre d\u2019illustration, Altran a \u00e9t\u00e9 victime d\u2019une attaque par ransomware en janvier 2019. La compromission initiale du syst\u00e8me aurait \u00e9t\u00e9 men\u00e9e par une action cibl\u00e9e contre un employ\u00e9 d\u2019Altran en Roumanie. Apr\u00e8s une diminution du prix de l\u2019action en bourse, l\u2019entreprise a pay\u00e9 une ran\u00e7on de 300 bitcoins (environ 1 million d\u2019euros) mais la cl\u00e9 de d\u00e9chiffrement n\u2019a jamais \u00e9t\u00e9 d\u00e9livr\u00e9e. Le co\u00fbt financier de l\u2019attaque a \u00e9t\u00e9 estim\u00e9 \u00e0 20 millions d\u2019euros.<\/p>\n<p><a href=\"#_ftnref4\" name=\"_ftn4\">[4]<\/a> Par exemple en mars 2019, l\u2019entreprise Fleury-Michon a \u00e9t\u00e9 victime d\u2019une attaque par ransomware et a d\u00fb interrompre sa production et mettre temporairement 3000 employ\u00e9s en ch\u00f4mage technique.<\/p>\n<p><a href=\"#_ftnref5\" name=\"_ftn5\">[5]<\/a> En mars 2019, l\u2019entreprise norv\u00e9gienne Norsk Hydro a \u00e9t\u00e9 victime d\u2019un ransomware et a estim\u00e9 le co\u00fbt de la baisse de productivit\u00e9 \u00e0 environ 40 millions de dollars.<\/p>\n<p><a href=\"#_ftnref6\" name=\"_ftn6\">[6]<\/a> Si 90% des victimes ayant recours \u00e0 cybermalveillance.gouv.fr sont des particuliers, ce chiffre est l\u2019occasion de souligner que nombre d\u2019entre eux sont, dans leur vie professionnelle, des collaborateurs susceptibles d\u2019\u00eatre victimes de cyberattaques similaires. Une partie de la sensibilisation des collaborateurs passe donc par la sensibilisation des particuliers\u2026et inversement\u00a0!<\/p>\n<p>&nbsp;<\/p>\n","protected":false},"excerpt":{"rendered":"<p>Alors que 2019 a \u00e9t\u00e9 annonc\u00e9e comme une ann\u00e9e faste pour le ransomware [1] et donc co\u00fbteuse pour les entreprises, l\u2019ann\u00e9e 2020 semble s\u2019inscrire dans une dynamique similaire comme l\u2019illustre la cyberattaque majeure par ransomware dont est actuellement victime Bouygues Construction. Dans le m\u00eame temps, ce d\u00e9but d\u2019ann\u00e9e a \u00e9t\u00e9 l\u2019occasion pour plusieurs services de&hellip;<\/p>\n","protected":false},"author":13,"featured_media":5863,"comment_status":"closed","ping_status":"closed","sticky":false,"template":"","format":"standard","meta":{"footnotes":""},"categories":[147,73],"tags":[],"coauthors":[99],"yoast_head":"<!-- This site is optimized with the Yoast SEO plugin v21.3 - https:\/\/yoast.com\/wordpress\/plugins\/seo\/ -->\n<title>FLASH ACTU : lutte contre la cybercriminalit\u00e9, l&#039;ANSSI et cybermalveillance.gouv.fr font le point sur l&#039;\u00e9tat du cyber-risque en France - AGIL&#039;IT<\/title>\n<meta name=\"robots\" content=\"index, follow, max-snippet:-1, max-image-preview:large, max-video-preview:-1\" \/>\n<link rel=\"canonical\" href=\"https:\/\/www.agilit.law\/en\/droit-technologie-et-informations-donnees-personnelles\/flash-actu-lutte-contre-la-cybercriminalite-lanssi-et-cybermalveillance-gouv-fr-font-le-point-sur-letat-du-cyber-risque-en-france\/\" \/>\n<meta property=\"og:locale\" content=\"en_US\" \/>\n<meta property=\"og:type\" content=\"article\" \/>\n<meta property=\"og:title\" content=\"FLASH ACTU : lutte contre la cybercriminalit\u00e9, l&#039;ANSSI et cybermalveillance.gouv.fr font le point sur l&#039;\u00e9tat du cyber-risque en France - AGIL&#039;IT\" \/>\n<meta property=\"og:description\" content=\"Alors que 2019 a \u00e9t\u00e9 annonc\u00e9e comme une ann\u00e9e faste pour le ransomware [1] et donc co\u00fbteuse pour les entreprises, l\u2019ann\u00e9e 2020 semble s\u2019inscrire dans une dynamique similaire comme l\u2019illustre la cyberattaque majeure par ransomware dont est actuellement victime Bouygues Construction. Dans le m\u00eame temps, ce d\u00e9but d\u2019ann\u00e9e a \u00e9t\u00e9 l\u2019occasion pour plusieurs services de&hellip;\" \/>\n<meta property=\"og:url\" content=\"https:\/\/www.agilit.law\/en\/droit-technologie-et-informations-donnees-personnelles\/flash-actu-lutte-contre-la-cybercriminalite-lanssi-et-cybermalveillance-gouv-fr-font-le-point-sur-letat-du-cyber-risque-en-france\/\" \/>\n<meta property=\"og:site_name\" content=\"AGIL&#039;IT\" \/>\n<meta property=\"article:published_time\" content=\"2020-02-14T14:54:37+00:00\" \/>\n<meta property=\"article:modified_time\" content=\"2021-10-26T22:25:57+00:00\" \/>\n<meta property=\"og:image\" content=\"https:\/\/www.agilit.law\/wp-content\/uploads\/2019\/10\/shutterstock_246869491.jpg\" \/>\n\t<meta property=\"og:image:width\" content=\"1500\" \/>\n\t<meta property=\"og:image:height\" content=\"813\" \/>\n\t<meta property=\"og:image:type\" content=\"image\/jpeg\" \/>\n<meta name=\"author\" content=\"Sylvie JONAS\" \/>\n<meta name=\"twitter:card\" content=\"summary_large_image\" \/>\n<meta name=\"twitter:label1\" content=\"Written by\" \/>\n\t<meta name=\"twitter:data1\" content=\"Sylvie JONAS\" \/>\n\t<meta name=\"twitter:label2\" content=\"Est. reading time\" \/>\n\t<meta name=\"twitter:data2\" content=\"5 minutes\" \/>\n<script type=\"application\/ld+json\" class=\"yoast-schema-graph\">{\"@context\":\"https:\/\/schema.org\",\"@graph\":[{\"@type\":\"WebPage\",\"@id\":\"https:\/\/www.agilit.law\/en\/droit-technologie-et-informations-donnees-personnelles\/flash-actu-lutte-contre-la-cybercriminalite-lanssi-et-cybermalveillance-gouv-fr-font-le-point-sur-letat-du-cyber-risque-en-france\/\",\"url\":\"https:\/\/www.agilit.law\/en\/droit-technologie-et-informations-donnees-personnelles\/flash-actu-lutte-contre-la-cybercriminalite-lanssi-et-cybermalveillance-gouv-fr-font-le-point-sur-letat-du-cyber-risque-en-france\/\",\"name\":\"FLASH ACTU : lutte contre la cybercriminalit\u00e9, l'ANSSI et cybermalveillance.gouv.fr font le point sur l'\u00e9tat du cyber-risque en France - AGIL&#039;IT\",\"isPartOf\":{\"@id\":\"https:\/\/www.agilit.law\/#website\"},\"datePublished\":\"2020-02-14T14:54:37+00:00\",\"dateModified\":\"2021-10-26T22:25:57+00:00\",\"author\":{\"@id\":\"https:\/\/www.agilit.law\/#\/schema\/person\/3c2aff137e0c93d643fa9ea0a0036f9c\"},\"breadcrumb\":{\"@id\":\"https:\/\/www.agilit.law\/en\/droit-technologie-et-informations-donnees-personnelles\/flash-actu-lutte-contre-la-cybercriminalite-lanssi-et-cybermalveillance-gouv-fr-font-le-point-sur-letat-du-cyber-risque-en-france\/#breadcrumb\"},\"inLanguage\":\"en-US\",\"potentialAction\":[{\"@type\":\"ReadAction\",\"target\":[\"https:\/\/www.agilit.law\/en\/droit-technologie-et-informations-donnees-personnelles\/flash-actu-lutte-contre-la-cybercriminalite-lanssi-et-cybermalveillance-gouv-fr-font-le-point-sur-letat-du-cyber-risque-en-france\/\"]}]},{\"@type\":\"BreadcrumbList\",\"@id\":\"https:\/\/www.agilit.law\/en\/droit-technologie-et-informations-donnees-personnelles\/flash-actu-lutte-contre-la-cybercriminalite-lanssi-et-cybermalveillance-gouv-fr-font-le-point-sur-letat-du-cyber-risque-en-france\/#breadcrumb\",\"itemListElement\":[{\"@type\":\"ListItem\",\"position\":1,\"name\":\"Accueil\",\"item\":\"https:\/\/www.agilit.law\/en\/\"},{\"@type\":\"ListItem\",\"position\":2,\"name\":\"FLASH ACTU : lutte contre la cybercriminalit\u00e9, l&#8217;ANSSI et cybermalveillance.gouv.fr font le point sur l&#8217;\u00e9tat du cyber-risque en France\"}]},{\"@type\":\"WebSite\",\"@id\":\"https:\/\/www.agilit.law\/#website\",\"url\":\"https:\/\/www.agilit.law\/\",\"name\":\"AGIL&#039;IT\",\"description\":\"Make things simple\",\"potentialAction\":[{\"@type\":\"SearchAction\",\"target\":{\"@type\":\"EntryPoint\",\"urlTemplate\":\"https:\/\/www.agilit.law\/?s={search_term_string}\"},\"query-input\":\"required name=search_term_string\"}],\"inLanguage\":\"en-US\"},{\"@type\":\"Person\",\"@id\":\"https:\/\/www.agilit.law\/#\/schema\/person\/3c2aff137e0c93d643fa9ea0a0036f9c\",\"name\":\"Sylvie JONAS\",\"image\":{\"@type\":\"ImageObject\",\"inLanguage\":\"en-US\",\"@id\":\"https:\/\/www.agilit.law\/#\/schema\/person\/image\/6bcd277be005faec539f89eb887063dd\",\"url\":\"https:\/\/secure.gravatar.com\/avatar\/62864e6853bc3f79a4edd67268d7c87b?s=96&d=mm&r=g\",\"contentUrl\":\"https:\/\/secure.gravatar.com\/avatar\/62864e6853bc3f79a4edd67268d7c87b?s=96&d=mm&r=g\",\"caption\":\"Sylvie JONAS\"},\"url\":\"https:\/\/www.agilit.law\/en\/author\/sylvie\/\"}]}<\/script>\n<!-- \/ Yoast SEO plugin. -->","yoast_head_json":{"title":"FLASH ACTU : lutte contre la cybercriminalit\u00e9, l'ANSSI et cybermalveillance.gouv.fr font le point sur l'\u00e9tat du cyber-risque en France - AGIL&#039;IT","robots":{"index":"index","follow":"follow","max-snippet":"max-snippet:-1","max-image-preview":"max-image-preview:large","max-video-preview":"max-video-preview:-1"},"canonical":"https:\/\/www.agilit.law\/en\/droit-technologie-et-informations-donnees-personnelles\/flash-actu-lutte-contre-la-cybercriminalite-lanssi-et-cybermalveillance-gouv-fr-font-le-point-sur-letat-du-cyber-risque-en-france\/","og_locale":"en_US","og_type":"article","og_title":"FLASH ACTU : lutte contre la cybercriminalit\u00e9, l'ANSSI et cybermalveillance.gouv.fr font le point sur l'\u00e9tat du cyber-risque en France - AGIL&#039;IT","og_description":"Alors que 2019 a \u00e9t\u00e9 annonc\u00e9e comme une ann\u00e9e faste pour le ransomware [1] et donc co\u00fbteuse pour les entreprises, l\u2019ann\u00e9e 2020 semble s\u2019inscrire dans une dynamique similaire comme l\u2019illustre la cyberattaque majeure par ransomware dont est actuellement victime Bouygues Construction. Dans le m\u00eame temps, ce d\u00e9but d\u2019ann\u00e9e a \u00e9t\u00e9 l\u2019occasion pour plusieurs services de&hellip;","og_url":"https:\/\/www.agilit.law\/en\/droit-technologie-et-informations-donnees-personnelles\/flash-actu-lutte-contre-la-cybercriminalite-lanssi-et-cybermalveillance-gouv-fr-font-le-point-sur-letat-du-cyber-risque-en-france\/","og_site_name":"AGIL&#039;IT","article_published_time":"2020-02-14T14:54:37+00:00","article_modified_time":"2021-10-26T22:25:57+00:00","og_image":[{"width":1500,"height":813,"url":"https:\/\/www.agilit.law\/wp-content\/uploads\/2019\/10\/shutterstock_246869491.jpg","type":"image\/jpeg"}],"author":"Sylvie JONAS","twitter_card":"summary_large_image","twitter_misc":{"Written by":"Sylvie JONAS","Est. reading time":"5 minutes"},"schema":{"@context":"https:\/\/schema.org","@graph":[{"@type":"WebPage","@id":"https:\/\/www.agilit.law\/en\/droit-technologie-et-informations-donnees-personnelles\/flash-actu-lutte-contre-la-cybercriminalite-lanssi-et-cybermalveillance-gouv-fr-font-le-point-sur-letat-du-cyber-risque-en-france\/","url":"https:\/\/www.agilit.law\/en\/droit-technologie-et-informations-donnees-personnelles\/flash-actu-lutte-contre-la-cybercriminalite-lanssi-et-cybermalveillance-gouv-fr-font-le-point-sur-letat-du-cyber-risque-en-france\/","name":"FLASH ACTU : lutte contre la cybercriminalit\u00e9, l'ANSSI et cybermalveillance.gouv.fr font le point sur l'\u00e9tat du cyber-risque en France - AGIL&#039;IT","isPartOf":{"@id":"https:\/\/www.agilit.law\/#website"},"datePublished":"2020-02-14T14:54:37+00:00","dateModified":"2021-10-26T22:25:57+00:00","author":{"@id":"https:\/\/www.agilit.law\/#\/schema\/person\/3c2aff137e0c93d643fa9ea0a0036f9c"},"breadcrumb":{"@id":"https:\/\/www.agilit.law\/en\/droit-technologie-et-informations-donnees-personnelles\/flash-actu-lutte-contre-la-cybercriminalite-lanssi-et-cybermalveillance-gouv-fr-font-le-point-sur-letat-du-cyber-risque-en-france\/#breadcrumb"},"inLanguage":"en-US","potentialAction":[{"@type":"ReadAction","target":["https:\/\/www.agilit.law\/en\/droit-technologie-et-informations-donnees-personnelles\/flash-actu-lutte-contre-la-cybercriminalite-lanssi-et-cybermalveillance-gouv-fr-font-le-point-sur-letat-du-cyber-risque-en-france\/"]}]},{"@type":"BreadcrumbList","@id":"https:\/\/www.agilit.law\/en\/droit-technologie-et-informations-donnees-personnelles\/flash-actu-lutte-contre-la-cybercriminalite-lanssi-et-cybermalveillance-gouv-fr-font-le-point-sur-letat-du-cyber-risque-en-france\/#breadcrumb","itemListElement":[{"@type":"ListItem","position":1,"name":"Accueil","item":"https:\/\/www.agilit.law\/en\/"},{"@type":"ListItem","position":2,"name":"FLASH ACTU : lutte contre la cybercriminalit\u00e9, l&#8217;ANSSI et cybermalveillance.gouv.fr font le point sur l&#8217;\u00e9tat du cyber-risque en France"}]},{"@type":"WebSite","@id":"https:\/\/www.agilit.law\/#website","url":"https:\/\/www.agilit.law\/","name":"AGIL&#039;IT","description":"Make things simple","potentialAction":[{"@type":"SearchAction","target":{"@type":"EntryPoint","urlTemplate":"https:\/\/www.agilit.law\/?s={search_term_string}"},"query-input":"required name=search_term_string"}],"inLanguage":"en-US"},{"@type":"Person","@id":"https:\/\/www.agilit.law\/#\/schema\/person\/3c2aff137e0c93d643fa9ea0a0036f9c","name":"Sylvie JONAS","image":{"@type":"ImageObject","inLanguage":"en-US","@id":"https:\/\/www.agilit.law\/#\/schema\/person\/image\/6bcd277be005faec539f89eb887063dd","url":"https:\/\/secure.gravatar.com\/avatar\/62864e6853bc3f79a4edd67268d7c87b?s=96&d=mm&r=g","contentUrl":"https:\/\/secure.gravatar.com\/avatar\/62864e6853bc3f79a4edd67268d7c87b?s=96&d=mm&r=g","caption":"Sylvie JONAS"},"url":"https:\/\/www.agilit.law\/en\/author\/sylvie\/"}]}},"_links":{"self":[{"href":"https:\/\/www.agilit.law\/en\/wp-json\/wp\/v2\/posts\/6173"}],"collection":[{"href":"https:\/\/www.agilit.law\/en\/wp-json\/wp\/v2\/posts"}],"about":[{"href":"https:\/\/www.agilit.law\/en\/wp-json\/wp\/v2\/types\/post"}],"author":[{"embeddable":true,"href":"https:\/\/www.agilit.law\/en\/wp-json\/wp\/v2\/users\/13"}],"replies":[{"embeddable":true,"href":"https:\/\/www.agilit.law\/en\/wp-json\/wp\/v2\/comments?post=6173"}],"version-history":[{"count":10,"href":"https:\/\/www.agilit.law\/en\/wp-json\/wp\/v2\/posts\/6173\/revisions"}],"predecessor-version":[{"id":6182,"href":"https:\/\/www.agilit.law\/en\/wp-json\/wp\/v2\/posts\/6173\/revisions\/6182"}],"wp:featuredmedia":[{"embeddable":true,"href":"https:\/\/www.agilit.law\/en\/wp-json\/wp\/v2\/media\/5863"}],"wp:attachment":[{"href":"https:\/\/www.agilit.law\/en\/wp-json\/wp\/v2\/media?parent=6173"}],"wp:term":[{"taxonomy":"category","embeddable":true,"href":"https:\/\/www.agilit.law\/en\/wp-json\/wp\/v2\/categories?post=6173"},{"taxonomy":"post_tag","embeddable":true,"href":"https:\/\/www.agilit.law\/en\/wp-json\/wp\/v2\/tags?post=6173"},{"taxonomy":"author","embeddable":true,"href":"https:\/\/www.agilit.law\/en\/wp-json\/wp\/v2\/coauthors?post=6173"}],"curies":[{"name":"wp","href":"https:\/\/api.w.org\/{rel}","templated":true}]}}