{"id":6047,"date":"2019-12-31T14:31:14","date_gmt":"2019-12-31T13:31:14","guid":{"rendered":"https:\/\/www.agilit.law\/?p=6047"},"modified":"2021-01-31T21:20:17","modified_gmt":"2021-01-31T20:20:17","slug":"les-statuts-dune-societe-priment-ils-sur-le-pacte-dactionnaires-en-toutes-circonstances","status":"publish","type":"post","link":"https:\/\/www.agilit.law\/en\/droit-societes-fusions-acquisitions\/les-statuts-dune-societe-priment-ils-sur-le-pacte-dactionnaires-en-toutes-circonstances\/","title":{"rendered":"Les statuts d\u2019une soci\u00e9t\u00e9 priment-ils sur le pacte d\u2019actionnaires\u00a0en toutes circonstances ?"},"content":{"rendered":"<h5>Dans un arr\u00eat in\u00e9dit rendu le 5 juin 2019 (n\u00b0<a href=\"https:\/\/www.legifrance.gouv.fr\/affichJuriJudi.do?oldAction=rechJuriJudi&amp;idTexte=JURITEXT000038629753&amp;fastReqId=1358094699&amp;fastPos=1\">17-18967<\/a>), la Chambre commerciale de la Cour de cassation affirme que les statuts de la soci\u00e9t\u00e9 priment sur le pacte d\u2019actionnaires lorsqu\u2019ils ont \u00e9t\u00e9 modifi\u00e9s apr\u00e8s la conclusion du pacte.<\/h5>\n<h5>La primaut\u00e9 des statuts sur le pacte est-elle un principe trouvant une base l\u00e9gale\u00a0? Est-ce qu\u2019une question de chronologie\u00a0? Et qu\u2019en est-il de la volont\u00e9 des parties\u00a0?<\/h5>\n<p>&nbsp;<\/p>\n<p>Il a \u00e9t\u00e9 affirm\u00e9, \u00e0 tort, l\u2019inf\u00e9riorit\u00e9\u00a0normative des pactes extra-statutaires face aux statuts. \u00a0A ce titre, il existerait en droit des soci\u00e9t\u00e9s une hi\u00e9rarchie des normes dont les statuts constitueraient la norme absolue. La pr\u00e9valence des statuts sur les pactes tiendrait \u00e0 leur opposabilit\u00e9 \u00e0 l\u2019\u00e9gard de tous <a href=\"#_ftn1\" name=\"_ftnref1\">[1]<\/a>. Par cons\u00e9quent en cas d\u2019incompatibilit\u00e9 entre une clause statutaire et une clause extra-statutaire, cette derni\u00e8re serait exclue au profit de la premi\u00e8re. Mais, cette hi\u00e9rarchie ne repose sur aucun principe issu du droit des soci\u00e9t\u00e9s, ni sur aucun courant jurisprudentiel. Il n\u2019y a aucune pr\u00e9valence l\u00e9gale ou pr\u00e9torienne des clauses statutaires.<\/p>\n<p><strong>Les pactes d\u2019actionnaires et les statuts sont des contrats<\/strong>\u00a0; ils expriment la volont\u00e9 des parties d\u2019organiser leurs relations, leur association, sous r\u00e9serve du respect de l\u2019ordre public et des r\u00e8gles imp\u00e9ratives du droit des soci\u00e9t\u00e9s.<\/p>\n<p>Par cons\u00e9quent, les statuts peuvent pr\u00e9valoir sur le pacte d\u2019actionnaires lorsqu\u2019il existe une disposition l\u00e9gale imp\u00e9rative du Code de commerce r\u00e9servant un domaine aux statuts <a href=\"#_ftn2\" name=\"_ftnref2\">[2]<\/a>.<\/p>\n<p>Pour les autres r\u00e8gles d\u2019organisation de la soci\u00e9t\u00e9 et des relations entre ses associ\u00e9s, <strong>l\u2019articulation entre le pacte d\u2019actionnaires et les statuts n\u2019est pas toujours ais\u00e9e<\/strong> et reste source de contentieux.<\/p>\n<p>C\u2019est dans cette hypoth\u00e8se que la Cour de cassation a apport\u00e9 une r\u00e9ponse.<\/p>\n<p>En l\u2019esp\u00e8ce, les associ\u00e9s fondateurs de la soci\u00e9t\u00e9 avaient d\u00e9cid\u00e9 la transformation de cette derni\u00e8re de SAS en SA \u00e0 directoire et conseil de surveillance le 29 juillet 2010\u00a0; ils ont adopt\u00e9 de nouveaux statuts sous cette nouvelle forme sociale. Le m\u00eame jour,\u00a0divers investisseurs sont entr\u00e9s au capital de la soci\u00e9t\u00e9 et un pacte d\u2019actionnaires a \u00e9t\u00e9 sign\u00e9 entre ces investisseurs et les associ\u00e9s fondateurs. Deux des associ\u00e9s fondateurs ont alors \u00e9t\u00e9 nomm\u00e9s directeurs. Les actionnaires de la soci\u00e9t\u00e9 ont fait une nouvelle mise \u00e0 jour des statuts le 9 d\u00e9cembre 2010.<\/p>\n<p>Le 21 d\u00e9cembre 2012, les membres du conseil de surveillance ont d\u00e9cid\u00e9, \u00e0 la majorit\u00e9 simple conform\u00e9ment aux statuts adopt\u00e9s le 9 d\u00e9cembre 2010, de r\u00e9voquer les deux directeurs de la soci\u00e9t\u00e9.<\/p>\n<p>Les directeurs r\u00e9voqu\u00e9s ont contest\u00e9 cette d\u00e9cision afin d\u2019en obtenir la nullit\u00e9, arguant que le pacte d\u2019actionnaires pr\u00e9voyait une majorit\u00e9 qualifi\u00e9e au sein du conseil de surveillance et que cette r\u00e8gle devait primer sur les statuts adopt\u00e9s le 9 d\u00e9cembre 2010.<\/p>\n<p>La Cour d\u2019appel les ayant d\u00e9bout\u00e9s, ils ont saisi la Cour de Cassation, laquelle a confirm\u00e9 la d\u00e9cision au motif que \u00ab\u00a0<em>la d\u00e9cision de r\u00e9vocation [des deux directeurs] prise le 21 d\u00e9cembre 2012 respectait les stipulations statutaires adopt\u00e9es le 9 d\u00e9cembre 2010, <strong>qui constituaient un amendement aux dispositions du pacte d&#8217;actionnaires et aux statuts initiaux<\/strong> au sens de l&#8217;article 27 du pacte d&#8217;actionnaires<\/em>\u00a0\u00bb <a href=\"#_ftn3\" name=\"_ftnref3\">[3]<\/a><\/p>\n<p>La Cour de Cassation a donc consid\u00e9r\u00e9 que la derni\u00e8re version des statuts devait s\u2019appliquer puisqu\u2019elle \u00e9tait post\u00e9rieure au pacte d\u2019actionnaires\u00a0; allant jusqu\u2019\u00e0 pr\u00e9ciser que ces statuts amendaient le pacte\u00a0d\u2019actionnaires !<\/p>\n<p>&nbsp;<\/p>\n<p>Faut-il d\u00e9duire de cet arr\u00eat de la Cour de Cassation que chaque modification post\u00e9rieure des statuts au pacte d\u2019actionnaires constitue d\u2019office un amendement ?\u00a0 <strong>La Cour de Cassation a-t-elle voulu ouvrir la voie \u00e0 la pr\u00e9valence des statuts sur le pacte d\u2019actionnaires\u00a0?<\/strong><\/p>\n<p>Rien n\u2019est moins s\u00fbr selon nous, car les magistrats de la Cour de Cassation confirment le raisonnement de la Cour d\u2019appel qui a \u00ab\u00a0<em>recherch\u00e9 comment s\u2019articulait\u00a0le pacte d\u2019actionnaires et les statuts de la soci\u00e9t\u00e9<\/em>\u00a0\u00bb.<\/p>\n<p>Il s\u2019agirait d\u2019avantage d\u2019une affaire de chronologie que de hi\u00e9rarchie. Les statuts remportent le dernier mot non pas en raison de leur qualit\u00e9 intrins\u00e8que mais surtout parce qu\u2019ils ont \u00e9t\u00e9 adopt\u00e9s post\u00e9rieurement au pacte d\u2019actionnaires.<\/p>\n<p>Il nous semble regrettable que tant les juges du fonds que de la haute juridiction n\u2019aient pas davantage recherch\u00e9 <strong>la volont\u00e9 commune des parties<\/strong> afin de trouver un agencement, plus qu\u2019une hi\u00e9rarchie, excluant toute articulation entre les statuts et le pacte d\u2019actionnaires <a href=\"#_ftn4\" name=\"_ftnref4\">[4]<\/a>.<\/p>\n<p>Dans l\u2019arr\u00eat du 5 juin 2019, le pacte d\u2019actionnaires pr\u00e9voyait l\u2019application des dispositions l\u00e9gales, du pacte, des statuts sans anticiper sur les \u00e9ventuelles contradictions n\u00e9es de changements futurs.<\/p>\n<p><strong>Cet arr\u00eat est \u00e0 notre sens un rappel de l\u2019importance fondamentale de coordonner les statuts et le pacte extra-statutaire et d\u2019anticiper les versions successives qui pourraient s\u2019av\u00e9rer contradictoires<\/strong> (par exemple en convenant d\u00e8s la signature du pacte qu\u2019il pr\u00e9vaudra sur les statuts ou qu\u2019\u00e0 chaque modification des statuts, le pacte devra \u00eatre ajust\u00e9, obligeant ainsi \u00e0 assurer le suivi et la compl\u00e9mentarit\u00e9 de ces deux contrats).<\/p>\n<p>&nbsp;<\/p>\n<p>Par <a href=\"https:\/\/www.agilit.law\/\">AGIL&#8217;IT<\/a> &#8211; <a href=\"https:\/\/www.agilit.law\/expertises\/droit-des-societes-private-equity-ma\/\">P\u00f4le Private Equity &#8211; M&amp;A &#8211; Droit des soci\u00e9t\u00e9s<\/a><\/p>\n<p><a href=\"https:\/\/www.agilit.law\/cabinet\/equipe\/mathieu-siraga\/\">Mathieu SIRAGA<\/a>, Avocat Associ\u00e9<\/p>\n<p><a href=\"https:\/\/www.agilit.law\/cabinet\/equipe\/anne-dechamps\/\">Anne DECHAMPS<\/a>, Avocate<\/p>\n<p>&nbsp;<\/p>\n<p><a href=\"#_ftnref1\" name=\"_ftn1\">[1]<\/a> Les statuts d\u2019une soci\u00e9t\u00e9 s\u2019imposent aux associ\u00e9s de celle-ci et sont opposables aux tiers d\u00e8s leur publication<\/p>\n<p><a href=\"#_ftnref2\" name=\"_ftn2\">[2]<\/a> Par exemple, les r\u00e8gles de quorum et de majorit\u00e9 des assembl\u00e9es g\u00e9n\u00e9rales d\u2019actionnaires des SA (soci\u00e9t\u00e9s anonymes) \u2013 <a href=\"https:\/\/www.legifrance.gouv.fr\/affichCodeArticle.do?idArticle=LEGIARTI000038799448&amp;cidTexte=LEGITEXT000005634379&amp;dateTexte=20191223&amp;oldAction=rechCodeArticle&amp;fastReqId=1237114284&amp;nbResultRech=1\">l\u2019article L 225-96 du code de commerce<\/a> permet aux statuts de fixer un quorum plus \u00e9lev\u00e9.<\/p>\n<p><a href=\"#_ftnref3\" name=\"_ftn3\">[3]<\/a> D\u2019apr\u00e8s l\u2019arr\u00eat de la Cour de Cassation\u00a0: \u00ab\u00a0<em>l&#8217;article 27 du pacte d&#8217;actionnaires pr\u00e9cisait que dans le cadre de la gestion et de l&#8217;administration de la soci\u00e9t\u00e9, les parties convenaient d&#8217;appliquer les lois en vigueur, les stipulations du pacte, les stipulations des statuts de la soci\u00e9t\u00e9 ainsi que les amendements des statuts pouvant \u00eatre adopt\u00e9s dans la conduite normale des affaires<\/em>\u00a0\u00bb\u00a0:<\/p>\n<p><a href=\"#_ftnref4\" name=\"_ftn4\">[4]<\/a> Une r\u00e8gle fondamentale fix\u00e9e par <a href=\"https:\/\/www.legifrance.gouv.fr\/affichCodeArticle.do?idArticle=LEGIARTI000032041265&amp;cidTexte=LEGITEXT000006070721&amp;dateTexte=20191223&amp;fastPos=2&amp;fastReqId=880177945&amp;oldAction=rechCodeArticle\">l\u2019article 1189 du Code civil<\/a> sur l\u2019interpr\u00e9tation des contrats\u00a0: \u00ab\u00a0<em>Toutes les clauses d&#8217;un contrat s&#8217;interpr\u00e8tent les unes par rapport aux autres, en donnant \u00e0 chacune le sens qui respecte la coh\u00e9rence de l&#8217;acte tout entier. <\/em><\/p>\n<p><em>Lorsque, dans l&#8217;intention commune des parties, plusieurs contrats concourent \u00e0 une m\u00eame op\u00e9ration, ils s&#8217;interpr\u00e8tent en fonction de celle-ci.<\/em>\u00a0\u00bb<\/p>\n<p>&nbsp;<\/p>\n<p>&nbsp;<\/p>\n","protected":false},"excerpt":{"rendered":"<p>Dans un arr\u00eat in\u00e9dit rendu le 5 juin 2019 (n\u00b017-18967), la Chambre commerciale de la Cour de cassation affirme que les statuts de la soci\u00e9t\u00e9 priment sur le pacte d\u2019actionnaires lorsqu\u2019ils ont \u00e9t\u00e9 modifi\u00e9s apr\u00e8s la conclusion du pacte. La primaut\u00e9 des statuts sur le pacte est-elle un principe trouvant une base l\u00e9gale\u00a0? Est-ce qu\u2019une&hellip;<\/p>\n","protected":false},"author":9,"featured_media":5402,"comment_status":"closed","ping_status":"closed","sticky":false,"template":"","format":"standard","meta":{"footnotes":""},"categories":[74],"tags":[],"coauthors":[100],"yoast_head":"<!-- This site is optimized with the Yoast SEO plugin v21.3 - https:\/\/yoast.com\/wordpress\/plugins\/seo\/ -->\n<title>Les statuts d\u2019une soci\u00e9t\u00e9 priment-ils sur le pacte d\u2019actionnaires\u00a0en toutes circonstances ? - AGIL&#039;IT<\/title>\n<meta name=\"robots\" content=\"index, follow, max-snippet:-1, max-image-preview:large, max-video-preview:-1\" \/>\n<link rel=\"canonical\" href=\"https:\/\/www.agilit.law\/droit-societes-fusions-acquisitions\/les-statuts-dune-societe-priment-ils-sur-le-pacte-dactionnaires-en-toutes-circonstances\/\" \/>\n<meta property=\"og:locale\" content=\"en_US\" \/>\n<meta property=\"og:type\" content=\"article\" \/>\n<meta property=\"og:title\" content=\"Les statuts d\u2019une soci\u00e9t\u00e9 priment-ils sur le pacte d\u2019actionnaires\u00a0en toutes circonstances ? - AGIL&#039;IT\" \/>\n<meta property=\"og:description\" content=\"Dans un arr\u00eat in\u00e9dit rendu le 5 juin 2019 (n\u00b017-18967), la Chambre commerciale de la Cour de cassation affirme que les statuts de la soci\u00e9t\u00e9 priment sur le pacte d\u2019actionnaires lorsqu\u2019ils ont \u00e9t\u00e9 modifi\u00e9s apr\u00e8s la conclusion du pacte. La primaut\u00e9 des statuts sur le pacte est-elle un principe trouvant une base l\u00e9gale\u00a0? Est-ce qu\u2019une&hellip;\" \/>\n<meta property=\"og:url\" content=\"https:\/\/www.agilit.law\/droit-societes-fusions-acquisitions\/les-statuts-dune-societe-priment-ils-sur-le-pacte-dactionnaires-en-toutes-circonstances\/\" \/>\n<meta property=\"og:site_name\" content=\"AGIL&#039;IT\" \/>\n<meta property=\"article:published_time\" content=\"2019-12-31T13:31:14+00:00\" \/>\n<meta property=\"article:modified_time\" content=\"2021-01-31T20:20:17+00:00\" \/>\n<meta property=\"og:image\" content=\"https:\/\/www.agilit.law\/wp-content\/uploads\/2019\/04\/shutterstock_1028168668-.jpg\" \/>\n\t<meta property=\"og:image:width\" content=\"1500\" \/>\n\t<meta property=\"og:image:height\" content=\"813\" \/>\n\t<meta property=\"og:image:type\" content=\"image\/jpeg\" \/>\n<meta name=\"author\" content=\"Mathieu SIRAGA\" \/>\n<meta name=\"twitter:card\" content=\"summary_large_image\" \/>\n<meta name=\"twitter:label1\" content=\"Written by\" \/>\n\t<meta name=\"twitter:data1\" content=\"Mathieu SIRAGA\" \/>\n\t<meta name=\"twitter:label2\" content=\"Est. reading time\" \/>\n\t<meta name=\"twitter:data2\" content=\"6 minutes\" \/>\n<script type=\"application\/ld+json\" class=\"yoast-schema-graph\">{\"@context\":\"https:\/\/schema.org\",\"@graph\":[{\"@type\":\"WebPage\",\"@id\":\"https:\/\/www.agilit.law\/droit-societes-fusions-acquisitions\/les-statuts-dune-societe-priment-ils-sur-le-pacte-dactionnaires-en-toutes-circonstances\/\",\"url\":\"https:\/\/www.agilit.law\/droit-societes-fusions-acquisitions\/les-statuts-dune-societe-priment-ils-sur-le-pacte-dactionnaires-en-toutes-circonstances\/\",\"name\":\"Les statuts d\u2019une soci\u00e9t\u00e9 priment-ils sur le pacte d\u2019actionnaires\u00a0en toutes circonstances ? - AGIL&#039;IT\",\"isPartOf\":{\"@id\":\"https:\/\/www.agilit.law\/#website\"},\"datePublished\":\"2019-12-31T13:31:14+00:00\",\"dateModified\":\"2021-01-31T20:20:17+00:00\",\"author\":{\"@id\":\"https:\/\/www.agilit.law\/#\/schema\/person\/9a5a94e77eb1b4aad4a91400d36d5746\"},\"breadcrumb\":{\"@id\":\"https:\/\/www.agilit.law\/droit-societes-fusions-acquisitions\/les-statuts-dune-societe-priment-ils-sur-le-pacte-dactionnaires-en-toutes-circonstances\/#breadcrumb\"},\"inLanguage\":\"en-US\",\"potentialAction\":[{\"@type\":\"ReadAction\",\"target\":[\"https:\/\/www.agilit.law\/droit-societes-fusions-acquisitions\/les-statuts-dune-societe-priment-ils-sur-le-pacte-dactionnaires-en-toutes-circonstances\/\"]}]},{\"@type\":\"BreadcrumbList\",\"@id\":\"https:\/\/www.agilit.law\/droit-societes-fusions-acquisitions\/les-statuts-dune-societe-priment-ils-sur-le-pacte-dactionnaires-en-toutes-circonstances\/#breadcrumb\",\"itemListElement\":[{\"@type\":\"ListItem\",\"position\":1,\"name\":\"Accueil\",\"item\":\"https:\/\/www.agilit.law\/en\/\"},{\"@type\":\"ListItem\",\"position\":2,\"name\":\"Les statuts d\u2019une soci\u00e9t\u00e9 priment-ils sur le pacte d\u2019actionnaires\u00a0en toutes circonstances ?\"}]},{\"@type\":\"WebSite\",\"@id\":\"https:\/\/www.agilit.law\/#website\",\"url\":\"https:\/\/www.agilit.law\/\",\"name\":\"AGIL&#039;IT\",\"description\":\"Make things simple\",\"potentialAction\":[{\"@type\":\"SearchAction\",\"target\":{\"@type\":\"EntryPoint\",\"urlTemplate\":\"https:\/\/www.agilit.law\/?s={search_term_string}\"},\"query-input\":\"required name=search_term_string\"}],\"inLanguage\":\"en-US\"},{\"@type\":\"Person\",\"@id\":\"https:\/\/www.agilit.law\/#\/schema\/person\/9a5a94e77eb1b4aad4a91400d36d5746\",\"name\":\"Mathieu SIRAGA\",\"image\":{\"@type\":\"ImageObject\",\"inLanguage\":\"en-US\",\"@id\":\"https:\/\/www.agilit.law\/#\/schema\/person\/image\/1e4f11fbfd13f1504c1ca2c0d6584875\",\"url\":\"https:\/\/secure.gravatar.com\/avatar\/257387d505ca582f6a800cb99696ac8a?s=96&d=mm&r=g\",\"contentUrl\":\"https:\/\/secure.gravatar.com\/avatar\/257387d505ca582f6a800cb99696ac8a?s=96&d=mm&r=g\",\"caption\":\"Mathieu SIRAGA\"},\"url\":\"https:\/\/www.agilit.law\/en\/author\/mathieu\/\"}]}<\/script>\n<!-- \/ Yoast SEO plugin. -->","yoast_head_json":{"title":"Les statuts d\u2019une soci\u00e9t\u00e9 priment-ils sur le pacte d\u2019actionnaires\u00a0en toutes circonstances ? - AGIL&#039;IT","robots":{"index":"index","follow":"follow","max-snippet":"max-snippet:-1","max-image-preview":"max-image-preview:large","max-video-preview":"max-video-preview:-1"},"canonical":"https:\/\/www.agilit.law\/droit-societes-fusions-acquisitions\/les-statuts-dune-societe-priment-ils-sur-le-pacte-dactionnaires-en-toutes-circonstances\/","og_locale":"en_US","og_type":"article","og_title":"Les statuts d\u2019une soci\u00e9t\u00e9 priment-ils sur le pacte d\u2019actionnaires\u00a0en toutes circonstances ? - AGIL&#039;IT","og_description":"Dans un arr\u00eat in\u00e9dit rendu le 5 juin 2019 (n\u00b017-18967), la Chambre commerciale de la Cour de cassation affirme que les statuts de la soci\u00e9t\u00e9 priment sur le pacte d\u2019actionnaires lorsqu\u2019ils ont \u00e9t\u00e9 modifi\u00e9s apr\u00e8s la conclusion du pacte. La primaut\u00e9 des statuts sur le pacte est-elle un principe trouvant une base l\u00e9gale\u00a0? Est-ce qu\u2019une&hellip;","og_url":"https:\/\/www.agilit.law\/droit-societes-fusions-acquisitions\/les-statuts-dune-societe-priment-ils-sur-le-pacte-dactionnaires-en-toutes-circonstances\/","og_site_name":"AGIL&#039;IT","article_published_time":"2019-12-31T13:31:14+00:00","article_modified_time":"2021-01-31T20:20:17+00:00","og_image":[{"width":1500,"height":813,"url":"https:\/\/www.agilit.law\/wp-content\/uploads\/2019\/04\/shutterstock_1028168668-.jpg","type":"image\/jpeg"}],"author":"Mathieu SIRAGA","twitter_card":"summary_large_image","twitter_misc":{"Written by":"Mathieu SIRAGA","Est. reading time":"6 minutes"},"schema":{"@context":"https:\/\/schema.org","@graph":[{"@type":"WebPage","@id":"https:\/\/www.agilit.law\/droit-societes-fusions-acquisitions\/les-statuts-dune-societe-priment-ils-sur-le-pacte-dactionnaires-en-toutes-circonstances\/","url":"https:\/\/www.agilit.law\/droit-societes-fusions-acquisitions\/les-statuts-dune-societe-priment-ils-sur-le-pacte-dactionnaires-en-toutes-circonstances\/","name":"Les statuts d\u2019une soci\u00e9t\u00e9 priment-ils sur le pacte d\u2019actionnaires\u00a0en toutes circonstances ? - AGIL&#039;IT","isPartOf":{"@id":"https:\/\/www.agilit.law\/#website"},"datePublished":"2019-12-31T13:31:14+00:00","dateModified":"2021-01-31T20:20:17+00:00","author":{"@id":"https:\/\/www.agilit.law\/#\/schema\/person\/9a5a94e77eb1b4aad4a91400d36d5746"},"breadcrumb":{"@id":"https:\/\/www.agilit.law\/droit-societes-fusions-acquisitions\/les-statuts-dune-societe-priment-ils-sur-le-pacte-dactionnaires-en-toutes-circonstances\/#breadcrumb"},"inLanguage":"en-US","potentialAction":[{"@type":"ReadAction","target":["https:\/\/www.agilit.law\/droit-societes-fusions-acquisitions\/les-statuts-dune-societe-priment-ils-sur-le-pacte-dactionnaires-en-toutes-circonstances\/"]}]},{"@type":"BreadcrumbList","@id":"https:\/\/www.agilit.law\/droit-societes-fusions-acquisitions\/les-statuts-dune-societe-priment-ils-sur-le-pacte-dactionnaires-en-toutes-circonstances\/#breadcrumb","itemListElement":[{"@type":"ListItem","position":1,"name":"Accueil","item":"https:\/\/www.agilit.law\/en\/"},{"@type":"ListItem","position":2,"name":"Les statuts d\u2019une soci\u00e9t\u00e9 priment-ils sur le pacte d\u2019actionnaires\u00a0en toutes circonstances ?"}]},{"@type":"WebSite","@id":"https:\/\/www.agilit.law\/#website","url":"https:\/\/www.agilit.law\/","name":"AGIL&#039;IT","description":"Make things simple","potentialAction":[{"@type":"SearchAction","target":{"@type":"EntryPoint","urlTemplate":"https:\/\/www.agilit.law\/?s={search_term_string}"},"query-input":"required name=search_term_string"}],"inLanguage":"en-US"},{"@type":"Person","@id":"https:\/\/www.agilit.law\/#\/schema\/person\/9a5a94e77eb1b4aad4a91400d36d5746","name":"Mathieu SIRAGA","image":{"@type":"ImageObject","inLanguage":"en-US","@id":"https:\/\/www.agilit.law\/#\/schema\/person\/image\/1e4f11fbfd13f1504c1ca2c0d6584875","url":"https:\/\/secure.gravatar.com\/avatar\/257387d505ca582f6a800cb99696ac8a?s=96&d=mm&r=g","contentUrl":"https:\/\/secure.gravatar.com\/avatar\/257387d505ca582f6a800cb99696ac8a?s=96&d=mm&r=g","caption":"Mathieu SIRAGA"},"url":"https:\/\/www.agilit.law\/en\/author\/mathieu\/"}]}},"_links":{"self":[{"href":"https:\/\/www.agilit.law\/en\/wp-json\/wp\/v2\/posts\/6047"}],"collection":[{"href":"https:\/\/www.agilit.law\/en\/wp-json\/wp\/v2\/posts"}],"about":[{"href":"https:\/\/www.agilit.law\/en\/wp-json\/wp\/v2\/types\/post"}],"author":[{"embeddable":true,"href":"https:\/\/www.agilit.law\/en\/wp-json\/wp\/v2\/users\/9"}],"replies":[{"embeddable":true,"href":"https:\/\/www.agilit.law\/en\/wp-json\/wp\/v2\/comments?post=6047"}],"version-history":[{"count":5,"href":"https:\/\/www.agilit.law\/en\/wp-json\/wp\/v2\/posts\/6047\/revisions"}],"predecessor-version":[{"id":6052,"href":"https:\/\/www.agilit.law\/en\/wp-json\/wp\/v2\/posts\/6047\/revisions\/6052"}],"wp:featuredmedia":[{"embeddable":true,"href":"https:\/\/www.agilit.law\/en\/wp-json\/wp\/v2\/media\/5402"}],"wp:attachment":[{"href":"https:\/\/www.agilit.law\/en\/wp-json\/wp\/v2\/media?parent=6047"}],"wp:term":[{"taxonomy":"category","embeddable":true,"href":"https:\/\/www.agilit.law\/en\/wp-json\/wp\/v2\/categories?post=6047"},{"taxonomy":"post_tag","embeddable":true,"href":"https:\/\/www.agilit.law\/en\/wp-json\/wp\/v2\/tags?post=6047"},{"taxonomy":"author","embeddable":true,"href":"https:\/\/www.agilit.law\/en\/wp-json\/wp\/v2\/coauthors?post=6047"}],"curies":[{"name":"wp","href":"https:\/\/api.w.org\/{rel}","templated":true}]}}