{"id":5744,"date":"2019-08-30T09:57:27","date_gmt":"2019-08-30T07:57:27","guid":{"rendered":"https:\/\/www.agilit.law\/?p=5744"},"modified":"2019-08-30T09:57:27","modified_gmt":"2019-08-30T07:57:27","slug":"flash-actu-le-decret-du-26-juillet-2019-mettant-en-oeuvre-la-reforme-de-lassurance-chomage","status":"publish","type":"post","link":"https:\/\/www.agilit.law\/en\/droit-social-travail-securite-sociale\/flash-actu-le-decret-du-26-juillet-2019-mettant-en-oeuvre-la-reforme-de-lassurance-chomage\/","title":{"rendered":"Flash actu : le d\u00e9cret du 26 juillet 2019 mettant en oeuvre la r\u00e9forme de l&#8217;assurance ch\u00f4mage"},"content":{"rendered":"<p>Le minist\u00e8re du Travail, par un <a href=\"https:\/\/www.legifrance.gouv.fr\/affichTexte.do;jsessionid=41A68846B6CD25CD63B40FF1E64F245C.tplgfr31s_3?cidTexte=JORFTEXT000038829574&amp;dateTexte=&amp;oldAction=rechJO&amp;categorieLien=id&amp;idJO=JORFCONT000038829057\" target=\"_blank\" rel=\"noopener noreferrer\">d\u00e9cret publi\u00e9 le 28 juillet 2019<\/a> au Journal officiel, met en \u0153uvre la r\u00e9forme annonc\u00e9e le 18 juin. Il s\u2019agit d\u2019un texte de six articles avec une annexe intitul\u00e9e \u00ab r\u00e8glement de l\u2019assurance ch\u00f4mage \u00bb.<\/p>\n<p>&nbsp;<\/p>\n<p>Il entrera en vigueur \u00e0 partir du 1er novembre 2019 et s\u2019axe autour de deux points : <strong>le durcissement des conditions d\u2019acc\u00e8s \u00e0 l\u2019assurance ch\u00f4mage et la responsabilisation des entreprises<\/strong>, d\u2019un c\u00f4t\u00e9, et <strong>la transformation de l\u2019accompagnement des demandeurs d\u2019emploi<\/strong>, de l\u2019autre. En ce sens, plusieurs mesures ont \u00e9t\u00e9 retenues.<\/p>\n<p>&nbsp;<\/p>\n<p>Tout d\u2019abord, dans une volont\u00e9 de <strong>lutter contre le recours abusif aux contrats pr\u00e9caires<\/strong>, et notamment l\u2019enchainement des contrats \u00e0 dur\u00e9e d\u00e9termin\u00e9e ou des missions d\u2019int\u00e9rim, <strong>un syst\u00e8me de bonus-malus est mis en place pour les entreprises de plus de 11 salari\u00e9s<\/strong>.<\/p>\n<p>&nbsp;<\/p>\n<p>Une d\u00e9gressivit\u00e9 de l\u2019indemnisation pour les plus hauts salaires est \u00e9galement mise en place. En effet, <strong>le montant de l\u2019allocation ch\u00f4mage baissera de 30% au d\u00e9but du 7e mois d\u2019indemnisation (\u00e0 compter du 183e jour d\u2019indemnisation) pour les travailleurs b\u00e9n\u00e9ficiant d\u2019un revenu brut sup\u00e9rieur \u00e0 4 500 euros par mois<\/strong>, sans toutefois que le niveau d\u2019indemnisation puisse \u00eatre inf\u00e9rieur \u00e0 un plancher fix\u00e9 \u00e0 2 261 euros nets par mois. Cette mesure ne concernera pas en revanche les salari\u00e9s \u00e2g\u00e9s d\u2019au moins 57 ans.<\/p>\n<p>&nbsp;<\/p>\n<p>En ce qui concerne la p\u00e9riode de travail minimum pour acc\u00e9der \u00e0 l\u2019assurance ch\u00f4mage, \u00e0 partir du 1er novembre, elle sera \u00e9gale \u00e0 <strong>six mois sur les 24 derniers mois<\/strong> au lieu de 4 mois sur les 28 derniers mois aujourd\u2019hui.<\/p>\n<p>&nbsp;<\/p>\n<p>La <strong>dur\u00e9e minimale d\u2019indemnisation<\/strong> est \u00e9galement modifi\u00e9e et <strong>passe de quatre \u00e0 six mois<\/strong> et le <strong>seuil de rechargement des droits sera ramen\u00e9 \u00e0 six mois<\/strong> (910 heures) au lieu d\u2019un mois (150 heures) aujourd\u2019hui.<\/p>\n<p>&nbsp;<\/p>\n<p><strong>Le calcul de la dur\u00e9e d\u2019indemnisation du ch\u00f4mage change lui aussi<\/strong>. En effet, aujourd\u2019hui, ce calcul se fait sur le nombre de jours travaill\u00e9s pendant la p\u00e9riode de r\u00e9f\u00e9rence. Or, d\u00e8s le 1er novembre, la dur\u00e9e sera \u00e9gale au nombre de jours, <strong>travaill\u00e9s ou non<\/strong>, \u00e0 partir du premier jour d\u2019emploi pendant la p\u00e9riode de r\u00e9f\u00e9rence jusqu\u2019au terme de celle-ci. <strong>Ce ne sont donc plus les seuls jours travaill\u00e9s qui seront pris en compte<\/strong>.<\/p>\n<p>&nbsp;<\/p>\n<p>Enfin, <strong>les salari\u00e9s qui justifient d\u2019une anciennet\u00e9 d\u2019au moins 5 ans dans l\u2019entreprise auront droit \u00e0 l\u2019assurance ch\u00f4mage lorsqu\u2019ils d\u00e9missionnent pour r\u00e9aliser un projet professionnel<\/strong>. Le caract\u00e8re r\u00e9el et s\u00e9rieux du projet sera attest\u00e9 par une Commission paritaire interprofessionnelle r\u00e9gionale.<\/p>\n<p>&nbsp;<\/p>\n<p>De m\u00eame, <strong>les travailleurs ind\u00e9pendants, qui \u00e9taient jusque-l\u00e0 exclus du b\u00e9n\u00e9fice de l\u2019assurance ch\u00f4mage, auront droit aux allocations ch\u00f4mage, sans cotisation suppl\u00e9mentaire.<\/strong> Le montant de l\u2019indemnisation pour ces travailleurs sera \u00e9gal \u00e0 800 euros par mois pendant 6 mois. Pour en b\u00e9n\u00e9ficier, ils devront justifier d\u2019au moins deux ans continus d\u2019activit\u00e9 non salari\u00e9e au titre de la m\u00eame entreprise et d\u2019un revenu minimum de 10 000 euros par an sur les deux derni\u00e8res ann\u00e9es, avant liquidation judiciaire.<\/p>\n<p>&nbsp;<\/p>\n<p>Ces dispositions entreront en vigueur \u00e0 compter du 1er novembre 2019.<\/p>\n<p>&nbsp;<\/p>\n<p>En revanche, l\u2019article 5 du d\u00e9cret du 26 juillet 2019 pr\u00e9cise que <strong>les salari\u00e9s ayant fait l\u2019objet d\u2019une proc\u00e9dure de licenciement engag\u00e9e avant le 1er novembre 2019 restent soumis aux dispositions de la convention d\u2019assurance ch\u00f4mage en vigueur au jour de l\u2019engagement de la proc\u00e9dure<\/strong>, soit selon le cas, \u00e0 la date de l\u2019entretien pr\u00e9alable ou la date de pr\u00e9sentation de la lettre de convocation \u00e0 la premi\u00e8re r\u00e9union des instances repr\u00e9sentatives du personnel dans le cas d\u2019un licenciement collectif pour motif \u00e9conomique de plus de dix salari\u00e9s.<\/p>\n<p>&nbsp;<\/p>\n<p>Par <a href=\"https:\/\/www.agilit.law\/\" target=\"_blank\" rel=\"noopener noreferrer\">AGIL&#8217;IT<\/a> &#8211; <a href=\"https:\/\/www.agilit.law\/expertises\/droit-du-travail-securite-sociale\/\" target=\"_blank\" rel=\"noopener noreferrer\">P\u00f4le Droit social<\/a><\/p>\n<p><a href=\"https:\/\/www.agilit.law\/cabinet\/equipe\/sandrine-henrion\/\" target=\"_blank\" rel=\"noopener noreferrer\">Sandrine Henrion<\/a>, avocate associ\u00e9e<\/p>\n<p>&nbsp;<\/p>\n<p>&nbsp;<\/p>\n","protected":false},"excerpt":{"rendered":"<p>Le minist\u00e8re du Travail, par un d\u00e9cret publi\u00e9 le 28 juillet 2019 au Journal officiel, met en \u0153uvre la r\u00e9forme annonc\u00e9e le 18 juin. Il s\u2019agit d\u2019un texte de six articles avec une annexe intitul\u00e9e \u00ab r\u00e8glement de l\u2019assurance ch\u00f4mage \u00bb. &nbsp; Il entrera en vigueur \u00e0 partir du 1er novembre 2019 et s\u2019axe autour&hellip;<\/p>\n","protected":false},"author":11,"featured_media":2161,"comment_status":"closed","ping_status":"closed","sticky":false,"template":"","format":"standard","meta":{"footnotes":""},"categories":[72],"tags":[],"coauthors":[103],"yoast_head":"<!-- This site is optimized with the Yoast SEO plugin v21.3 - https:\/\/yoast.com\/wordpress\/plugins\/seo\/ -->\n<title>Flash actu : le d\u00e9cret du 26 juillet 2019 mettant en oeuvre la r\u00e9forme de l&#039;assurance ch\u00f4mage - AGIL&#039;IT<\/title>\n<meta name=\"robots\" content=\"index, follow, max-snippet:-1, max-image-preview:large, max-video-preview:-1\" \/>\n<link rel=\"canonical\" href=\"https:\/\/www.agilit.law\/droit-social-travail-securite-sociale\/flash-actu-le-decret-du-26-juillet-2019-mettant-en-oeuvre-la-reforme-de-lassurance-chomage\/\" \/>\n<meta property=\"og:locale\" content=\"en_US\" \/>\n<meta property=\"og:type\" content=\"article\" \/>\n<meta property=\"og:title\" content=\"Flash actu : le d\u00e9cret du 26 juillet 2019 mettant en oeuvre la r\u00e9forme de l&#039;assurance ch\u00f4mage - AGIL&#039;IT\" \/>\n<meta property=\"og:description\" content=\"Le minist\u00e8re du Travail, par un d\u00e9cret publi\u00e9 le 28 juillet 2019 au Journal officiel, met en \u0153uvre la r\u00e9forme annonc\u00e9e le 18 juin. Il s\u2019agit d\u2019un texte de six articles avec une annexe intitul\u00e9e \u00ab r\u00e8glement de l\u2019assurance ch\u00f4mage \u00bb. &nbsp; Il entrera en vigueur \u00e0 partir du 1er novembre 2019 et s\u2019axe autour&hellip;\" \/>\n<meta property=\"og:url\" content=\"https:\/\/www.agilit.law\/droit-social-travail-securite-sociale\/flash-actu-le-decret-du-26-juillet-2019-mettant-en-oeuvre-la-reforme-de-lassurance-chomage\/\" \/>\n<meta property=\"og:site_name\" content=\"AGIL&#039;IT\" \/>\n<meta property=\"article:published_time\" content=\"2019-08-30T07:57:27+00:00\" \/>\n<meta property=\"og:image\" content=\"https:\/\/www.agilit.law\/wp-content\/uploads\/2017\/06\/D-2.jpg\" \/>\n\t<meta property=\"og:image:width\" content=\"1500\" \/>\n\t<meta property=\"og:image:height\" content=\"813\" \/>\n\t<meta property=\"og:image:type\" content=\"image\/jpeg\" \/>\n<meta name=\"author\" content=\"Sandrine HENRION\" \/>\n<meta name=\"twitter:card\" content=\"summary_large_image\" \/>\n<meta name=\"twitter:label1\" content=\"Written by\" \/>\n\t<meta name=\"twitter:data1\" content=\"Sandrine HENRION\" \/>\n\t<meta name=\"twitter:label2\" content=\"Est. reading time\" \/>\n\t<meta name=\"twitter:data2\" content=\"3 minutes\" \/>\n<script type=\"application\/ld+json\" class=\"yoast-schema-graph\">{\"@context\":\"https:\/\/schema.org\",\"@graph\":[{\"@type\":\"WebPage\",\"@id\":\"https:\/\/www.agilit.law\/droit-social-travail-securite-sociale\/flash-actu-le-decret-du-26-juillet-2019-mettant-en-oeuvre-la-reforme-de-lassurance-chomage\/\",\"url\":\"https:\/\/www.agilit.law\/droit-social-travail-securite-sociale\/flash-actu-le-decret-du-26-juillet-2019-mettant-en-oeuvre-la-reforme-de-lassurance-chomage\/\",\"name\":\"Flash actu : le d\u00e9cret du 26 juillet 2019 mettant en oeuvre la r\u00e9forme de l'assurance ch\u00f4mage - AGIL&#039;IT\",\"isPartOf\":{\"@id\":\"https:\/\/www.agilit.law\/#website\"},\"datePublished\":\"2019-08-30T07:57:27+00:00\",\"dateModified\":\"2019-08-30T07:57:27+00:00\",\"author\":{\"@id\":\"https:\/\/www.agilit.law\/#\/schema\/person\/f55bb8f9542b516dc39f1b7f9e296a5f\"},\"breadcrumb\":{\"@id\":\"https:\/\/www.agilit.law\/droit-social-travail-securite-sociale\/flash-actu-le-decret-du-26-juillet-2019-mettant-en-oeuvre-la-reforme-de-lassurance-chomage\/#breadcrumb\"},\"inLanguage\":\"en-US\",\"potentialAction\":[{\"@type\":\"ReadAction\",\"target\":[\"https:\/\/www.agilit.law\/droit-social-travail-securite-sociale\/flash-actu-le-decret-du-26-juillet-2019-mettant-en-oeuvre-la-reforme-de-lassurance-chomage\/\"]}]},{\"@type\":\"BreadcrumbList\",\"@id\":\"https:\/\/www.agilit.law\/droit-social-travail-securite-sociale\/flash-actu-le-decret-du-26-juillet-2019-mettant-en-oeuvre-la-reforme-de-lassurance-chomage\/#breadcrumb\",\"itemListElement\":[{\"@type\":\"ListItem\",\"position\":1,\"name\":\"Accueil\",\"item\":\"https:\/\/www.agilit.law\/en\/\"},{\"@type\":\"ListItem\",\"position\":2,\"name\":\"Flash actu : le d\u00e9cret du 26 juillet 2019 mettant en oeuvre la r\u00e9forme de l&#8217;assurance ch\u00f4mage\"}]},{\"@type\":\"WebSite\",\"@id\":\"https:\/\/www.agilit.law\/#website\",\"url\":\"https:\/\/www.agilit.law\/\",\"name\":\"AGIL&#039;IT\",\"description\":\"Make things simple\",\"potentialAction\":[{\"@type\":\"SearchAction\",\"target\":{\"@type\":\"EntryPoint\",\"urlTemplate\":\"https:\/\/www.agilit.law\/?s={search_term_string}\"},\"query-input\":\"required name=search_term_string\"}],\"inLanguage\":\"en-US\"},{\"@type\":\"Person\",\"@id\":\"https:\/\/www.agilit.law\/#\/schema\/person\/f55bb8f9542b516dc39f1b7f9e296a5f\",\"name\":\"Sandrine HENRION\",\"image\":{\"@type\":\"ImageObject\",\"inLanguage\":\"en-US\",\"@id\":\"https:\/\/www.agilit.law\/#\/schema\/person\/image\/64c307cdb027afebab7e17aae55d39af\",\"url\":\"https:\/\/secure.gravatar.com\/avatar\/95338b8296ada09996c73112a3052c33?s=96&d=mm&r=g\",\"contentUrl\":\"https:\/\/secure.gravatar.com\/avatar\/95338b8296ada09996c73112a3052c33?s=96&d=mm&r=g\",\"caption\":\"Sandrine HENRION\"},\"url\":\"https:\/\/www.agilit.law\/en\/author\/sandrine\/\"}]}<\/script>\n<!-- \/ Yoast SEO plugin. -->","yoast_head_json":{"title":"Flash actu : le d\u00e9cret du 26 juillet 2019 mettant en oeuvre la r\u00e9forme de l'assurance ch\u00f4mage - AGIL&#039;IT","robots":{"index":"index","follow":"follow","max-snippet":"max-snippet:-1","max-image-preview":"max-image-preview:large","max-video-preview":"max-video-preview:-1"},"canonical":"https:\/\/www.agilit.law\/droit-social-travail-securite-sociale\/flash-actu-le-decret-du-26-juillet-2019-mettant-en-oeuvre-la-reforme-de-lassurance-chomage\/","og_locale":"en_US","og_type":"article","og_title":"Flash actu : le d\u00e9cret du 26 juillet 2019 mettant en oeuvre la r\u00e9forme de l'assurance ch\u00f4mage - AGIL&#039;IT","og_description":"Le minist\u00e8re du Travail, par un d\u00e9cret publi\u00e9 le 28 juillet 2019 au Journal officiel, met en \u0153uvre la r\u00e9forme annonc\u00e9e le 18 juin. Il s\u2019agit d\u2019un texte de six articles avec une annexe intitul\u00e9e \u00ab r\u00e8glement de l\u2019assurance ch\u00f4mage \u00bb. &nbsp; Il entrera en vigueur \u00e0 partir du 1er novembre 2019 et s\u2019axe autour&hellip;","og_url":"https:\/\/www.agilit.law\/droit-social-travail-securite-sociale\/flash-actu-le-decret-du-26-juillet-2019-mettant-en-oeuvre-la-reforme-de-lassurance-chomage\/","og_site_name":"AGIL&#039;IT","article_published_time":"2019-08-30T07:57:27+00:00","og_image":[{"width":1500,"height":813,"url":"https:\/\/www.agilit.law\/wp-content\/uploads\/2017\/06\/D-2.jpg","type":"image\/jpeg"}],"author":"Sandrine HENRION","twitter_card":"summary_large_image","twitter_misc":{"Written by":"Sandrine HENRION","Est. reading time":"3 minutes"},"schema":{"@context":"https:\/\/schema.org","@graph":[{"@type":"WebPage","@id":"https:\/\/www.agilit.law\/droit-social-travail-securite-sociale\/flash-actu-le-decret-du-26-juillet-2019-mettant-en-oeuvre-la-reforme-de-lassurance-chomage\/","url":"https:\/\/www.agilit.law\/droit-social-travail-securite-sociale\/flash-actu-le-decret-du-26-juillet-2019-mettant-en-oeuvre-la-reforme-de-lassurance-chomage\/","name":"Flash actu : le d\u00e9cret du 26 juillet 2019 mettant en oeuvre la r\u00e9forme de l'assurance ch\u00f4mage - AGIL&#039;IT","isPartOf":{"@id":"https:\/\/www.agilit.law\/#website"},"datePublished":"2019-08-30T07:57:27+00:00","dateModified":"2019-08-30T07:57:27+00:00","author":{"@id":"https:\/\/www.agilit.law\/#\/schema\/person\/f55bb8f9542b516dc39f1b7f9e296a5f"},"breadcrumb":{"@id":"https:\/\/www.agilit.law\/droit-social-travail-securite-sociale\/flash-actu-le-decret-du-26-juillet-2019-mettant-en-oeuvre-la-reforme-de-lassurance-chomage\/#breadcrumb"},"inLanguage":"en-US","potentialAction":[{"@type":"ReadAction","target":["https:\/\/www.agilit.law\/droit-social-travail-securite-sociale\/flash-actu-le-decret-du-26-juillet-2019-mettant-en-oeuvre-la-reforme-de-lassurance-chomage\/"]}]},{"@type":"BreadcrumbList","@id":"https:\/\/www.agilit.law\/droit-social-travail-securite-sociale\/flash-actu-le-decret-du-26-juillet-2019-mettant-en-oeuvre-la-reforme-de-lassurance-chomage\/#breadcrumb","itemListElement":[{"@type":"ListItem","position":1,"name":"Accueil","item":"https:\/\/www.agilit.law\/en\/"},{"@type":"ListItem","position":2,"name":"Flash actu : le d\u00e9cret du 26 juillet 2019 mettant en oeuvre la r\u00e9forme de l&#8217;assurance ch\u00f4mage"}]},{"@type":"WebSite","@id":"https:\/\/www.agilit.law\/#website","url":"https:\/\/www.agilit.law\/","name":"AGIL&#039;IT","description":"Make things simple","potentialAction":[{"@type":"SearchAction","target":{"@type":"EntryPoint","urlTemplate":"https:\/\/www.agilit.law\/?s={search_term_string}"},"query-input":"required name=search_term_string"}],"inLanguage":"en-US"},{"@type":"Person","@id":"https:\/\/www.agilit.law\/#\/schema\/person\/f55bb8f9542b516dc39f1b7f9e296a5f","name":"Sandrine HENRION","image":{"@type":"ImageObject","inLanguage":"en-US","@id":"https:\/\/www.agilit.law\/#\/schema\/person\/image\/64c307cdb027afebab7e17aae55d39af","url":"https:\/\/secure.gravatar.com\/avatar\/95338b8296ada09996c73112a3052c33?s=96&d=mm&r=g","contentUrl":"https:\/\/secure.gravatar.com\/avatar\/95338b8296ada09996c73112a3052c33?s=96&d=mm&r=g","caption":"Sandrine HENRION"},"url":"https:\/\/www.agilit.law\/en\/author\/sandrine\/"}]}},"_links":{"self":[{"href":"https:\/\/www.agilit.law\/en\/wp-json\/wp\/v2\/posts\/5744"}],"collection":[{"href":"https:\/\/www.agilit.law\/en\/wp-json\/wp\/v2\/posts"}],"about":[{"href":"https:\/\/www.agilit.law\/en\/wp-json\/wp\/v2\/types\/post"}],"author":[{"embeddable":true,"href":"https:\/\/www.agilit.law\/en\/wp-json\/wp\/v2\/users\/11"}],"replies":[{"embeddable":true,"href":"https:\/\/www.agilit.law\/en\/wp-json\/wp\/v2\/comments?post=5744"}],"version-history":[{"count":7,"href":"https:\/\/www.agilit.law\/en\/wp-json\/wp\/v2\/posts\/5744\/revisions"}],"predecessor-version":[{"id":5752,"href":"https:\/\/www.agilit.law\/en\/wp-json\/wp\/v2\/posts\/5744\/revisions\/5752"}],"wp:featuredmedia":[{"embeddable":true,"href":"https:\/\/www.agilit.law\/en\/wp-json\/wp\/v2\/media\/2161"}],"wp:attachment":[{"href":"https:\/\/www.agilit.law\/en\/wp-json\/wp\/v2\/media?parent=5744"}],"wp:term":[{"taxonomy":"category","embeddable":true,"href":"https:\/\/www.agilit.law\/en\/wp-json\/wp\/v2\/categories?post=5744"},{"taxonomy":"post_tag","embeddable":true,"href":"https:\/\/www.agilit.law\/en\/wp-json\/wp\/v2\/tags?post=5744"},{"taxonomy":"author","embeddable":true,"href":"https:\/\/www.agilit.law\/en\/wp-json\/wp\/v2\/coauthors?post=5744"}],"curies":[{"name":"wp","href":"https:\/\/api.w.org\/{rel}","templated":true}]}}