{"id":5525,"date":"2019-06-05T12:56:35","date_gmt":"2019-06-05T10:56:35","guid":{"rendered":"https:\/\/www.agilit.law\/?p=5525"},"modified":"2019-11-25T21:52:33","modified_gmt":"2019-11-25T20:52:33","slug":"loi-pacte-quels-changements-dans-la-participation-des-salaries","status":"publish","type":"post","link":"https:\/\/www.agilit.law\/en\/droit-social-travail-securite-sociale\/loi-pacte-quels-changements-dans-la-participation-des-salaries\/","title":{"rendered":"Loi Pacte : quels changements dans la participation des salari\u00e9s ?"},"content":{"rendered":"<p>&nbsp;<\/p>\n<p><img decoding=\"async\" loading=\"lazy\" class=\"size-full wp-image-5526 alignleft\" src=\"https:\/\/www.agilit.law\/wp-content\/uploads\/2019\/05\/Capture.jpg\" alt=\"\" width=\"251\" height=\"66\" \/>Publication pour <strong>Chef d&#8217;Entreprise<\/strong>, d&#8217;un article de notre associ\u00e9e <a href=\"https:\/\/www.agilit.law\/cabinet\/equipe\/sandrine-henrion\/\" target=\"_blank\" rel=\"noopener noreferrer\">Sandrine HENRION<\/a>, Membre d&#8217;Avosial, <a href=\"https:\/\/www.agilit.law\/expertises\/droit-du-travail-securite-sociale\/\" target=\"_blank\" rel=\"noopener noreferrer\">P\u00f4le Droit social<\/a>, sur les apports de la loi &#8220;PACTE&#8221; visant \u00e0 faciliter la mise en place de la participation des salari\u00e9s en entreprise.<\/p>\n<h3><\/h3>\n<p>&nbsp;<\/p>\n<p><em>La loi Pacte devrait\u00a0<strong>par<\/strong><strong> 3 mesures phares <\/strong>permettre\u00a0aux salari\u00e9s des TPE-PME (plus de 50% des salari\u00e9s) de b\u00e9n\u00e9ficier des r\u00e9sultats de leur entreprise.<\/em><\/p>\n<p>&nbsp;<\/p>\n<p>La participation est d\u00e9finie par le Code du travail comme ayant <em>\u00ab\u00a0pour objet de garantir collectivement aux salari\u00e9s le droit de participer aux r\u00e9sultats de l\u2019entreprise\u00a0\u00bb<\/em> (<a href=\"https:\/\/www.legifrance.gouv.fr\/affichCodeArticle.do?idArticle=LEGIARTI000019870468&amp;cidTexte=LEGITEXT000006072050&amp;dateTexte=20081205\" target=\"_blank\" rel=\"noopener noreferrer\">C. Trav., art. L.3322-1<\/a>).<\/p>\n<p>Celle-ci prend la forme d\u2019une participation financi\u00e8re constituant la r\u00e9serve sp\u00e9ciale de participation et est obligatoire pour les entreprises de plus de 50 salari\u00e9s.<\/p>\n<p>Les entreprises de moins de 50 salari\u00e9s peuvent malgr\u00e9 tout mettre en place la participation de mani\u00e8re volontaire. Or, en pratique, moins de 16% des entreprises de moins de 50 salari\u00e9s sont couverts par un dispositif d\u2019\u00e9pargne salariale.<\/p>\n<p>Face \u00e0 ces difficult\u00e9s, la <a href=\"https:\/\/www.legifrance.gouv.fr\/affichTexte.do;jsessionid=EA596D132D875BC2531B901A45B16F36.tplgfr41s_3?cidTexte=JORFTEXT000038496102&amp;categorieLien=id\" target=\"_blank\" rel=\"noopener noreferrer\">loi relative au plan d\u2019action pour la croissance et la transformation des entreprises (PACTE)<\/a>, adopt\u00e9e le 22 mai 2019, pr\u00e9voit des mesures pour rendre attractive l\u2019\u00e9pargne salariale et notamment la participation des salari\u00e9s aux r\u00e9sultats de l\u2019entreprise.<\/p>\n<p>&nbsp;<\/p>\n<h3><strong>\u00a0<\/strong><strong>Le forfait social est supprim\u00e9 et la loi propose des accords-types pour les entreprises de moins de 50 salari\u00e9s<\/strong><\/h3>\n<p>&nbsp;<\/p>\n<p>Les principaux freins avanc\u00e9s par les entreprises de moins de 50 salari\u00e9s pour la mise en place de la participation sont notamment l\u2019existence d\u2019un forfait social \u2013 oscillant entre 8 et 20% selon les sommes \u2013 et la complexit\u00e9 de mise en place d\u2019un accord.<\/p>\n<p>Pour palier cette difficult\u00e9, le projet de loi \u00ab\u00a0PACTE\u00a0\u00bb pr\u00e9voyait la disparition du forfait social pour les entreprises de moins de 50 salari\u00e9s mettant en place volontairement un dispositif de participation des salari\u00e9s aux r\u00e9sultats de l\u2019entreprise.<\/p>\n<p>Cependant, la volont\u00e9 du Gouvernement \u00e9tait de permettre aux entreprises de conclure des accords de participation le plus rapidement possible.<\/p>\n<p>Pour ce faire, certaines mesures pr\u00e9vues par le projet de loi Pacte ont \u00e9t\u00e9 introduites dans la <a href=\"https:\/\/www.legifrance.gouv.fr\/affichTexte.do?cidTexte=JORFTEXT000037847585&amp;categorieLien=id\" target=\"_blank\" rel=\"noopener noreferrer\">loi n\u00b02018-1203 du 22 d\u00e9cembre 2018<\/a> de financement de la s\u00e9curit\u00e9 sociale pour 2019<strong>. <\/strong><\/p>\n<p><strong>\u00a0<\/strong>Ainsi, l\u2019article 16 de cette loi pr\u00e9voit cette exon\u00e9ration pour les entreprises de moins de 50 salari\u00e9s mettant en place un accord de participation volontairement.<\/p>\n<p>Par ailleurs, l\u2019article 155 V. de la loi \u00ab\u00a0PACTE\u00a0\u00bb pr\u00e9voit la n\u00e9gociation d\u2019accords-types n\u00e9goci\u00e9s au niveau de la branche et adapt\u00e9s au secteur d\u2019activit\u00e9 pour les entreprises de moins de 50 salari\u00e9s. Ces accords devront \u00eatre conclus au plus tard le 31 d\u00e9cembre 2020. A d\u00e9faut d\u2019initiative au plus tard le 31 d\u00e9cembre 2019, la n\u00e9gociation devra s\u2019engager dans un d\u00e9lai de 15 jours \u00e0 compter de la demande d\u2019une organisation de salari\u00e9s repr\u00e9sentative au niveau de la branche.<\/p>\n<p>Ces dispositions ont pour but de faciliter la mise en place de la participation au niveau de l\u2019entreprise. En effet, cette derni\u00e8re pourra appliquer directement cet accord-type sans avoir \u00e0 n\u00e9gocier.<\/p>\n<h3><strong>\u00a0<\/strong><\/h3>\n<h3><strong>Les r\u00e8gles relatives au calcul de l\u2019effectif sont modifi\u00e9es<\/strong><\/h3>\n<p>&nbsp;<\/p>\n<p>Avant la loi \u00ab\u00a0PACTE\u00a0\u00bb, la participation \u00e9tait obligatoire pour les entreprises d\u00e9passant le seuil de 50 salari\u00e9s <u>pendant 12 mois cons\u00e9cutifs ou non au cours des 3 pr\u00e9c\u00e9dents exercices<\/u> (C. Trav., art. L.3322-2).<\/p>\n<p>Les nouvelles dispositions issues de cette loi pr\u00e9voient un nouveau mode de calcul. En effet, la mise en place de la participation est d\u00e9sormais obligatoire pour les entreprises employant plus de 50 salari\u00e9s durant 5 ann\u00e9es civiles cons\u00e9cutives (C. Trav., art L. 3322-1 al. 3 modifi\u00e9)<\/p>\n<p>Pour le d\u00e9compte de l\u2019effectif, il \u00e9tait fait auparavant application des r\u00e8gles pr\u00e9vues par les articles L.1111-1 et suivants du Code du travail. La loi \u00ab\u00a0PACTE\u00a0\u00bb change la donne et se r\u00e9f\u00e8re d\u00e9sormais \u00e0 <a href=\"https:\/\/www.legifrance.gouv.fr\/affichCodeArticle.do?cidTexte=LEGITEXT000006073189&amp;idArticle=LEGIARTI000006746964&amp;dateTexte=&amp;categorieLien=cid\" target=\"_blank\" rel=\"noopener noreferrer\">l\u2019article R.130-1 du Code de la s\u00e9curit\u00e9 sociale<\/a> qui pr\u00e9voit un d\u00e9compte <u>par la moyenne des salari\u00e9s employ\u00e9s pour chacun des mois au cours de l\u2019ann\u00e9e civile pr\u00e9c\u00e9dente<\/u>.<\/p>\n<p><strong>\u00a0<\/strong><\/p>\n<h3><strong>Le salaire pris en compte pour le calcul de la r\u00e9serve de participation est modifi\u00e9<\/strong><\/h3>\n<p>&nbsp;<\/p>\n<p>Jusqu\u2019\u00e0 pr\u00e9sent, les articles L.3324-5 et D.3324-10 du Code du travail pr\u00e9voyaient que la r\u00e9partition de la r\u00e9serve sp\u00e9ciale entre les salari\u00e9s \u00e9tait calcul\u00e9e <u>proportionnellement aux salaires per\u00e7us dans la limite de 4 fois le plafond annuel de s\u00e9curit\u00e9 sociale<\/u>.<\/p>\n<p>Dans un souci d\u2019\u00e9galit\u00e9, la loi \u00ab\u00a0PACTE\u00a0\u00bb modifie la r\u00e9daction de l\u2019article L.3324-5 dudit code et pr\u00e9voit que le salaire pris en compte pour la r\u00e9partition proportionnelle est \u00e9gal <u>au maximum \u00e0 3 fois le plafond annuel de la s\u00e9curit\u00e9 sociale<\/u>, soit 121.572 euros pour 2019 (article 158 I. de la loi \u00ab\u00a0PACTE\u00a0\u00bb).<\/p>\n<p>Ce plafond ne peut faire l\u2019objet d\u2019aucune d\u00e9rogation que ce soit \u00e0 la hausse ou \u00e0 la baisse (C. Trav., art. L.3324-5). Ce m\u00eame article pr\u00e9voit qu\u2019un rapport sur l\u2019opportunit\u00e9 de r\u00e9duire ce dernier \u00e0 2 fois le plafond annuel de la s\u00e9curit\u00e9 sociale sera remis par le Gouvernement au Parlement au plus tard 3 ans apr\u00e8s la publication de cette nouvelle loi.<\/p>\n<p>&nbsp;<\/p>\n<p>&nbsp;<\/p>\n<p style=\"text-align: center;\">*\u00a0\u00a0\u00a0\u00a0\u00a0\u00a0\u00a0\u00a0\u00a0\u00a0\u00a0 *<\/p>\n<p style=\"text-align: center;\">*<\/p>\n<p>&nbsp;<\/p>\n<p>Ces nouvelles dispositions devraient permettre aux chefs d\u2019entreprises de mettre en place plus facilement la participation au sein de leur entreprise pour une meilleure implication de leurs salari\u00e9s.<\/p>\n<p>Cliquez <a href=\"https:\/\/www.agilit.law\/wp-content\/uploads\/2019\/11\/Chef-dentreprise-13-juin-2019.pdf\" target=\"_blank\" rel=\"noopener noreferrer\">ici<\/a> pour retrouver l&#8217;article en int\u00e9gralit\u00e9.<\/p>\n<p>&nbsp;<\/p>\n<p>Par <a href=\"https:\/\/www.agilit.law\/\" target=\"_blank\" rel=\"noopener noreferrer\">AGIL&#8217;IT<\/a> &#8211; <a href=\"https:\/\/www.agilit.law\/expertises\/droit-du-travail-securite-sociale\/\" target=\"_blank\" rel=\"noopener noreferrer\">P\u00f4le Droit social<\/a><\/p>\n<p><a href=\"https:\/\/www.agilit.law\/cabinet\/equipe\/sandrine-henrion\/\" target=\"_blank\" rel=\"noopener noreferrer\">Sandrine HENRION<\/a>, Avocate associ\u00e9e<\/p>\n<p>&nbsp;<\/p>\n","protected":false},"excerpt":{"rendered":"<p>&nbsp; Publication pour Chef d&#8217;Entreprise, d&#8217;un article de notre associ\u00e9e Sandrine HENRION, Membre d&#8217;Avosial, P\u00f4le Droit social, sur les apports de la loi &#8220;PACTE&#8221; visant \u00e0 faciliter la mise en place de la participation des salari\u00e9s en entreprise. &nbsp; La loi Pacte devrait\u00a0par 3 mesures phares permettre\u00a0aux salari\u00e9s des TPE-PME (plus de 50% des salari\u00e9s)&hellip;<\/p>\n","protected":false},"author":11,"featured_media":0,"comment_status":"closed","ping_status":"closed","sticky":false,"template":"","format":"standard","meta":{"footnotes":""},"categories":[72],"tags":[],"coauthors":[103],"yoast_head":"<!-- This site is optimized with the Yoast SEO plugin v21.3 - https:\/\/yoast.com\/wordpress\/plugins\/seo\/ -->\n<title>Loi Pacte : quels changements dans la participation des salari\u00e9s ? - AGIL&#039;IT<\/title>\n<meta name=\"robots\" content=\"index, follow, max-snippet:-1, max-image-preview:large, max-video-preview:-1\" \/>\n<link rel=\"canonical\" href=\"https:\/\/www.agilit.law\/droit-social-travail-securite-sociale\/loi-pacte-quels-changements-dans-la-participation-des-salaries\/\" \/>\n<meta property=\"og:locale\" content=\"en_US\" \/>\n<meta property=\"og:type\" content=\"article\" \/>\n<meta property=\"og:title\" content=\"Loi Pacte : quels changements dans la participation des salari\u00e9s ? - AGIL&#039;IT\" \/>\n<meta property=\"og:description\" content=\"&nbsp; Publication pour Chef d&#8217;Entreprise, d&#8217;un article de notre associ\u00e9e Sandrine HENRION, Membre d&#8217;Avosial, P\u00f4le Droit social, sur les apports de la loi &#8220;PACTE&#8221; visant \u00e0 faciliter la mise en place de la participation des salari\u00e9s en entreprise. &nbsp; La loi Pacte devrait\u00a0par 3 mesures phares permettre\u00a0aux salari\u00e9s des TPE-PME (plus de 50% des salari\u00e9s)&hellip;\" \/>\n<meta property=\"og:url\" content=\"https:\/\/www.agilit.law\/droit-social-travail-securite-sociale\/loi-pacte-quels-changements-dans-la-participation-des-salaries\/\" \/>\n<meta property=\"og:site_name\" content=\"AGIL&#039;IT\" \/>\n<meta property=\"article:published_time\" content=\"2019-06-05T10:56:35+00:00\" \/>\n<meta property=\"article:modified_time\" content=\"2019-11-25T20:52:33+00:00\" \/>\n<meta property=\"og:image\" content=\"https:\/\/www.agilit.law\/wp-content\/uploads\/2019\/05\/Capture.jpg\" \/>\n<meta name=\"author\" content=\"Sandrine HENRION\" \/>\n<meta name=\"twitter:card\" content=\"summary_large_image\" \/>\n<meta name=\"twitter:label1\" content=\"Written by\" \/>\n\t<meta name=\"twitter:data1\" content=\"Sandrine HENRION\" \/>\n\t<meta name=\"twitter:label2\" content=\"Est. reading time\" \/>\n\t<meta name=\"twitter:data2\" content=\"5 minutes\" \/>\n<script type=\"application\/ld+json\" class=\"yoast-schema-graph\">{\"@context\":\"https:\/\/schema.org\",\"@graph\":[{\"@type\":\"WebPage\",\"@id\":\"https:\/\/www.agilit.law\/droit-social-travail-securite-sociale\/loi-pacte-quels-changements-dans-la-participation-des-salaries\/\",\"url\":\"https:\/\/www.agilit.law\/droit-social-travail-securite-sociale\/loi-pacte-quels-changements-dans-la-participation-des-salaries\/\",\"name\":\"Loi Pacte : quels changements dans la participation des salari\u00e9s ? - AGIL&#039;IT\",\"isPartOf\":{\"@id\":\"https:\/\/www.agilit.law\/#website\"},\"datePublished\":\"2019-06-05T10:56:35+00:00\",\"dateModified\":\"2019-11-25T20:52:33+00:00\",\"author\":{\"@id\":\"https:\/\/www.agilit.law\/#\/schema\/person\/f55bb8f9542b516dc39f1b7f9e296a5f\"},\"breadcrumb\":{\"@id\":\"https:\/\/www.agilit.law\/droit-social-travail-securite-sociale\/loi-pacte-quels-changements-dans-la-participation-des-salaries\/#breadcrumb\"},\"inLanguage\":\"en-US\",\"potentialAction\":[{\"@type\":\"ReadAction\",\"target\":[\"https:\/\/www.agilit.law\/droit-social-travail-securite-sociale\/loi-pacte-quels-changements-dans-la-participation-des-salaries\/\"]}]},{\"@type\":\"BreadcrumbList\",\"@id\":\"https:\/\/www.agilit.law\/droit-social-travail-securite-sociale\/loi-pacte-quels-changements-dans-la-participation-des-salaries\/#breadcrumb\",\"itemListElement\":[{\"@type\":\"ListItem\",\"position\":1,\"name\":\"Accueil\",\"item\":\"https:\/\/www.agilit.law\/en\/\"},{\"@type\":\"ListItem\",\"position\":2,\"name\":\"Loi Pacte : quels changements dans la participation des salari\u00e9s ?\"}]},{\"@type\":\"WebSite\",\"@id\":\"https:\/\/www.agilit.law\/#website\",\"url\":\"https:\/\/www.agilit.law\/\",\"name\":\"AGIL&#039;IT\",\"description\":\"Make things simple\",\"potentialAction\":[{\"@type\":\"SearchAction\",\"target\":{\"@type\":\"EntryPoint\",\"urlTemplate\":\"https:\/\/www.agilit.law\/?s={search_term_string}\"},\"query-input\":\"required name=search_term_string\"}],\"inLanguage\":\"en-US\"},{\"@type\":\"Person\",\"@id\":\"https:\/\/www.agilit.law\/#\/schema\/person\/f55bb8f9542b516dc39f1b7f9e296a5f\",\"name\":\"Sandrine HENRION\",\"image\":{\"@type\":\"ImageObject\",\"inLanguage\":\"en-US\",\"@id\":\"https:\/\/www.agilit.law\/#\/schema\/person\/image\/64c307cdb027afebab7e17aae55d39af\",\"url\":\"https:\/\/secure.gravatar.com\/avatar\/95338b8296ada09996c73112a3052c33?s=96&d=mm&r=g\",\"contentUrl\":\"https:\/\/secure.gravatar.com\/avatar\/95338b8296ada09996c73112a3052c33?s=96&d=mm&r=g\",\"caption\":\"Sandrine HENRION\"},\"url\":\"https:\/\/www.agilit.law\/en\/author\/sandrine\/\"}]}<\/script>\n<!-- \/ Yoast SEO plugin. -->","yoast_head_json":{"title":"Loi Pacte : quels changements dans la participation des salari\u00e9s ? - AGIL&#039;IT","robots":{"index":"index","follow":"follow","max-snippet":"max-snippet:-1","max-image-preview":"max-image-preview:large","max-video-preview":"max-video-preview:-1"},"canonical":"https:\/\/www.agilit.law\/droit-social-travail-securite-sociale\/loi-pacte-quels-changements-dans-la-participation-des-salaries\/","og_locale":"en_US","og_type":"article","og_title":"Loi Pacte : quels changements dans la participation des salari\u00e9s ? - AGIL&#039;IT","og_description":"&nbsp; Publication pour Chef d&#8217;Entreprise, d&#8217;un article de notre associ\u00e9e Sandrine HENRION, Membre d&#8217;Avosial, P\u00f4le Droit social, sur les apports de la loi &#8220;PACTE&#8221; visant \u00e0 faciliter la mise en place de la participation des salari\u00e9s en entreprise. &nbsp; La loi Pacte devrait\u00a0par 3 mesures phares permettre\u00a0aux salari\u00e9s des TPE-PME (plus de 50% des salari\u00e9s)&hellip;","og_url":"https:\/\/www.agilit.law\/droit-social-travail-securite-sociale\/loi-pacte-quels-changements-dans-la-participation-des-salaries\/","og_site_name":"AGIL&#039;IT","article_published_time":"2019-06-05T10:56:35+00:00","article_modified_time":"2019-11-25T20:52:33+00:00","og_image":[{"url":"https:\/\/www.agilit.law\/wp-content\/uploads\/2019\/05\/Capture.jpg"}],"author":"Sandrine HENRION","twitter_card":"summary_large_image","twitter_misc":{"Written by":"Sandrine HENRION","Est. reading time":"5 minutes"},"schema":{"@context":"https:\/\/schema.org","@graph":[{"@type":"WebPage","@id":"https:\/\/www.agilit.law\/droit-social-travail-securite-sociale\/loi-pacte-quels-changements-dans-la-participation-des-salaries\/","url":"https:\/\/www.agilit.law\/droit-social-travail-securite-sociale\/loi-pacte-quels-changements-dans-la-participation-des-salaries\/","name":"Loi Pacte : quels changements dans la participation des salari\u00e9s ? - AGIL&#039;IT","isPartOf":{"@id":"https:\/\/www.agilit.law\/#website"},"datePublished":"2019-06-05T10:56:35+00:00","dateModified":"2019-11-25T20:52:33+00:00","author":{"@id":"https:\/\/www.agilit.law\/#\/schema\/person\/f55bb8f9542b516dc39f1b7f9e296a5f"},"breadcrumb":{"@id":"https:\/\/www.agilit.law\/droit-social-travail-securite-sociale\/loi-pacte-quels-changements-dans-la-participation-des-salaries\/#breadcrumb"},"inLanguage":"en-US","potentialAction":[{"@type":"ReadAction","target":["https:\/\/www.agilit.law\/droit-social-travail-securite-sociale\/loi-pacte-quels-changements-dans-la-participation-des-salaries\/"]}]},{"@type":"BreadcrumbList","@id":"https:\/\/www.agilit.law\/droit-social-travail-securite-sociale\/loi-pacte-quels-changements-dans-la-participation-des-salaries\/#breadcrumb","itemListElement":[{"@type":"ListItem","position":1,"name":"Accueil","item":"https:\/\/www.agilit.law\/en\/"},{"@type":"ListItem","position":2,"name":"Loi Pacte : quels changements dans la participation des salari\u00e9s ?"}]},{"@type":"WebSite","@id":"https:\/\/www.agilit.law\/#website","url":"https:\/\/www.agilit.law\/","name":"AGIL&#039;IT","description":"Make things simple","potentialAction":[{"@type":"SearchAction","target":{"@type":"EntryPoint","urlTemplate":"https:\/\/www.agilit.law\/?s={search_term_string}"},"query-input":"required name=search_term_string"}],"inLanguage":"en-US"},{"@type":"Person","@id":"https:\/\/www.agilit.law\/#\/schema\/person\/f55bb8f9542b516dc39f1b7f9e296a5f","name":"Sandrine HENRION","image":{"@type":"ImageObject","inLanguage":"en-US","@id":"https:\/\/www.agilit.law\/#\/schema\/person\/image\/64c307cdb027afebab7e17aae55d39af","url":"https:\/\/secure.gravatar.com\/avatar\/95338b8296ada09996c73112a3052c33?s=96&d=mm&r=g","contentUrl":"https:\/\/secure.gravatar.com\/avatar\/95338b8296ada09996c73112a3052c33?s=96&d=mm&r=g","caption":"Sandrine HENRION"},"url":"https:\/\/www.agilit.law\/en\/author\/sandrine\/"}]}},"_links":{"self":[{"href":"https:\/\/www.agilit.law\/en\/wp-json\/wp\/v2\/posts\/5525"}],"collection":[{"href":"https:\/\/www.agilit.law\/en\/wp-json\/wp\/v2\/posts"}],"about":[{"href":"https:\/\/www.agilit.law\/en\/wp-json\/wp\/v2\/types\/post"}],"author":[{"embeddable":true,"href":"https:\/\/www.agilit.law\/en\/wp-json\/wp\/v2\/users\/11"}],"replies":[{"embeddable":true,"href":"https:\/\/www.agilit.law\/en\/wp-json\/wp\/v2\/comments?post=5525"}],"version-history":[{"count":13,"href":"https:\/\/www.agilit.law\/en\/wp-json\/wp\/v2\/posts\/5525\/revisions"}],"predecessor-version":[{"id":5955,"href":"https:\/\/www.agilit.law\/en\/wp-json\/wp\/v2\/posts\/5525\/revisions\/5955"}],"wp:attachment":[{"href":"https:\/\/www.agilit.law\/en\/wp-json\/wp\/v2\/media?parent=5525"}],"wp:term":[{"taxonomy":"category","embeddable":true,"href":"https:\/\/www.agilit.law\/en\/wp-json\/wp\/v2\/categories?post=5525"},{"taxonomy":"post_tag","embeddable":true,"href":"https:\/\/www.agilit.law\/en\/wp-json\/wp\/v2\/tags?post=5525"},{"taxonomy":"author","embeddable":true,"href":"https:\/\/www.agilit.law\/en\/wp-json\/wp\/v2\/coauthors?post=5525"}],"curies":[{"name":"wp","href":"https:\/\/api.w.org\/{rel}","templated":true}]}}