{"id":5229,"date":"2019-02-27T10:04:31","date_gmt":"2019-02-27T09:04:31","guid":{"rendered":"https:\/\/www.agilit.law\/?p=5229"},"modified":"2019-02-27T10:21:49","modified_gmt":"2019-02-27T09:21:49","slug":"quels-impacts-du-brexit-sur-le-secteur-des-telecoms","status":"publish","type":"post","link":"https:\/\/www.agilit.law\/en\/droit-technologie-et-informations-donnees-personnelles\/quels-impacts-du-brexit-sur-le-secteur-des-telecoms\/","title":{"rendered":"Quels impacts du Brexit sur le secteur des t\u00e9l\u00e9coms ?"},"content":{"rendered":"<p><strong>La proc\u00e9dure de retrait du Royaume-Uni de l\u2019Union europ\u00e9enne, entam\u00e9e le 29 mars 2017 par la notification de <a href=\"https:\/\/eur-lex.europa.eu\/legal-content\/FR\/TXT\/?uri=CELEX%3A12012M%2FTXT\" target=\"_blank\" rel=\"noopener noreferrer\">l\u2019article 50 du trait\u00e9 sur l\u2019Union europ\u00e9enne<\/a>, devrait prendre effet le 29 mars 2019. En l\u2019absence d\u2019accord sur les modalit\u00e9s de ce retrait, il convient d\u2019envisager l\u2019impact d\u2019un \u00e9ventuel \u00ab\u00a0no-deal\u00a0Brexit \u00bb sur le secteur des t\u00e9l\u00e9communications.<\/strong><\/p>\n<p>&nbsp;<\/p>\n<h2><strong>Quels impacts du Brexit sur la r\u00e9glementation\u00a0applicable au secteur des t\u00e9l\u00e9coms\u00a0?<\/strong><\/h2>\n<p>Le droit de l\u2019Union europ\u00e9enne cessera de s\u2019appliquer au Royaume-Uni \u00e0 compter de la date d\u2019entr\u00e9e en vigueur de l\u2019accord de retrait qui devait \u00eatre conclu, ou pour les optimistes qui sera conclu, avec le Conseil europ\u00e9en, ou, \u00e0 d\u00e9faut d\u2019accord, deux ans apr\u00e8s la notification pr\u00e9cit\u00e9e, soit le 29 mars 2019. La fourniture de services de t\u00e9l\u00e9communications dans l\u2019Union europ\u00e9enne est soumise \u00e0 des <strong>r\u00e8gles sectorielles sp\u00e9cifiques principalement issues de directives europ\u00e9ennes, d\u00e9nomm\u00e9es le \u00ab Paquet T\u00e9l\u00e9com \u00bb <a href=\"#_ftn1\" name=\"_ftnref1\">[1]<\/a>.<\/strong> Ces directives ne sont pas d\u2019application directe et requi\u00e8rent une transposition en droit interne.<\/p>\n<p>Au Royaume-Uni, ces textes ont \u00e9t\u00e9 majoritairement transpos\u00e9s par le \u00ab\u00a0<strong><a href=\"http:\/\/www.legislation.gov.uk\/ukpga\/2003\/21\/contents\" target=\"_blank\" rel=\"noopener noreferrer\">Communications Act<\/a>\u00a0<\/strong>\u00bb de 2003 et leur <strong>application en droit interne ne sera donc pas impact\u00e9e<\/strong>, dans un premier temps, par un \u00ab\u00a0no-deal Brexit\u00a0\u00bb. La l\u00e9gislation nationale pourra toutefois \u00eatre amen\u00e9e \u00e0 \u00e9voluer en ce qu\u2019elle ne sera plus contrainte par les objectifs fix\u00e9s par l\u2019Union europ\u00e9enne.<\/p>\n<p>&nbsp;<\/p>\n<p><strong>Le secteur des t\u00e9l\u00e9communications est \u00e9galement r\u00e9gi par des r\u00e8glements europ\u00e9ens, relatifs <a href=\"https:\/\/eur-lex.europa.eu\/legal-content\/FR\/TXT\/?uri=CELEX%3A32015R2120\" target=\"_blank\" rel=\"noopener noreferrer\">notamment \u00e0 l\u2019itin\u00e9rance ou \u00e0 la neutralit\u00e9 du net<\/a>,<\/strong> et encadr\u00e9 par des recommandations de la Commission europ\u00e9enne, aff\u00e9rents notamment <a href=\"https:\/\/eur-lex.europa.eu\/legal-content\/FR\/TXT\/?uri=CELEX:32013H0466\" target=\"_blank\" rel=\"noopener noreferrer\">aux obligations de non-discrimination et aux m\u00e9thodes de calcul des co\u00fbts<\/a>. A d\u00e9faut d\u2019accord de retrait ou de dispositions sp\u00e9cifiques en ce sens, <strong>ces textes cesseront de s\u2019appliquer au Royaume-Uni \u00e0 compter du 29 mars 2019 <\/strong>et ne contraindront plus les op\u00e9rateurs ou entit\u00e9s fournissant des services de communications \u00e9lectroniques sur le march\u00e9 britannique. Ainsi, il convient notamment d\u2019anticiper la possible survenance au Royaume-Uni d\u2019un d\u00e9bat relatif \u00e0 la neutralit\u00e9 du net.<\/p>\n<p>&nbsp;<\/p>\n<p><strong>A titre d\u2019exemple, les frais d\u2019itin\u00e9rance ou \u00ab\u00a0roaming\u00a0\u00bb<\/strong> sont interdits dans l\u2019Union europ\u00e9enne depuis le 15 juin 2017 et permettent aux ressortissants britanniques disposant d\u2019un forfait aupr\u00e8s d\u2019un op\u00e9rateur de t\u00e9l\u00e9communications britannique de ne pas avoir de surco\u00fbt lors de communications r\u00e9alis\u00e9es dans les autres pays de l\u2019Union. Depuis cette date, les communications mobiles, en ce comprenant surtout les donn\u00e9es, ont explos\u00e9. En cas de \u00ab\u00a0no-deal Brexit\u00a0\u00bb les op\u00e9rateurs britanniques pourraient se voir factur\u00e9s par les op\u00e9rateurs europ\u00e9ens pour les communications r\u00e9alis\u00e9es sur le territoire de l\u2019Union par leurs clients, et contraints de facturer ces communications \u00e0 leurs clients. De m\u00eame, les op\u00e9rateurs europ\u00e9ens pourraient \u00eatre factur\u00e9s au titre des communication de leurs clients r\u00e9alis\u00e9s sur le territoire anglais. Afin d\u2019\u00e9viter cette situation, une n\u00e9gociation d\u2019op\u00e9rateurs \u00e0 op\u00e9rateurs devrait \u00eatre men\u00e9e.<\/p>\n<p>Soulignons qu\u2019il semble y avoir plus de ressortissants anglais qui passent de longues p\u00e9riodes en Europe, pour des vacances notamment, que d\u2019europ\u00e9ens en Grande-Bretagne, qui d\u2019ailleurs y r\u00e9alisent en g\u00e9n\u00e9ral des s\u00e9jours plus courts.<\/p>\n<p>&nbsp;<\/p>\n<p>En vue du retrait effectif de l\u2019Union europ\u00e9enne qui approche \u00e0 grands pas, le gouvernement britannique a publi\u00e9 des <a href=\"https:\/\/www.gov.uk\/government\/collections\/how-to-prepare-if-the-uk-leaves-the-eu-with-no-deal#overview\" target=\"_blank\" rel=\"noopener noreferrer\">notes d\u2019information anticipant un \u00ab\u00a0no-deal Brexit\u00a0\u00bb<\/a>, dont une sp\u00e9cifique au cas de <a href=\"https:\/\/www.gov.uk\/government\/publications\/mobile-roaming-if-theres-no-brexit-deal\/mobile-roaming-if-theres-no-brexit-deal\" target=\"_blank\" rel=\"noopener noreferrer\">l\u2019itin\u00e9rance ou \u00ab\u00a0roaming\u00a0\u00bb<\/a>. Dans cette note, le gouvernement britannique indique qu\u2019il l\u00e9gif\u00e9rera, sous r\u00e9serve de l\u2019accord du parlement, pour <strong>le maintien d\u2019un plafond relatif au volume d\u2019internet mobile utilisable en itin\u00e9rance internationale<\/strong> (actuellement plafonn\u00e9 \u00e0 50\u20ac par l\u2019Union europ\u00e9enne, le gouvernement britannique indique qu\u2019il fixera ce plafond \u00e0 \u00a345) et s\u2019assurera du <strong>maintien des alertes de consommation pr\u00e9vues lorsque le consommateur atteint 80% et 100% du seuil de son forfait.<\/strong><\/p>\n<p>&nbsp;<\/p>\n<p><a href=\"http:\/\/www.legislation.gov.uk\/ukdsi\/2019\/9780111180204\/pdfs\/ukdsi_9780111180204_en.pdf\" target=\"_blank\" rel=\"noopener noreferrer\">Un projet de loi d\u00e9pos\u00e9 devant le parlement britannique le 5 f\u00e9vrier dernier<\/a> laisse toutefois entendre que les <strong>op\u00e9rateurs britanniques pourraient se voir lib\u00e9rer de leur interdiction de facturer des frais d\u2019itin\u00e9rance \u00e0 leurs clients lors de communications r\u00e9alis\u00e9es dans les autres pays de l\u2019Union europ\u00e9enne.<\/strong> Les clients d\u2019op\u00e9rateurs britanniques utilisant leurs forfaits dans les autres pays de l\u2019Union pourraient ainsi voir les frais d\u2019itin\u00e9rance r\u00e9appara\u00eetre suite \u00e0 un \u00ab no-deal Brexit \u00bb.<\/p>\n<p>&nbsp;<\/p>\n<p>&nbsp;<\/p>\n<h2><strong>Quels impacts du Brexit sur les op\u00e9rateurs t\u00e9l\u00e9coms\u00a0?<\/strong><\/h2>\n<p>Sous l\u2019\u00e9gide du trait\u00e9 sur le fonctionnement de l\u2019Union europ\u00e9enne (ci-apr\u00e8s \u00ab\u00a0TFUE\u00a0\u00bb), et notamment des libert\u00e9s d\u2019\u00e9tablissement <a href=\"#_ftn2\" name=\"_ftnref2\">[2]<\/a> et de libre prestation des services <a href=\"#_ftn3\" name=\"_ftnref3\">[3]<\/a> \u00e0 l\u2019int\u00e9rieur de l\u2019Union, <strong>toute entit\u00e9 britannique a le droit de fournir des services de communications \u00e9lectroniques dans n\u2019importe quel autre \u00e9tat de l\u2019Union europ\u00e9enne<\/strong>, \u00e0 condition de se conformer aux \u00e9ventuelles r\u00e8gles nationales sp\u00e9cifiques applicables aux entit\u00e9s situ\u00e9es dans ledit \u00e9tat membre. Il en va de m\u00eame pour toute entit\u00e9 bas\u00e9e dans un \u00e9tat membre, qui b\u00e9n\u00e9ficie ainsi du droit de fournir des services de communications \u00e9lectroniques au Royaume-Uni.<\/p>\n<p>&nbsp;<\/p>\n<p>En cas de retrait sans accord, ou \u00ab\u00a0no-deal Brexit\u00a0\u00bb, le TFUE cessera de s\u2019appliquer au Royaume-Uni et <strong>ne permettra plus aux soci\u00e9t\u00e9s \u00e9tablies dans l\u2019Union europ\u00e9enne de fournir librement des services de communications \u00e9lectroniques au Royaume-Uni<\/strong>. Toutefois, il convient de pr\u00e9ciser que <a href=\"https:\/\/www.gov.uk\/government\/publications\/what-telecoms-businesses-should-do-if-theres-no-brexit-deal\/what-telecoms-businesses-should-do-if-theres-no-brexit-deal\" target=\"_blank\" rel=\"noopener noreferrer\">le gouvernement britannique rappelle que<\/a> les op\u00e9rateurs t\u00e9l\u00e9coms britanniques <strong>continueront \u00e0 b\u00e9n\u00e9ficier du droit de fournir des services de t\u00e9l\u00e9communications transfrontaliers et donc notamment dans l\u2019Union europ\u00e9enne conform\u00e9ment \u00e0 l\u2019Accord g\u00e9n\u00e9ral sur le commerce des services<\/strong> (\u00ab AGCS \u00bb ou \u00ab GATS \u00bb en anglais) de l\u2019Organisation mondiale du commerce, dont le Royaume-Uni et l\u2019Union europ\u00e9enne sont membres.<\/p>\n<p>Les entreprises britanniques, quant \u00e0 elles, seront directement impact\u00e9es par les divergences qui pourront appara\u00eetre entre les r\u00e9glementations britanniques et de l\u2019Union europ\u00e9enne, et ne pourront plus se fonder sur leur conformit\u00e9 aux r\u00e8gles de droit interne pour fournir des services dans l\u2019Union europ\u00e9enne.<\/p>\n<p>&nbsp;<\/p>\n<p>Le retrait du Royaume-Uni de l\u2019Union europ\u00e9enne pourrait \u00e9galement avoir une incidence sur les soci\u00e9t\u00e9s \u00e9tablies en dehors de l\u2019Union qui choisissaient de s\u2019implanter dans un premier temps au Royaume-Uni avant de s\u2019attaquer au march\u00e9 europ\u00e9en dans son ensemble. Ainsi par exemple, un op\u00e9rateur t\u00e9l\u00e9com indien pouvait d\u00e9cider de commencer sa conqu\u00eate du march\u00e9 europ\u00e9en par l\u2019Angleterre comme pays test, puis l\u2019\u00e9tendre \u00e0 d\u2019autres pays europ\u00e9en. Cette strat\u00e9gie tr\u00e8s pertinente dans un milieu r\u00e9glement\u00e9 perdrait alors tout int\u00e9r\u00eat en ce que <strong>la conformit\u00e9 aux r\u00e8gles de droit britanniques risque de ne plus \u00eatre suffisante pour permettre la fourniture de services de communications \u00e9lectroniques dans l\u2019Union europ\u00e9enne.<\/strong><\/p>\n<p>&nbsp;<\/p>\n<p>Pour finir, le gouvernement britannique indique, dans <a href=\"https:\/\/www.gov.uk\/government\/publications\/what-telecoms-businesses-should-do-if-theres-no-brexit-deal\/what-telecoms-businesses-should-do-if-theres-no-brexit-deal\" target=\"_blank\" rel=\"noopener noreferrer\">une note d\u2019information parue le 13 septembre 2018 visant \u00e0 pr\u00e9parer les op\u00e9rateurs t\u00e9l\u00e9coms \u00e0 un \u00ab\u00a0no-deal Brexit\u00a0\u00bb<\/a>, qu\u2019en cas d\u2019adoption du nouveau code europ\u00e9en des communications \u00e9lectroniques avant le 29 mars 2019 mais avec un d\u00e9lai de transposition post\u00e9rieur au retrait, le gouvernement a l\u2019intention <strong>d\u2019implanter en droit britannique, lorsque c\u2019est pertinent, les dispositions fondamentales de ce nouveau code qui viendront soutenir la politique nationale du Royaume-Uni en mati\u00e8re de communications \u00e9lectroniques<\/strong>. Ce <a href=\"https:\/\/eur-lex.europa.eu\/legal-content\/FR\/TXT\/?uri=uriserv:OJ.L_.2018.321.01.0036.01.FRA&amp;toc=OJ:L:2018:321:TOC\" target=\"_blank\" rel=\"noopener noreferrer\">nouveau code ayant \u00e9t\u00e9 adopt\u00e9 le 11 d\u00e9cembre 2018<\/a> et pr\u00e9voyant un d\u00e9lai de transposition allant jusqu\u2019au 21 d\u00e9cembre 2020 (soit vraisemblablement post\u00e9rieur au retrait du Royaume-Uni de l\u2019Union europ\u00e9enne), le gouvernement britannique devrait, d\u2019ici fin 2020, prendre des mesures allant dans le sens des dispositions communautaires pour ce qui concerne la r\u00e9glementation du secteur des communications \u00e9lectroniques.<\/p>\n<p>&nbsp;<\/p>\n<p>&nbsp;<\/p>\n<p>Pour conclure, pour les particuliers et les entreprises, une vigilance sur les conditions pr\u00e9vues \u00e0 leur contrat et sur les tarifs qui pourraient \u00eatre appliqu\u00e9s aux communications (voix et donn\u00e9es) \u00e9mises de Grande-Bretagne est de mise.<\/p>\n<p>Bien qu\u2019il semble que les acteurs des t\u00e9l\u00e9coms ont int\u00e9r\u00eat \u00e0 la stabilit\u00e9, il convient de suivre les \u00e9volutions du march\u00e9 et notamment la strat\u00e9gie de certains acteurs \u00e9mergents dont l\u2019objet est de fournir des services de communications internationales.<\/p>\n<p>&nbsp;<\/p>\n<p>&nbsp;<\/p>\n<p>Par\u00a0<a href=\"https:\/\/www.agilit.law\/\" target=\"_blank\" rel=\"noopener noreferrer\">AGIL\u2019IT<\/a>\u00a0\u2013\u00a0P\u00f4le <a href=\"https:\/\/www.agilit.law\/expertises\/technologies-de-linformation-donnees-personnelles\/\" target=\"_blank\" rel=\"noopener noreferrer\">IT <\/a>, <a href=\"https:\/\/www.agilit.law\/expertises\/telecommunications\/\" target=\"_blank\" rel=\"noopener noreferrer\">T\u00e9l\u00e9coms<\/a> &amp; <a href=\"https:\/\/www.agilit.law\/expertises\/donnees-a-caractere-personnel\/\" target=\"_blank\" rel=\"noopener noreferrer\">Data protection<\/a><\/p>\n<p><a href=\"https:\/\/www.agilit.law\/cabinet\/equipe\/sylvie-jonas\/\" target=\"_blank\" rel=\"noopener noreferrer\">Sylvie JONAS<\/a>, Avocate associ\u00e9e<\/p>\n<p><a href=\"https:\/\/www.agilit.law\/cabinet\/equipe\/morgane-bourmault\/\" target=\"_blank\" rel=\"noopener noreferrer\">Morgane BOURMAULT<\/a>, Avocate<\/p>\n<p>&nbsp;<\/p>\n<p>&nbsp;<\/p>\n<p>&nbsp;<\/p>\n<p><a href=\"#_ftnref1\" name=\"_ftn1\">[1]<\/a> Le Paquet T\u00e9l\u00e9com est notamment compos\u00e9 d\u2019une directive (2009\/140\/CE) qui amende trois directives existantes :<\/p>\n<ul>\n<li>directive acc\u00e8s (2002\/19\/CE)<\/li>\n<li>directive autorisation (2002\/20\/CE)<\/li>\n<li>directive cadre (2002\/21\/CE)<\/li>\n<\/ul>\n<p>Et d\u2019une directive (2009\/136\/CE) qui amende deux directives existantes :<\/p>\n<ul>\n<li>directive service universel (2002\/22\/CE)<\/li>\n<li>directive vie priv\u00e9e et communications \u00e9lectroniques (2002\/58\/CE)<\/li>\n<\/ul>\n<p>Et d\u2019un r\u00e8glement (CE) No 1211\/2009 instituant l\u2019Organe des r\u00e9gulateurs europ\u00e9ens des communications \u00e9lectroniques (ORECE)<\/p>\n<p><a href=\"#_ftnref2\" name=\"_ftn2\">[2]<\/a>\u00a0Articles 49 \u00e0 55 du TFUE<\/p>\n<p><a href=\"#_ftnref2\" name=\"_ftn2\"><\/a><a href=\"#_ftnref3\" name=\"_ftn3\">[3]<\/a>\u00a0Articles 56 \u00e0 62 du TFUE<\/p>\n<p>&nbsp;<\/p>\n","protected":false},"excerpt":{"rendered":"<p>La proc\u00e9dure de retrait du Royaume-Uni de l\u2019Union europ\u00e9enne, entam\u00e9e le 29 mars 2017 par la notification de l\u2019article 50 du trait\u00e9 sur l\u2019Union europ\u00e9enne, devrait prendre effet le 29 mars 2019. En l\u2019absence d\u2019accord sur les modalit\u00e9s de ce retrait, il convient d\u2019envisager l\u2019impact d\u2019un \u00e9ventuel \u00ab\u00a0no-deal\u00a0Brexit \u00bb sur le secteur des t\u00e9l\u00e9communications. &nbsp;&hellip;<\/p>\n","protected":false},"author":13,"featured_media":2832,"comment_status":"closed","ping_status":"closed","sticky":false,"template":"","format":"standard","meta":{"footnotes":""},"categories":[73],"tags":[],"coauthors":[99],"yoast_head":"<!-- This site is optimized with the Yoast SEO plugin v21.3 - https:\/\/yoast.com\/wordpress\/plugins\/seo\/ -->\n<title>Quels impacts du Brexit sur le secteur des t\u00e9l\u00e9coms ? - AGIL&#039;IT<\/title>\n<meta name=\"robots\" content=\"index, follow, max-snippet:-1, max-image-preview:large, max-video-preview:-1\" \/>\n<link rel=\"canonical\" href=\"https:\/\/www.agilit.law\/droit-technologie-et-informations-donnees-personnelles\/quels-impacts-du-brexit-sur-le-secteur-des-telecoms\/\" \/>\n<meta property=\"og:locale\" content=\"en_US\" \/>\n<meta property=\"og:type\" content=\"article\" \/>\n<meta property=\"og:title\" content=\"Quels impacts du Brexit sur le secteur des t\u00e9l\u00e9coms ? - AGIL&#039;IT\" \/>\n<meta property=\"og:description\" content=\"La proc\u00e9dure de retrait du Royaume-Uni de l\u2019Union europ\u00e9enne, entam\u00e9e le 29 mars 2017 par la notification de l\u2019article 50 du trait\u00e9 sur l\u2019Union europ\u00e9enne, devrait prendre effet le 29 mars 2019. En l\u2019absence d\u2019accord sur les modalit\u00e9s de ce retrait, il convient d\u2019envisager l\u2019impact d\u2019un \u00e9ventuel \u00ab\u00a0no-deal\u00a0Brexit \u00bb sur le secteur des t\u00e9l\u00e9communications. &nbsp;&hellip;\" \/>\n<meta property=\"og:url\" content=\"https:\/\/www.agilit.law\/droit-technologie-et-informations-donnees-personnelles\/quels-impacts-du-brexit-sur-le-secteur-des-telecoms\/\" \/>\n<meta property=\"og:site_name\" content=\"AGIL&#039;IT\" \/>\n<meta property=\"article:published_time\" content=\"2019-02-27T09:04:31+00:00\" \/>\n<meta property=\"article:modified_time\" content=\"2019-02-27T09:21:49+00:00\" \/>\n<meta property=\"og:image\" content=\"https:\/\/www.agilit.law\/wp-content\/uploads\/2017\/03\/RGPD-Focus-recueil-consentement-e1505207466320.jpg\" \/>\n\t<meta property=\"og:image:width\" content=\"1500\" \/>\n\t<meta property=\"og:image:height\" content=\"917\" \/>\n\t<meta property=\"og:image:type\" content=\"image\/jpeg\" \/>\n<meta name=\"author\" content=\"Sylvie JONAS\" \/>\n<meta name=\"twitter:card\" content=\"summary_large_image\" \/>\n<meta name=\"twitter:label1\" content=\"Written by\" \/>\n\t<meta name=\"twitter:data1\" content=\"Sylvie JONAS\" \/>\n\t<meta name=\"twitter:label2\" content=\"Est. reading time\" \/>\n\t<meta name=\"twitter:data2\" content=\"8 minutes\" \/>\n<script type=\"application\/ld+json\" class=\"yoast-schema-graph\">{\"@context\":\"https:\/\/schema.org\",\"@graph\":[{\"@type\":\"WebPage\",\"@id\":\"https:\/\/www.agilit.law\/droit-technologie-et-informations-donnees-personnelles\/quels-impacts-du-brexit-sur-le-secteur-des-telecoms\/\",\"url\":\"https:\/\/www.agilit.law\/droit-technologie-et-informations-donnees-personnelles\/quels-impacts-du-brexit-sur-le-secteur-des-telecoms\/\",\"name\":\"Quels impacts du Brexit sur le secteur des t\u00e9l\u00e9coms ? - AGIL&#039;IT\",\"isPartOf\":{\"@id\":\"https:\/\/www.agilit.law\/#website\"},\"datePublished\":\"2019-02-27T09:04:31+00:00\",\"dateModified\":\"2019-02-27T09:21:49+00:00\",\"author\":{\"@id\":\"https:\/\/www.agilit.law\/#\/schema\/person\/3c2aff137e0c93d643fa9ea0a0036f9c\"},\"breadcrumb\":{\"@id\":\"https:\/\/www.agilit.law\/droit-technologie-et-informations-donnees-personnelles\/quels-impacts-du-brexit-sur-le-secteur-des-telecoms\/#breadcrumb\"},\"inLanguage\":\"en-US\",\"potentialAction\":[{\"@type\":\"ReadAction\",\"target\":[\"https:\/\/www.agilit.law\/droit-technologie-et-informations-donnees-personnelles\/quels-impacts-du-brexit-sur-le-secteur-des-telecoms\/\"]}]},{\"@type\":\"BreadcrumbList\",\"@id\":\"https:\/\/www.agilit.law\/droit-technologie-et-informations-donnees-personnelles\/quels-impacts-du-brexit-sur-le-secteur-des-telecoms\/#breadcrumb\",\"itemListElement\":[{\"@type\":\"ListItem\",\"position\":1,\"name\":\"Accueil\",\"item\":\"https:\/\/www.agilit.law\/en\/\"},{\"@type\":\"ListItem\",\"position\":2,\"name\":\"Quels impacts du Brexit sur le secteur des t\u00e9l\u00e9coms ?\"}]},{\"@type\":\"WebSite\",\"@id\":\"https:\/\/www.agilit.law\/#website\",\"url\":\"https:\/\/www.agilit.law\/\",\"name\":\"AGIL&#039;IT\",\"description\":\"Make things simple\",\"potentialAction\":[{\"@type\":\"SearchAction\",\"target\":{\"@type\":\"EntryPoint\",\"urlTemplate\":\"https:\/\/www.agilit.law\/?s={search_term_string}\"},\"query-input\":\"required name=search_term_string\"}],\"inLanguage\":\"en-US\"},{\"@type\":\"Person\",\"@id\":\"https:\/\/www.agilit.law\/#\/schema\/person\/3c2aff137e0c93d643fa9ea0a0036f9c\",\"name\":\"Sylvie JONAS\",\"image\":{\"@type\":\"ImageObject\",\"inLanguage\":\"en-US\",\"@id\":\"https:\/\/www.agilit.law\/#\/schema\/person\/image\/6bcd277be005faec539f89eb887063dd\",\"url\":\"https:\/\/secure.gravatar.com\/avatar\/62864e6853bc3f79a4edd67268d7c87b?s=96&d=mm&r=g\",\"contentUrl\":\"https:\/\/secure.gravatar.com\/avatar\/62864e6853bc3f79a4edd67268d7c87b?s=96&d=mm&r=g\",\"caption\":\"Sylvie JONAS\"},\"url\":\"https:\/\/www.agilit.law\/en\/author\/sylvie\/\"}]}<\/script>\n<!-- \/ Yoast SEO plugin. -->","yoast_head_json":{"title":"Quels impacts du Brexit sur le secteur des t\u00e9l\u00e9coms ? - AGIL&#039;IT","robots":{"index":"index","follow":"follow","max-snippet":"max-snippet:-1","max-image-preview":"max-image-preview:large","max-video-preview":"max-video-preview:-1"},"canonical":"https:\/\/www.agilit.law\/droit-technologie-et-informations-donnees-personnelles\/quels-impacts-du-brexit-sur-le-secteur-des-telecoms\/","og_locale":"en_US","og_type":"article","og_title":"Quels impacts du Brexit sur le secteur des t\u00e9l\u00e9coms ? - AGIL&#039;IT","og_description":"La proc\u00e9dure de retrait du Royaume-Uni de l\u2019Union europ\u00e9enne, entam\u00e9e le 29 mars 2017 par la notification de l\u2019article 50 du trait\u00e9 sur l\u2019Union europ\u00e9enne, devrait prendre effet le 29 mars 2019. En l\u2019absence d\u2019accord sur les modalit\u00e9s de ce retrait, il convient d\u2019envisager l\u2019impact d\u2019un \u00e9ventuel \u00ab\u00a0no-deal\u00a0Brexit \u00bb sur le secteur des t\u00e9l\u00e9communications. &nbsp;&hellip;","og_url":"https:\/\/www.agilit.law\/droit-technologie-et-informations-donnees-personnelles\/quels-impacts-du-brexit-sur-le-secteur-des-telecoms\/","og_site_name":"AGIL&#039;IT","article_published_time":"2019-02-27T09:04:31+00:00","article_modified_time":"2019-02-27T09:21:49+00:00","og_image":[{"width":1500,"height":917,"url":"https:\/\/www.agilit.law\/wp-content\/uploads\/2017\/03\/RGPD-Focus-recueil-consentement-e1505207466320.jpg","type":"image\/jpeg"}],"author":"Sylvie JONAS","twitter_card":"summary_large_image","twitter_misc":{"Written by":"Sylvie JONAS","Est. reading time":"8 minutes"},"schema":{"@context":"https:\/\/schema.org","@graph":[{"@type":"WebPage","@id":"https:\/\/www.agilit.law\/droit-technologie-et-informations-donnees-personnelles\/quels-impacts-du-brexit-sur-le-secteur-des-telecoms\/","url":"https:\/\/www.agilit.law\/droit-technologie-et-informations-donnees-personnelles\/quels-impacts-du-brexit-sur-le-secteur-des-telecoms\/","name":"Quels impacts du Brexit sur le secteur des t\u00e9l\u00e9coms ? - AGIL&#039;IT","isPartOf":{"@id":"https:\/\/www.agilit.law\/#website"},"datePublished":"2019-02-27T09:04:31+00:00","dateModified":"2019-02-27T09:21:49+00:00","author":{"@id":"https:\/\/www.agilit.law\/#\/schema\/person\/3c2aff137e0c93d643fa9ea0a0036f9c"},"breadcrumb":{"@id":"https:\/\/www.agilit.law\/droit-technologie-et-informations-donnees-personnelles\/quels-impacts-du-brexit-sur-le-secteur-des-telecoms\/#breadcrumb"},"inLanguage":"en-US","potentialAction":[{"@type":"ReadAction","target":["https:\/\/www.agilit.law\/droit-technologie-et-informations-donnees-personnelles\/quels-impacts-du-brexit-sur-le-secteur-des-telecoms\/"]}]},{"@type":"BreadcrumbList","@id":"https:\/\/www.agilit.law\/droit-technologie-et-informations-donnees-personnelles\/quels-impacts-du-brexit-sur-le-secteur-des-telecoms\/#breadcrumb","itemListElement":[{"@type":"ListItem","position":1,"name":"Accueil","item":"https:\/\/www.agilit.law\/en\/"},{"@type":"ListItem","position":2,"name":"Quels impacts du Brexit sur le secteur des t\u00e9l\u00e9coms ?"}]},{"@type":"WebSite","@id":"https:\/\/www.agilit.law\/#website","url":"https:\/\/www.agilit.law\/","name":"AGIL&#039;IT","description":"Make things simple","potentialAction":[{"@type":"SearchAction","target":{"@type":"EntryPoint","urlTemplate":"https:\/\/www.agilit.law\/?s={search_term_string}"},"query-input":"required name=search_term_string"}],"inLanguage":"en-US"},{"@type":"Person","@id":"https:\/\/www.agilit.law\/#\/schema\/person\/3c2aff137e0c93d643fa9ea0a0036f9c","name":"Sylvie JONAS","image":{"@type":"ImageObject","inLanguage":"en-US","@id":"https:\/\/www.agilit.law\/#\/schema\/person\/image\/6bcd277be005faec539f89eb887063dd","url":"https:\/\/secure.gravatar.com\/avatar\/62864e6853bc3f79a4edd67268d7c87b?s=96&d=mm&r=g","contentUrl":"https:\/\/secure.gravatar.com\/avatar\/62864e6853bc3f79a4edd67268d7c87b?s=96&d=mm&r=g","caption":"Sylvie JONAS"},"url":"https:\/\/www.agilit.law\/en\/author\/sylvie\/"}]}},"_links":{"self":[{"href":"https:\/\/www.agilit.law\/en\/wp-json\/wp\/v2\/posts\/5229"}],"collection":[{"href":"https:\/\/www.agilit.law\/en\/wp-json\/wp\/v2\/posts"}],"about":[{"href":"https:\/\/www.agilit.law\/en\/wp-json\/wp\/v2\/types\/post"}],"author":[{"embeddable":true,"href":"https:\/\/www.agilit.law\/en\/wp-json\/wp\/v2\/users\/13"}],"replies":[{"embeddable":true,"href":"https:\/\/www.agilit.law\/en\/wp-json\/wp\/v2\/comments?post=5229"}],"version-history":[{"count":19,"href":"https:\/\/www.agilit.law\/en\/wp-json\/wp\/v2\/posts\/5229\/revisions"}],"predecessor-version":[{"id":5253,"href":"https:\/\/www.agilit.law\/en\/wp-json\/wp\/v2\/posts\/5229\/revisions\/5253"}],"wp:featuredmedia":[{"embeddable":true,"href":"https:\/\/www.agilit.law\/en\/wp-json\/wp\/v2\/media\/2832"}],"wp:attachment":[{"href":"https:\/\/www.agilit.law\/en\/wp-json\/wp\/v2\/media?parent=5229"}],"wp:term":[{"taxonomy":"category","embeddable":true,"href":"https:\/\/www.agilit.law\/en\/wp-json\/wp\/v2\/categories?post=5229"},{"taxonomy":"post_tag","embeddable":true,"href":"https:\/\/www.agilit.law\/en\/wp-json\/wp\/v2\/tags?post=5229"},{"taxonomy":"author","embeddable":true,"href":"https:\/\/www.agilit.law\/en\/wp-json\/wp\/v2\/coauthors?post=5229"}],"curies":[{"name":"wp","href":"https:\/\/api.w.org\/{rel}","templated":true}]}}