{"id":5144,"date":"2019-02-16T14:41:21","date_gmt":"2019-02-16T13:41:21","guid":{"rendered":"https:\/\/www.agilit.law\/?p=5144"},"modified":"2021-10-27T00:32:42","modified_gmt":"2021-10-26T22:32:42","slug":"les-echanges-de-donnees-a-caractere-personnel-avec-le-royaume-uni-a-lheure-du-brexit","status":"publish","type":"post","link":"https:\/\/www.agilit.law\/en\/donnees-caractere-personnel\/les-echanges-de-donnees-a-caractere-personnel-avec-le-royaume-uni-a-lheure-du-brexit\/","title":{"rendered":"Les \u00e9changes de donn\u00e9es \u00e0 caract\u00e8re personnel avec le Royaume-Uni \u00e0 l\u2019heure du Brexit"},"content":{"rendered":"<p>Le Brexit sera mis en \u0153uvre le 29 mars 2019, date officielle \u00e0 partir de laquelle le Royaume-Uni cessera de faire partie de l\u2019Union europ\u00e9enne. Cette sortie de l\u2019Union europ\u00e9enne s\u2019accompagne de nombreuses probl\u00e9matiques juridiques, notamment sur le point de savoir, en l\u2019absence d\u2019accord avec l\u2019Union europ\u00e9enne (\u00ab\u00a0no-deal Brexit\u00a0\u00bb), comment seront encadr\u00e9s \u00e0 l\u2019avenir les \u00e9changes de donn\u00e9es \u00e0 caract\u00e8re personnel avec le Royaume-Uni.<\/p>\n<p>&nbsp;<\/p>\n<h2><strong>Quel encadrement des transferts de donn\u00e9es \u00e0 caract\u00e8re personnel depuis un Etat-membre de l\u2019Union Europ\u00e9enne vers le Royaume-Uni apr\u00e8s le Brexit\u00a0?<\/strong><\/h2>\n<p>Le Comit\u00e9 Europ\u00e9en de la Protection des Donn\u00e9es vient de publier une <a href=\"https:\/\/edpb.europa.eu\/sites\/edpb\/files\/files\/file1\/edpb-2019-02-12-infonote-nodeal-brexit_en.pdf\" target=\"_blank\" rel=\"noopener\">note d\u2019information<\/a> relative au sort des transferts de donn\u00e9es \u00e0 caract\u00e8re personnel depuis un Etat membre de l\u2019Union europ\u00e9enne vers le Royaume-Uni en cas de \u00ab\u00a0no-deal Brexit\u00a0\u00bb.<\/p>\n<p>Dans cette hypoth\u00e8se, les transferts de donn\u00e9es \u00e0 caract\u00e8re personnel vers un sous-traitant au Royaume-Uni devront faire l&#8217;objet d&#8217;un encadrement sp\u00e9cifique \u00e0 compter de la date effective du Brexit. En effet, sauf exception, en\u00a0l\u2019absence de d\u00e9cision d\u2019ad\u00e9quation de la Commission europ\u00e9enne au profit du Royaume-Uni, il conviendra d\u2019encadrer de tels transferts de donn\u00e9es \u00e0 caract\u00e8re personnel par des garanties appropri\u00e9es (cf. article 46 du <a href=\"https:\/\/eur-lex.europa.eu\/legal-content\/FR\/TXT\/HTML\/?uri=CELEX:32016R0679&amp;from=FR\" target=\"_blank\" rel=\"noopener\">r\u00e8glement europ\u00e9en (UE) 2016\/67 9 du 27 avril 2016 dit \u00ab r\u00e8glement g\u00e9n\u00e9ral sur la protection des donn\u00e9es \u00bb<\/a> (\u00ab RGPD \u00bb)), \u00e0 savoir notamment par la conclusion de clauses contractuelles types, l\u2019adoption de r\u00e8gles d\u2019entreprise contraignantes (\u00ab\u00a0Binding Corporate Rules\u00a0\u00bb), la conclusion de clauses contractuelles ad hoc (sous r\u00e9serve de l\u2019autorisation de l\u2019autorit\u00e9 de contr\u00f4le comp\u00e9tente),\u2026<\/p>\n<p>Pour autant, <a href=\"https:\/\/www.gov.uk\/government\/publications\/data-protection-if-theres-no-brexit-deal\/data-protection-if-theres-no-brexit-deal\" target=\"_blank\" rel=\"noopener\">le gouvernement anglais a d\u2019ores et d\u00e9j\u00e0 manifest\u00e9 sa volont\u00e9 de faire reconna\u00eetre par la Commission europ\u00e9enne le Royaume-Uni comme disposant d\u2019un niveau de protection ad\u00e9quat<\/a>, ce qui aurait pour effet d\u2019assurer pour l\u2019avenir la lic\u00e9it\u00e9 de tels transferts, sans besoin de proc\u00e9der \u00e0 d\u2019autres formalit\u00e9s.<\/p>\n<p>&nbsp;<\/p>\n<h2><strong>Quel encadrement des transferts de donn\u00e9es \u00e0 caract\u00e8re personnel depuis le Royaume-Uni apr\u00e8s le Brexit\u00a0?<\/strong><\/h2>\n<p><a href=\"https:\/\/www.gov.uk\/government\/publications\/data-protection-if-theres-no-brexit-deal\/data-protection-if-theres-no-brexit-deal\" target=\"_blank\" rel=\"noopener\">Le gouvernement anglais semble consid\u00e9rer<\/a> que le principe de la libre circulation des donn\u00e9es \u00e0 caract\u00e8re personnel depuis le Royaume-Uni vers un Etat membre de l\u2019Union europ\u00e9enne demeure applicable en cas de \u00ab\u00a0no-deal Brexit\u00a0\u00bb.<\/p>\n<p>Toutefois, <a href=\"https:\/\/ico.org.uk\/for-organisations\/data-protection-and-brexit\/data-protection-if-there-s-no-brexit-deal\/the-gdpr\/international-data-transfers\/\" target=\"_blank\" rel=\"noopener\">la position de l\u2019autorit\u00e9 de contr\u00f4le anglaise (\u00ab\u00a0Information Commissioner\u2019s Office\u00a0\u00bb dite \u00ab\u00a0ICO\u00a0\u00bb) est plus nuanc\u00e9e.<\/a> Cette derni\u00e8re rappelle que s&#8217;agissant d&#8217;un transfert de donn\u00e9es \u00e0 destination d\u2019un autre Etat, qu&#8217;il soit ou non\u00a0situ\u00e9 au sein de l\u2019Union europ\u00e9enne, encore faudrait-il pour que ce transfert soit licite que le gouvernement anglais reconnaisse le pays destinataire comme disposant d\u2019un niveau de protection ad\u00e9quat, le m\u00e9canisme des d\u00e9cisions d\u2019ad\u00e9quation issu du droit europ\u00e9en devant a priori \u00eatre maintenu en droit anglais.<\/p>\n<p>En tout \u00e9tat de cause, les d\u00e9cisions d\u2019ad\u00e9quation de la Commission europ\u00e9enne ne pourront plus \u00eatre invoqu\u00e9es \u00e0 l\u2019issue du Brexit pour encadrer de tels transferts puisque les d\u00e9cisions d\u2019ad\u00e9quation, si ce m\u00e9canisme est maintenu, devront \u00e9maner du gouvernement anglais.<\/p>\n<p>S\u2019agissant en particulier des transferts de donn\u00e9es \u00e0 caract\u00e8re personnel vers les Etats-Unis, ceux-ci ne pourront plus \u00eatre encadr\u00e9s par l\u2019adh\u00e9sion du destinataire au \u00ab\u00a0Privacy Shield\u00a0\u00bb en cas de \u00ab\u00a0no-deal Brexit\u00a0\u00bb. Pour autant, <a href=\"https:\/\/www.privacyshield.gov\/article?id=Privacy-Shield-and-the-UK-FAQs\" target=\"_blank\" rel=\"noopener\">le gouvernement am\u00e9ricain rappelle<\/a> qu\u2019il pourrait \u00eatre envisag\u00e9 une p\u00e9riode transitoire jusqu\u2019au 31 d\u00e9cembre 2020. Pendant cette p\u00e9riode, le Royaume-Uni resterait soumis au droit europ\u00e9en, y compris au RGPD, ce qui permettrait d\u2019encadrer les transferts depuis le Royaume-Uni vers les Etats-Unis du fait de l&#8217;adh\u00e9sion de l&#8217;entreprise destinataire au \u00ab\u00a0Privacy Shield\u00a0\u00bb. A l\u2019issue de cette phase de transition, le m\u00e9canisme du\u00a0\u00ab\u00a0Privacy Shield\u00a0\u00bb pourrait alors \u00eatre \u00e9tendu \u00e0 de tels transferts.<\/p>\n<p>Ainsi, outre la r\u00e9gularisation n\u00e9cessaire des transferts de donn\u00e9es \u00e0 caract\u00e8re personnel depuis l&#8217;Union europ\u00e9enne vers le Royaume-Uni, il conviendra \u00e9galement porter une attention particuli\u00e8re aux transferts de telles donn\u00e9es depuis le Royaume-Uni.<\/p>\n<p>&nbsp;<\/p>\n<p style=\"text-align: center;\">*\u00a0\u00a0\u00a0\u00a0\u00a0\u00a0\u00a0\u00a0\u00a0\u00a0\u00a0\u00a0 *<\/p>\n<p style=\"text-align: center;\">*<\/p>\n<p>&nbsp;<\/p>\n<p><a href=\"https:\/\/www.gov.uk\/government\/publications\/data-protection-if-theres-no-brexit-deal\/data-protection-if-theres-no-brexit-deal\" target=\"_blank\" rel=\"noopener\">Si le gouvernement anglais a manifest\u00e9 sa volont\u00e9 de conserver en droit anglais les principes et m\u00e9canismes europ\u00e9ens en mati\u00e8re de protection des donn\u00e9es \u00e0 caract\u00e8re personnel<\/a>, il demeure de nombreuses incertitudes quant \u00e0 la p\u00e9riode transitoire post-Brexit s\u2019agissant des flux de telles donn\u00e9es vers et depuis le Royaume-Uni.<\/p>\n<p><strong>Aussi, en l\u2019absence d\u2019accord sp\u00e9cifique sur ces sujets malgr\u00e9 l\u2019imminence de la mise en \u0153uvre du Brexit, les responsables de traitement en Union europ\u00e9enne \u00e9changeant des donn\u00e9es avec le Royaume-Uni doivent faire preuve de proactivit\u00e9 en prenant en consid\u00e9ration la n\u00e9cessit\u00e9 d\u2019encadrer de tels flux avec leurs sous-traitants, partenaires, etc.\u00a0au moyen d&#8217;une revue des contrats existants\u00a0(rendue en tout \u00e9tat de cause indispensable avec l\u2019adoption du RGPD) et d&#8217;une mise \u00e0 jour des mod\u00e8les de contrats pour le futur.<\/strong> Il leur appartient \u00e9galement de proc\u00e9der \u00e0 une veille vigilante de l\u2019actualit\u00e9 sur ce sujet afin d&#8217;anticiper la situation \u00e0 venir \u00e0 l\u2019issue de la p\u00e9riode transitoire post-Brexit, dont la dur\u00e9e est incertaine.<\/p>\n<p>Enfin, et pour m\u00e9moire, l&#8217;existence de transferts de donn\u00e9es \u00e0 caract\u00e8re personnel \u00e0 destination d\u2019Etats situ\u00e9s hors Union europ\u00e9enne ainsi que les garanties encadrant de tels flux doivent imp\u00e9rativement \u00eatre pr\u00e9cis\u00e9s dans les mentions d\u2019information \u00e0 l\u2019attention des personnes concern\u00e9es (cf. articles 13 et 14 du RGPD). Ainsi, au lendemain du Brexit et le cas \u00e9ch\u00e9ant \u00e0 l\u2019issue de la p\u00e9riode transitoire post-Brexit, il conviendra d\u2019ajuster \u00e0 cette fin l\u2019ensemble des mentions d\u2019information \u00e0 l\u2019attention des personnes concern\u00e9es lorsque leurs donn\u00e9es \u00e0 caract\u00e8re personnel font l\u2019objet d\u2019un transfert vers le Royaume-Uni. Il sera \u00e9galement n\u00e9cessaire de mettre \u00e0 jour la documentation interne de l&#8217;organisme concern\u00e9, et notamment le registre des activit\u00e9s de traitement de donn\u00e9es \u00e0 caract\u00e8re personnel, afin d&#8217;y indiquer ces nouveaux transferts hors Union europ\u00e9enne ainsi que les nouvelles garanties mises en \u0153uvre pour encadrer de tels transferts.<\/p>\n<p>En tout \u00e9tat de cause, il serait a minima opportun que la Commission europ\u00e9enne adopte rapidement une d\u00e9cision d\u2019ad\u00e9quation reconnaissant le Royaume-Uni comme offrant un niveau de protection des donn\u00e9es ad\u00e9quat, ce qui permettrait de simplifier l\u2019encadrement des transferts de donn\u00e9es depuis l\u2019Union europ\u00e9enne vers le Royaume-Uni.<\/p>\n<p>Affaire \u00e0\u00a0suivre&#8230;<\/p>\n<p>&nbsp;<\/p>\n<p>Par <a href=\"https:\/\/www.agilit.law\/\" target=\"_blank\" rel=\"noopener\">AGIL&#8217;IT<\/a> &#8211; <a href=\"https:\/\/www.agilit.law\/expertises\/donnees-a-caractere-personnel\/\" target=\"_blank\" rel=\"noopener\">P\u00f4le IT &amp; Data protection<\/a><\/p>\n<p><a href=\"https:\/\/www.agilit.law\/cabinet\/equipe\/laure-landes-gronowski\/\" target=\"_blank\" rel=\"noopener\">Laure LANDES-GRONOWSKI<\/a>, Avocate associ\u00e9e<\/p>\n<p><a href=\"https:\/\/www.agilit.law\/cabinet\/equipe\/marie-miliotis\/\" target=\"_blank\" rel=\"noopener\">Marie MILIOTIS<\/a>, Avocate<\/p>\n","protected":false},"excerpt":{"rendered":"<p>Le Brexit sera mis en \u0153uvre le 29 mars 2019, date officielle \u00e0 partir de laquelle le Royaume-Uni cessera de faire partie de l\u2019Union europ\u00e9enne. Cette sortie de l\u2019Union europ\u00e9enne s\u2019accompagne de nombreuses probl\u00e9matiques juridiques, notamment sur le point de savoir, en l\u2019absence d\u2019accord avec l\u2019Union europ\u00e9enne (\u00ab\u00a0no-deal Brexit\u00a0\u00bb), comment seront encadr\u00e9s \u00e0 l\u2019avenir les&hellip;<\/p>\n","protected":false},"author":4,"featured_media":4982,"comment_status":"closed","ping_status":"closed","sticky":false,"template":"","format":"standard","meta":{"footnotes":""},"categories":[150,73],"tags":[],"coauthors":[94,113],"yoast_head":"<!-- This site is optimized with the Yoast SEO plugin v21.3 - https:\/\/yoast.com\/wordpress\/plugins\/seo\/ -->\n<title>Les \u00e9changes de donn\u00e9es \u00e0 caract\u00e8re personnel avec le Royaume-Uni \u00e0 l\u2019heure du Brexit -<\/title>\n<meta name=\"description\" content=\"Le Brexit sera mis en \u0153uvre le 29 mars 2019, date officielle \u00e0 partir de laquelle le Royaume-Uni cessera de faire partie de l\u2019Union europ\u00e9enne. Cette sortie de l\u2019Union europ\u00e9enne s\u2019accompagne de nombreuses probl\u00e9matiques juridiques, notamment sur le point de savoir, en l\u2019absence d\u2019accord avec l\u2019Union europ\u00e9enne (\u00ab no-deal Brexit \u00bb), comment seront encadr\u00e9s \u00e0 l\u2019avenir les \u00e9changes de donn\u00e9es \u00e0 caract\u00e8re personnel avec le Royaume-Uni.\" \/>\n<meta name=\"robots\" content=\"index, follow, max-snippet:-1, max-image-preview:large, max-video-preview:-1\" \/>\n<link rel=\"canonical\" href=\"https:\/\/www.agilit.law\/en\/donnees-caractere-personnel\/les-echanges-de-donnees-a-caractere-personnel-avec-le-royaume-uni-a-lheure-du-brexit\/\" \/>\n<meta property=\"og:locale\" content=\"en_US\" \/>\n<meta property=\"og:type\" content=\"article\" \/>\n<meta property=\"og:title\" content=\"Les \u00e9changes de donn\u00e9es \u00e0 caract\u00e8re personnel avec le Royaume-Uni \u00e0 l\u2019heure du Brexit -\" \/>\n<meta property=\"og:description\" content=\"Le Brexit sera mis en \u0153uvre le 29 mars 2019, date officielle \u00e0 partir de laquelle le Royaume-Uni cessera de faire partie de l\u2019Union europ\u00e9enne. Cette sortie de l\u2019Union europ\u00e9enne s\u2019accompagne de nombreuses probl\u00e9matiques juridiques, notamment sur le point de savoir, en l\u2019absence d\u2019accord avec l\u2019Union europ\u00e9enne (\u00ab no-deal Brexit \u00bb), comment seront encadr\u00e9s \u00e0 l\u2019avenir les \u00e9changes de donn\u00e9es \u00e0 caract\u00e8re personnel avec le Royaume-Uni.\" \/>\n<meta property=\"og:url\" content=\"https:\/\/www.agilit.law\/en\/donnees-caractere-personnel\/les-echanges-de-donnees-a-caractere-personnel-avec-le-royaume-uni-a-lheure-du-brexit\/\" \/>\n<meta property=\"og:site_name\" content=\"AGIL&#039;IT\" \/>\n<meta property=\"article:published_time\" content=\"2019-02-16T13:41:21+00:00\" \/>\n<meta property=\"article:modified_time\" content=\"2021-10-26T22:32:42+00:00\" \/>\n<meta property=\"og:image\" content=\"https:\/\/www.agilit.law\/wp-content\/uploads\/2019\/01\/Photo-2-P\u00f4le-Droit-Social.jpg\" \/>\n\t<meta property=\"og:image:width\" content=\"1000\" \/>\n\t<meta property=\"og:image:height\" content=\"666\" \/>\n\t<meta property=\"og:image:type\" content=\"image\/jpeg\" \/>\n<meta name=\"author\" content=\"Laure Landes-Gronowski, Marie Miliotis\" \/>\n<meta name=\"twitter:card\" content=\"summary_large_image\" \/>\n<meta name=\"twitter:label1\" content=\"Written by\" \/>\n\t<meta name=\"twitter:data1\" content=\"Laure Landes-Gronowski, Marie Miliotis\" \/>\n\t<meta name=\"twitter:label2\" content=\"Est. reading time\" \/>\n\t<meta name=\"twitter:data2\" content=\"6 minutes\" \/>\n<script type=\"application\/ld+json\" class=\"yoast-schema-graph\">{\"@context\":\"https:\/\/schema.org\",\"@graph\":[{\"@type\":\"WebPage\",\"@id\":\"https:\/\/www.agilit.law\/en\/donnees-caractere-personnel\/les-echanges-de-donnees-a-caractere-personnel-avec-le-royaume-uni-a-lheure-du-brexit\/\",\"url\":\"https:\/\/www.agilit.law\/en\/donnees-caractere-personnel\/les-echanges-de-donnees-a-caractere-personnel-avec-le-royaume-uni-a-lheure-du-brexit\/\",\"name\":\"Les \u00e9changes de donn\u00e9es \u00e0 caract\u00e8re personnel avec le Royaume-Uni \u00e0 l\u2019heure du Brexit -\",\"isPartOf\":{\"@id\":\"https:\/\/www.agilit.law\/#website\"},\"datePublished\":\"2019-02-16T13:41:21+00:00\",\"dateModified\":\"2021-10-26T22:32:42+00:00\",\"author\":{\"@id\":\"https:\/\/www.agilit.law\/#\/schema\/person\/906193fbe5e020fa826cf7bed5f0119b\"},\"description\":\"Le Brexit sera mis en \u0153uvre le 29 mars 2019, date officielle \u00e0 partir de laquelle le Royaume-Uni cessera de faire partie de l\u2019Union europ\u00e9enne. Cette sortie de l\u2019Union europ\u00e9enne s\u2019accompagne de nombreuses probl\u00e9matiques juridiques, notamment sur le point de savoir, en l\u2019absence d\u2019accord avec l\u2019Union europ\u00e9enne (\u00ab no-deal Brexit \u00bb), comment seront encadr\u00e9s \u00e0 l\u2019avenir les \u00e9changes de donn\u00e9es \u00e0 caract\u00e8re personnel avec le Royaume-Uni.\",\"breadcrumb\":{\"@id\":\"https:\/\/www.agilit.law\/en\/donnees-caractere-personnel\/les-echanges-de-donnees-a-caractere-personnel-avec-le-royaume-uni-a-lheure-du-brexit\/#breadcrumb\"},\"inLanguage\":\"en-US\",\"potentialAction\":[{\"@type\":\"ReadAction\",\"target\":[\"https:\/\/www.agilit.law\/en\/donnees-caractere-personnel\/les-echanges-de-donnees-a-caractere-personnel-avec-le-royaume-uni-a-lheure-du-brexit\/\"]}]},{\"@type\":\"BreadcrumbList\",\"@id\":\"https:\/\/www.agilit.law\/en\/donnees-caractere-personnel\/les-echanges-de-donnees-a-caractere-personnel-avec-le-royaume-uni-a-lheure-du-brexit\/#breadcrumb\",\"itemListElement\":[{\"@type\":\"ListItem\",\"position\":1,\"name\":\"Accueil\",\"item\":\"https:\/\/www.agilit.law\/en\/\"},{\"@type\":\"ListItem\",\"position\":2,\"name\":\"Les \u00e9changes de donn\u00e9es \u00e0 caract\u00e8re personnel avec le Royaume-Uni \u00e0 l\u2019heure du Brexit\"}]},{\"@type\":\"WebSite\",\"@id\":\"https:\/\/www.agilit.law\/#website\",\"url\":\"https:\/\/www.agilit.law\/\",\"name\":\"AGIL&#039;IT\",\"description\":\"Make things simple\",\"potentialAction\":[{\"@type\":\"SearchAction\",\"target\":{\"@type\":\"EntryPoint\",\"urlTemplate\":\"https:\/\/www.agilit.law\/?s={search_term_string}\"},\"query-input\":\"required name=search_term_string\"}],\"inLanguage\":\"en-US\"},{\"@type\":\"Person\",\"@id\":\"https:\/\/www.agilit.law\/#\/schema\/person\/906193fbe5e020fa826cf7bed5f0119b\",\"name\":\"Laure Landes-Gronowski\",\"image\":{\"@type\":\"ImageObject\",\"inLanguage\":\"en-US\",\"@id\":\"https:\/\/www.agilit.law\/#\/schema\/person\/image\/28fdc5034409b7339d9cfb1c7e67a42c\",\"url\":\"https:\/\/secure.gravatar.com\/avatar\/13eb25dedfd6848dcbcfda1a74be2ff1?s=96&d=mm&r=g\",\"contentUrl\":\"https:\/\/secure.gravatar.com\/avatar\/13eb25dedfd6848dcbcfda1a74be2ff1?s=96&d=mm&r=g\",\"caption\":\"Laure Landes-Gronowski\"},\"url\":\"https:\/\/www.agilit.law\/en\/author\/laure\/\"}]}<\/script>\n<!-- \/ Yoast SEO plugin. -->","yoast_head_json":{"title":"Les \u00e9changes de donn\u00e9es \u00e0 caract\u00e8re personnel avec le Royaume-Uni \u00e0 l\u2019heure du Brexit -","description":"Le Brexit sera mis en \u0153uvre le 29 mars 2019, date officielle \u00e0 partir de laquelle le Royaume-Uni cessera de faire partie de l\u2019Union europ\u00e9enne. Cette sortie de l\u2019Union europ\u00e9enne s\u2019accompagne de nombreuses probl\u00e9matiques juridiques, notamment sur le point de savoir, en l\u2019absence d\u2019accord avec l\u2019Union europ\u00e9enne (\u00ab no-deal Brexit \u00bb), comment seront encadr\u00e9s \u00e0 l\u2019avenir les \u00e9changes de donn\u00e9es \u00e0 caract\u00e8re personnel avec le Royaume-Uni.","robots":{"index":"index","follow":"follow","max-snippet":"max-snippet:-1","max-image-preview":"max-image-preview:large","max-video-preview":"max-video-preview:-1"},"canonical":"https:\/\/www.agilit.law\/en\/donnees-caractere-personnel\/les-echanges-de-donnees-a-caractere-personnel-avec-le-royaume-uni-a-lheure-du-brexit\/","og_locale":"en_US","og_type":"article","og_title":"Les \u00e9changes de donn\u00e9es \u00e0 caract\u00e8re personnel avec le Royaume-Uni \u00e0 l\u2019heure du Brexit -","og_description":"Le Brexit sera mis en \u0153uvre le 29 mars 2019, date officielle \u00e0 partir de laquelle le Royaume-Uni cessera de faire partie de l\u2019Union europ\u00e9enne. Cette sortie de l\u2019Union europ\u00e9enne s\u2019accompagne de nombreuses probl\u00e9matiques juridiques, notamment sur le point de savoir, en l\u2019absence d\u2019accord avec l\u2019Union europ\u00e9enne (\u00ab no-deal Brexit \u00bb), comment seront encadr\u00e9s \u00e0 l\u2019avenir les \u00e9changes de donn\u00e9es \u00e0 caract\u00e8re personnel avec le Royaume-Uni.","og_url":"https:\/\/www.agilit.law\/en\/donnees-caractere-personnel\/les-echanges-de-donnees-a-caractere-personnel-avec-le-royaume-uni-a-lheure-du-brexit\/","og_site_name":"AGIL&#039;IT","article_published_time":"2019-02-16T13:41:21+00:00","article_modified_time":"2021-10-26T22:32:42+00:00","og_image":[{"width":1000,"height":666,"url":"https:\/\/www.agilit.law\/wp-content\/uploads\/2019\/01\/Photo-2-P\u00f4le-Droit-Social.jpg","type":"image\/jpeg"}],"author":"Laure Landes-Gronowski, Marie Miliotis","twitter_card":"summary_large_image","twitter_misc":{"Written by":"Laure Landes-Gronowski, Marie Miliotis","Est. reading time":"6 minutes"},"schema":{"@context":"https:\/\/schema.org","@graph":[{"@type":"WebPage","@id":"https:\/\/www.agilit.law\/en\/donnees-caractere-personnel\/les-echanges-de-donnees-a-caractere-personnel-avec-le-royaume-uni-a-lheure-du-brexit\/","url":"https:\/\/www.agilit.law\/en\/donnees-caractere-personnel\/les-echanges-de-donnees-a-caractere-personnel-avec-le-royaume-uni-a-lheure-du-brexit\/","name":"Les \u00e9changes de donn\u00e9es \u00e0 caract\u00e8re personnel avec le Royaume-Uni \u00e0 l\u2019heure du Brexit -","isPartOf":{"@id":"https:\/\/www.agilit.law\/#website"},"datePublished":"2019-02-16T13:41:21+00:00","dateModified":"2021-10-26T22:32:42+00:00","author":{"@id":"https:\/\/www.agilit.law\/#\/schema\/person\/906193fbe5e020fa826cf7bed5f0119b"},"description":"Le Brexit sera mis en \u0153uvre le 29 mars 2019, date officielle \u00e0 partir de laquelle le Royaume-Uni cessera de faire partie de l\u2019Union europ\u00e9enne. Cette sortie de l\u2019Union europ\u00e9enne s\u2019accompagne de nombreuses probl\u00e9matiques juridiques, notamment sur le point de savoir, en l\u2019absence d\u2019accord avec l\u2019Union europ\u00e9enne (\u00ab no-deal Brexit \u00bb), comment seront encadr\u00e9s \u00e0 l\u2019avenir les \u00e9changes de donn\u00e9es \u00e0 caract\u00e8re personnel avec le Royaume-Uni.","breadcrumb":{"@id":"https:\/\/www.agilit.law\/en\/donnees-caractere-personnel\/les-echanges-de-donnees-a-caractere-personnel-avec-le-royaume-uni-a-lheure-du-brexit\/#breadcrumb"},"inLanguage":"en-US","potentialAction":[{"@type":"ReadAction","target":["https:\/\/www.agilit.law\/en\/donnees-caractere-personnel\/les-echanges-de-donnees-a-caractere-personnel-avec-le-royaume-uni-a-lheure-du-brexit\/"]}]},{"@type":"BreadcrumbList","@id":"https:\/\/www.agilit.law\/en\/donnees-caractere-personnel\/les-echanges-de-donnees-a-caractere-personnel-avec-le-royaume-uni-a-lheure-du-brexit\/#breadcrumb","itemListElement":[{"@type":"ListItem","position":1,"name":"Accueil","item":"https:\/\/www.agilit.law\/en\/"},{"@type":"ListItem","position":2,"name":"Les \u00e9changes de donn\u00e9es \u00e0 caract\u00e8re personnel avec le Royaume-Uni \u00e0 l\u2019heure du Brexit"}]},{"@type":"WebSite","@id":"https:\/\/www.agilit.law\/#website","url":"https:\/\/www.agilit.law\/","name":"AGIL&#039;IT","description":"Make things simple","potentialAction":[{"@type":"SearchAction","target":{"@type":"EntryPoint","urlTemplate":"https:\/\/www.agilit.law\/?s={search_term_string}"},"query-input":"required name=search_term_string"}],"inLanguage":"en-US"},{"@type":"Person","@id":"https:\/\/www.agilit.law\/#\/schema\/person\/906193fbe5e020fa826cf7bed5f0119b","name":"Laure Landes-Gronowski","image":{"@type":"ImageObject","inLanguage":"en-US","@id":"https:\/\/www.agilit.law\/#\/schema\/person\/image\/28fdc5034409b7339d9cfb1c7e67a42c","url":"https:\/\/secure.gravatar.com\/avatar\/13eb25dedfd6848dcbcfda1a74be2ff1?s=96&d=mm&r=g","contentUrl":"https:\/\/secure.gravatar.com\/avatar\/13eb25dedfd6848dcbcfda1a74be2ff1?s=96&d=mm&r=g","caption":"Laure Landes-Gronowski"},"url":"https:\/\/www.agilit.law\/en\/author\/laure\/"}]}},"_links":{"self":[{"href":"https:\/\/www.agilit.law\/en\/wp-json\/wp\/v2\/posts\/5144"}],"collection":[{"href":"https:\/\/www.agilit.law\/en\/wp-json\/wp\/v2\/posts"}],"about":[{"href":"https:\/\/www.agilit.law\/en\/wp-json\/wp\/v2\/types\/post"}],"author":[{"embeddable":true,"href":"https:\/\/www.agilit.law\/en\/wp-json\/wp\/v2\/users\/4"}],"replies":[{"embeddable":true,"href":"https:\/\/www.agilit.law\/en\/wp-json\/wp\/v2\/comments?post=5144"}],"version-history":[{"count":12,"href":"https:\/\/www.agilit.law\/en\/wp-json\/wp\/v2\/posts\/5144\/revisions"}],"predecessor-version":[{"id":5209,"href":"https:\/\/www.agilit.law\/en\/wp-json\/wp\/v2\/posts\/5144\/revisions\/5209"}],"wp:featuredmedia":[{"embeddable":true,"href":"https:\/\/www.agilit.law\/en\/wp-json\/wp\/v2\/media\/4982"}],"wp:attachment":[{"href":"https:\/\/www.agilit.law\/en\/wp-json\/wp\/v2\/media?parent=5144"}],"wp:term":[{"taxonomy":"category","embeddable":true,"href":"https:\/\/www.agilit.law\/en\/wp-json\/wp\/v2\/categories?post=5144"},{"taxonomy":"post_tag","embeddable":true,"href":"https:\/\/www.agilit.law\/en\/wp-json\/wp\/v2\/tags?post=5144"},{"taxonomy":"author","embeddable":true,"href":"https:\/\/www.agilit.law\/en\/wp-json\/wp\/v2\/coauthors?post=5144"}],"curies":[{"name":"wp","href":"https:\/\/api.w.org\/{rel}","templated":true}]}}