{"id":3037,"date":"2017-09-28T16:28:51","date_gmt":"2017-09-28T14:28:51","guid":{"rendered":"http:\/\/www.agilit.law\/?p=3037"},"modified":"2018-08-14T17:07:54","modified_gmt":"2018-08-14T15:07:54","slug":"projet-de-loi-de-finances-2018-mesures-proposees-pme-leurs-dirigeants","status":"publish","type":"post","link":"https:\/\/www.agilit.law\/en\/fiscalite-ingenierie-patrimoniale\/projet-de-loi-de-finances-2018-mesures-proposees-pme-leurs-dirigeants\/","title":{"rendered":"Projet de loi de finances pour 2018 : quelles mesures pour les PME et leurs dirigeants ?"},"content":{"rendered":"<p>Le gouvernement a d\u00e9pos\u00e9 le 27 septembre 2017 \u00e0 l&#8217;Assembl\u00e9e nationale le projet de loi de finances 2018 *.<br \/>\nEn voici les principales mesures pour les PME et leurs dirigeants.<br \/>\nL\u2019ensemble de ces mesures doit \u00eatre examin\u00e9 par l\u2019Assembl\u00e9e nationale et le S\u00e9nat au cours du dernier trimestre 2017.<\/p>\n<p>&nbsp;<\/p>\n<h2>Quoi de neuf du c\u00f4t\u00e9 des PME\u00a0?<\/h2>\n<h3>1. Diminution progressive du taux d\u2019imp\u00f4t sur les soci\u00e9t\u00e9s (IS)<\/h3>\n<p>Ce mouvement a d\u00e9j\u00e0 \u00e9t\u00e9 amorc\u00e9 sous la pr\u00e9sidence Hollande, avec pour <strong>objectif un taux \u00e0 25% en 2022 pour toutes les entreprises<\/strong> sur la totalit\u00e9 des b\u00e9n\u00e9fices.<\/p>\n<p>En attendant, les taux de transition seraient appliqu\u00e9s comme suit, ind\u00e9pendamment de la nature de l\u2019entreprise (PME ou non)\u00a0:<\/p>\n<table width=\"631\">\n<thead>\n<tr>\n<td>Fraction de b\u00e9n\u00e9fice imposable<\/td>\n<td width=\"96\">2018<\/td>\n<td width=\"64\">2019<\/td>\n<td width=\"74\">2020<\/td>\n<td width=\"83\">2021<\/td>\n<td width=\"110\">2022<\/td>\n<\/tr>\n<tr>\n<td>inf\u00e9rieure \u00e0 500 000 \u20ac\u00a0(1)<\/td>\n<td width=\"96\">28 %<\/td>\n<td width=\"64\">28 %<\/td>\n<td width=\"74\">28 %<\/td>\n<td width=\"83\">26,5 %<\/td>\n<td width=\"110\">25 %<\/td>\n<\/tr>\n<tr>\n<td>sup\u00e9rieure \u00e0 500 000 \u20ac<\/td>\n<td width=\"96\">33,33 %<\/td>\n<td width=\"64\">31 %<\/td>\n<td width=\"74\">28 %<\/td>\n<td width=\"83\">26,5 %<\/td>\n<td width=\"110\">25 %<\/td>\n<\/tr>\n<\/thead>\n<\/table>\n<p>Le taux r\u00e9duit de 15 % sur la fraction de b\u00e9n\u00e9fice comprise entre 0 \u20ac et 38 120 \u20ac serait maintenu pour les PME dont le chiffre d&#8217;affaires est inf\u00e9rieur \u00e0 7,63 M\u20ac.<\/p>\n<p>Concr\u00e8tement, cette mesure n\u2019apporte <strong>pas de changement pour 2018\u00a0<\/strong>: la Loi de finances pour 2016 pr\u00e9voyait d\u00e9j\u00e0 un taux de 28% \u00e0 compter du 1<sup>er<\/sup> janvier 2018 pour toutes les entreprises sur la fraction du b\u00e9n\u00e9fice inf\u00e9rieure \u00e0 500K\u20ac.<\/p>\n<p>Elle va cependant plus loin que le dispositif actuel qui pr\u00e9voyait un taux d\u2019IS d\u00e9finitif de 28% en 2020 et pourrait se r\u00e9v\u00e9ler moins favorable pour certaines entreprises pour l\u2019ann\u00e9e 2019.<\/p>\n<h3>2. Transformation du CICE<\/h3>\n<p>Le Cr\u00e9dit d&#8217;Imp\u00f4t Comp\u00e9titivit\u00e9 Emploi (CICE) verrait son taux ramen\u00e9 \u00e0 6% en 2018, avant que le dispositif ne soit supprim\u00e9 en 2019 et remplac\u00e9 par un all\u00e9gement de cotisations patronales sur les salaires : baisse de 6 points sur les salaires inf\u00e9rieurs \u00e0 2,5 Smic, compl\u00e9t\u00e9 par un all\u00e9gement renforc\u00e9 de 4,1 points au niveau du Smic (d\u00e9gressif jusqu&#8217;\u00e0 1,6 Smic).<\/p>\n<h3>3. All\u00e8gement de la taxe sur les salaires<\/h3>\n<p>avec la suppression du taux major\u00e9 de 20% pour la derni\u00e8re tranche de la taxe sur les salaires.<\/p>\n<h3>4. Assouplissement de la d\u00e9ductibilit\u00e9 des charges financi\u00e8res<\/h3>\n<p>Avec la suppression du dispositif d\u2019encadrement de la d\u00e9ductibilit\u00e9 des charges financi\u00e8res li\u00e9es \u00e0 l\u2019acquisition de titres de participation, qui visait \u00e0 lutter contre des sch\u00e9mas abusifs visant \u00e0 rattacher artificiellement de la dette en France dans le cadre d\u2019acquisition de soci\u00e9t\u00e9s.<\/p>\n<h2>Quoi de neuf pour les investisseurs ?<\/h2>\n<p>La r\u00e9duction ISF-PME, r\u00e9duction \u00e0 l&#8217;imp\u00f4t sur la fortune pour investissement au capital de PME, serait supprim\u00e9e.<\/p>\n<p>A titre de mesure transitoire, les versements effectu\u00e9s entre la date limite de d\u00e9claration 2017 (d\u00e9claration d\u2019ensemble des revenus ou d\u00e9claration sp\u00e9ciale ISF) et le 31 d\u00e9cembre 2017 ouvriraient droit \u00e0 r\u00e9duction de l\u2019Imp\u00f4t sur la Fortune Immobili\u00e8re (IFI) d\u00fb au titre de 2018.<\/p>\n<h2>Quoi de neuf pour les dirigeants\u00a0?<\/h2>\n<h3>1. L\u2019imp\u00f4t sur la fortune immobili\u00e8re (IFI) remplacerait l\u2019Imp\u00f4t sur la Fortune (ISF) \u00e0 compter du 1er janvier 2018.<\/h3>\n<p>Codifi\u00e9 aux nouveaux articles 964 et suivants du CGI, l\u2019IFI frapperait les <strong>actifs immobiliers<\/strong> non affect\u00e9s \u00e0 l&#8217;activit\u00e9 professionnelle de leur propri\u00e9taire <strong>dont la valeur nette exc\u00e8de 1 300 000 euros<\/strong>.<\/p>\n<p>Seraient concern\u00e9s tous les biens et droits immobiliers, les parts de SCI \u00e0 hauteur de la valeur repr\u00e9sentative des immeubles et les parts des v\u00e9hicules d\u2019investissement sp\u00e9cialis\u00e9s (\u00ab pierre papier \u00bb), y compris lorsqu\u2019ils sont d\u00e9tenus via un contrat d\u2019assurance-vie.<\/p>\n<p>L\u2019abattement de 30 % sur la valeur de la r\u00e9sidence principale serait conserv\u00e9.<\/p>\n<p>Le bar\u00e8me de l\u2019imp\u00f4t serait identique au bar\u00e8me actuel de l\u2019ISF et la r\u00e9duction ISF-dons serait maintenue, de m\u00eame que le plafonnement \u00e0 75 % des revenus de la somme de l\u2019IFI et de l\u2019imp\u00f4t sur le revenu.<\/p>\n<p>Ainsi, les pactes Dutreil ** et montages impliquant une holding animatrice conservent leur pertinence pour les 3 derni\u00e8res ann\u00e9es (6 ann\u00e9es en cas d\u2019application de la prescription allong\u00e9e), avec prescription d\u00e9finitivement acquise au 1<sup>er<\/sup> janvier 2020 ou 2023 le cas \u00e9ch\u00e9ant.<\/p>\n<p>Pour l\u2019avenir, cependant, la holding animatrice (et les incertitudes qui entourent cette notion) conservera un int\u00e9r\u00eat dans le cadre des op\u00e9rations de transmission \u00e0 titre gratuit d\u2019un groupe de soci\u00e9t\u00e9s dans le cadre du Pacte Dutreil dit \u00ab\u00a0succession\u00a0\u00bb.<\/p>\n<h3>2. Mise en place d\u2019un pr\u00e9l\u00e8vement forfaitaire unique (PFU) pour les revenus du capital \u00e0 compter du 1<sup>er<\/sup> janvier 2018.<\/h3>\n<p>Sont concern\u00e9s les revenus de capitaux mobiliers (dividendes, int\u00e9r\u00eats), les produits des contrats d\u2019assurance vie aff\u00e9rents aux primes vers\u00e9es \u00e0 compter du 27 septembre 2017 lorsque l\u2019encours net de ces contrats exc\u00e8de 150K\u20ac, ainsi que les plus-values de cession de valeurs mobili\u00e8res et de droits sociaux.<\/p>\n<p>Le <strong>taux global du PFU***<\/strong> (pr\u00e9l\u00e8vements sociaux compris) serait de <strong>30%<\/strong> et s\u2019appliquerait sur l\u2019assiette brute du revenu imposable (sans abattement de 40%, donc, pour les dividendes ni abattement pour dur\u00e9e de d\u00e9tention pour les plus-values de cession).<\/p>\n<p>Il sera toujours possible d\u2019opter pour l\u2019imposition au bar\u00e8me progressif dans les m\u00eames conditions que celles actuellement en vigueur (avec application des abattements).<\/p>\n<h3>3. Mise en place d\u2019un abattement sp\u00e9cifique pour les dirigeants partant \u00e0 la retraite \u00e0 compter du 1<sup>er<\/sup> janvier 2018<\/h3>\n<p>Il s&#8217;agit d&#8217;un abattement applicable aux plus-values r\u00e9alis\u00e9es par des dirigeants de PME qui c\u00e8dent \u00e0 compter du 1er janvier 2018 et jusqu\u2019au 31 d\u00e9cembre 2022 leurs titres lors de leur d\u00e9part en retraite. Il consiste en un abattement fixe de 500 000 \u20ac applicable aux plus-values r\u00e9alis\u00e9es par le dirigeant, sous conditions. Cet abattement se substituera au dispositif ant\u00e9rieur qui prend fin au 31 d\u00e9cembre 2017.<\/p>\n<h3>4. Augmentation de 1,7% du taux de CSG<\/h3>\n<p>Le taux de CSG passe ainsi :<br \/>\n&#8211; de 7,5% actuellement \u00e0 <strong>9,2%<\/strong> sur les revenus d&#8217;activit\u00e9 ou les revenus de remplacement<br \/>\n&#8211; et 8,2% actuellement \u00e0 <strong>9,9%<\/strong> sur les revenus du patrimoine ou de placements.<\/p>\n<p>&#8212;<\/p>\n<p><strong>R\u00e9f\u00e9rences<\/strong><\/p>\n<p>(*) <a href=\"http:\/\/www.assemblee-nationale.fr\/15\/projets\/pl0235.asp\" target=\"_blank\" rel=\"noopener noreferrer\">Projet de loi de finances 2018<\/a> N\u00b0235 du 27 septembre 2017<\/p>\n<p>(**) Pactes dits \u00abDutreil\u00bb : abattement de 75\u00a0% sur les transmissions \u00e0 titre gratuit de titres de soci\u00e9t\u00e9s ayant fait l\u2019objet d\u2019un engagement de conservation.<\/p>\n<p>(***) Le Pr\u00e9l\u00e8vement Forfaitaire Unique est \u00e9galement appel\u00e9 &#8220;Flat tax&#8221; \u00e0 30%.<\/p>\n<p>&#8212;<\/p>\n<p>\u2014<br \/>\nPar AGIL&#8217;IT \u2013 <a href=\"https:\/\/www.agilit.law\/expertises\/fiscalite-ingenierie-patrimoniale\/\">Fiscalit\u00e9 \u2013 Ing\u00e9nierie patrimoniale<\/a><br \/>\n<a href=\"https:\/\/www.agilit.law\/cabinet\/equipe\/sandrine-hagenbach\/\">Sandrine Hagenbach<\/a><\/p>\n","protected":false},"excerpt":{"rendered":"<p>Le gouvernement a d\u00e9pos\u00e9 le 27 septembre 2017 \u00e0 l&#8217;Assembl\u00e9e nationale le projet de loi de finances 2018 *. En voici les principales mesures pour les PME et leurs dirigeants. L\u2019ensemble de ces mesures doit \u00eatre examin\u00e9 par l\u2019Assembl\u00e9e nationale et le S\u00e9nat au cours du dernier trimestre 2017. &nbsp; Quoi de neuf du c\u00f4t\u00e9&hellip;<\/p>\n","protected":false},"author":12,"featured_media":3042,"comment_status":"closed","ping_status":"open","sticky":false,"template":"","format":"standard","meta":{"footnotes":""},"categories":[107],"tags":[],"coauthors":[104],"yoast_head":"<!-- This site is optimized with the Yoast SEO plugin v21.3 - https:\/\/yoast.com\/wordpress\/plugins\/seo\/ -->\n<title>Projet de loi de finances pour 2018 : quelles mesures pour les PME et leurs dirigeants ? - AGIL&#039;IT<\/title>\n<meta name=\"robots\" content=\"index, follow, max-snippet:-1, max-image-preview:large, max-video-preview:-1\" \/>\n<link rel=\"canonical\" href=\"https:\/\/www.agilit.law\/en\/fiscalite-ingenierie-patrimoniale\/projet-de-loi-de-finances-2018-mesures-proposees-pme-leurs-dirigeants\/\" \/>\n<meta property=\"og:locale\" content=\"en_US\" \/>\n<meta property=\"og:type\" content=\"article\" \/>\n<meta property=\"og:title\" content=\"Projet de loi de finances pour 2018 : quelles mesures pour les PME et leurs dirigeants ? - AGIL&#039;IT\" \/>\n<meta property=\"og:description\" content=\"Le gouvernement a d\u00e9pos\u00e9 le 27 septembre 2017 \u00e0 l&#8217;Assembl\u00e9e nationale le projet de loi de finances 2018 *. En voici les principales mesures pour les PME et leurs dirigeants. L\u2019ensemble de ces mesures doit \u00eatre examin\u00e9 par l\u2019Assembl\u00e9e nationale et le S\u00e9nat au cours du dernier trimestre 2017. &nbsp; Quoi de neuf du c\u00f4t\u00e9&hellip;\" \/>\n<meta property=\"og:url\" content=\"https:\/\/www.agilit.law\/en\/fiscalite-ingenierie-patrimoniale\/projet-de-loi-de-finances-2018-mesures-proposees-pme-leurs-dirigeants\/\" \/>\n<meta property=\"og:site_name\" content=\"AGIL&#039;IT\" \/>\n<meta property=\"article:published_time\" content=\"2017-09-28T14:28:51+00:00\" \/>\n<meta property=\"article:modified_time\" content=\"2018-08-14T15:07:54+00:00\" \/>\n<meta property=\"og:image\" content=\"https:\/\/www.agilit.law\/wp-content\/uploads\/2017\/10\/Paris_Minist\u00e8re_des_Finances-e1506970300342.jpg\" \/>\n\t<meta property=\"og:image:width\" content=\"1500\" \/>\n\t<meta property=\"og:image:height\" content=\"927\" \/>\n\t<meta property=\"og:image:type\" content=\"image\/jpeg\" \/>\n<meta name=\"author\" content=\"Sandrine HAGENBACH\" \/>\n<meta name=\"twitter:card\" content=\"summary_large_image\" \/>\n<meta name=\"twitter:label1\" content=\"Written by\" \/>\n\t<meta name=\"twitter:data1\" content=\"Sandrine HAGENBACH\" \/>\n\t<meta name=\"twitter:label2\" content=\"Est. reading time\" \/>\n\t<meta name=\"twitter:data2\" content=\"5 minutes\" \/>\n<script type=\"application\/ld+json\" class=\"yoast-schema-graph\">{\"@context\":\"https:\/\/schema.org\",\"@graph\":[{\"@type\":\"WebPage\",\"@id\":\"https:\/\/www.agilit.law\/en\/fiscalite-ingenierie-patrimoniale\/projet-de-loi-de-finances-2018-mesures-proposees-pme-leurs-dirigeants\/\",\"url\":\"https:\/\/www.agilit.law\/en\/fiscalite-ingenierie-patrimoniale\/projet-de-loi-de-finances-2018-mesures-proposees-pme-leurs-dirigeants\/\",\"name\":\"Projet de loi de finances pour 2018 : quelles mesures pour les PME et leurs dirigeants ? - AGIL&#039;IT\",\"isPartOf\":{\"@id\":\"https:\/\/www.agilit.law\/#website\"},\"datePublished\":\"2017-09-28T14:28:51+00:00\",\"dateModified\":\"2018-08-14T15:07:54+00:00\",\"author\":{\"@id\":\"https:\/\/www.agilit.law\/#\/schema\/person\/d97414d5e0edda433189b3ac567e4a1b\"},\"breadcrumb\":{\"@id\":\"https:\/\/www.agilit.law\/en\/fiscalite-ingenierie-patrimoniale\/projet-de-loi-de-finances-2018-mesures-proposees-pme-leurs-dirigeants\/#breadcrumb\"},\"inLanguage\":\"en-US\",\"potentialAction\":[{\"@type\":\"ReadAction\",\"target\":[\"https:\/\/www.agilit.law\/en\/fiscalite-ingenierie-patrimoniale\/projet-de-loi-de-finances-2018-mesures-proposees-pme-leurs-dirigeants\/\"]}]},{\"@type\":\"BreadcrumbList\",\"@id\":\"https:\/\/www.agilit.law\/en\/fiscalite-ingenierie-patrimoniale\/projet-de-loi-de-finances-2018-mesures-proposees-pme-leurs-dirigeants\/#breadcrumb\",\"itemListElement\":[{\"@type\":\"ListItem\",\"position\":1,\"name\":\"Accueil\",\"item\":\"https:\/\/www.agilit.law\/en\/\"},{\"@type\":\"ListItem\",\"position\":2,\"name\":\"Projet de loi de finances pour 2018 : quelles mesures pour les PME et leurs dirigeants ?\"}]},{\"@type\":\"WebSite\",\"@id\":\"https:\/\/www.agilit.law\/#website\",\"url\":\"https:\/\/www.agilit.law\/\",\"name\":\"AGIL&#039;IT\",\"description\":\"Make things simple\",\"potentialAction\":[{\"@type\":\"SearchAction\",\"target\":{\"@type\":\"EntryPoint\",\"urlTemplate\":\"https:\/\/www.agilit.law\/?s={search_term_string}\"},\"query-input\":\"required name=search_term_string\"}],\"inLanguage\":\"en-US\"},{\"@type\":\"Person\",\"@id\":\"https:\/\/www.agilit.law\/#\/schema\/person\/d97414d5e0edda433189b3ac567e4a1b\",\"name\":\"Sandrine HAGENBACH\",\"image\":{\"@type\":\"ImageObject\",\"inLanguage\":\"en-US\",\"@id\":\"https:\/\/www.agilit.law\/#\/schema\/person\/image\/ab0d7d8bbb491438b5715f09168098a1\",\"url\":\"https:\/\/secure.gravatar.com\/avatar\/7fab4b6784c1f936d187b8a734b54726?s=96&d=mm&r=g\",\"contentUrl\":\"https:\/\/secure.gravatar.com\/avatar\/7fab4b6784c1f936d187b8a734b54726?s=96&d=mm&r=g\",\"caption\":\"Sandrine HAGENBACH\"},\"url\":\"https:\/\/www.agilit.law\/en\/author\/sandrine2\/\"}]}<\/script>\n<!-- \/ Yoast SEO plugin. -->","yoast_head_json":{"title":"Projet de loi de finances pour 2018 : quelles mesures pour les PME et leurs dirigeants ? - AGIL&#039;IT","robots":{"index":"index","follow":"follow","max-snippet":"max-snippet:-1","max-image-preview":"max-image-preview:large","max-video-preview":"max-video-preview:-1"},"canonical":"https:\/\/www.agilit.law\/en\/fiscalite-ingenierie-patrimoniale\/projet-de-loi-de-finances-2018-mesures-proposees-pme-leurs-dirigeants\/","og_locale":"en_US","og_type":"article","og_title":"Projet de loi de finances pour 2018 : quelles mesures pour les PME et leurs dirigeants ? - AGIL&#039;IT","og_description":"Le gouvernement a d\u00e9pos\u00e9 le 27 septembre 2017 \u00e0 l&#8217;Assembl\u00e9e nationale le projet de loi de finances 2018 *. En voici les principales mesures pour les PME et leurs dirigeants. L\u2019ensemble de ces mesures doit \u00eatre examin\u00e9 par l\u2019Assembl\u00e9e nationale et le S\u00e9nat au cours du dernier trimestre 2017. &nbsp; Quoi de neuf du c\u00f4t\u00e9&hellip;","og_url":"https:\/\/www.agilit.law\/en\/fiscalite-ingenierie-patrimoniale\/projet-de-loi-de-finances-2018-mesures-proposees-pme-leurs-dirigeants\/","og_site_name":"AGIL&#039;IT","article_published_time":"2017-09-28T14:28:51+00:00","article_modified_time":"2018-08-14T15:07:54+00:00","og_image":[{"width":1500,"height":927,"url":"https:\/\/www.agilit.law\/wp-content\/uploads\/2017\/10\/Paris_Minist\u00e8re_des_Finances-e1506970300342.jpg","type":"image\/jpeg"}],"author":"Sandrine HAGENBACH","twitter_card":"summary_large_image","twitter_misc":{"Written by":"Sandrine HAGENBACH","Est. reading time":"5 minutes"},"schema":{"@context":"https:\/\/schema.org","@graph":[{"@type":"WebPage","@id":"https:\/\/www.agilit.law\/en\/fiscalite-ingenierie-patrimoniale\/projet-de-loi-de-finances-2018-mesures-proposees-pme-leurs-dirigeants\/","url":"https:\/\/www.agilit.law\/en\/fiscalite-ingenierie-patrimoniale\/projet-de-loi-de-finances-2018-mesures-proposees-pme-leurs-dirigeants\/","name":"Projet de loi de finances pour 2018 : quelles mesures pour les PME et leurs dirigeants ? - AGIL&#039;IT","isPartOf":{"@id":"https:\/\/www.agilit.law\/#website"},"datePublished":"2017-09-28T14:28:51+00:00","dateModified":"2018-08-14T15:07:54+00:00","author":{"@id":"https:\/\/www.agilit.law\/#\/schema\/person\/d97414d5e0edda433189b3ac567e4a1b"},"breadcrumb":{"@id":"https:\/\/www.agilit.law\/en\/fiscalite-ingenierie-patrimoniale\/projet-de-loi-de-finances-2018-mesures-proposees-pme-leurs-dirigeants\/#breadcrumb"},"inLanguage":"en-US","potentialAction":[{"@type":"ReadAction","target":["https:\/\/www.agilit.law\/en\/fiscalite-ingenierie-patrimoniale\/projet-de-loi-de-finances-2018-mesures-proposees-pme-leurs-dirigeants\/"]}]},{"@type":"BreadcrumbList","@id":"https:\/\/www.agilit.law\/en\/fiscalite-ingenierie-patrimoniale\/projet-de-loi-de-finances-2018-mesures-proposees-pme-leurs-dirigeants\/#breadcrumb","itemListElement":[{"@type":"ListItem","position":1,"name":"Accueil","item":"https:\/\/www.agilit.law\/en\/"},{"@type":"ListItem","position":2,"name":"Projet de loi de finances pour 2018 : quelles mesures pour les PME et leurs dirigeants ?"}]},{"@type":"WebSite","@id":"https:\/\/www.agilit.law\/#website","url":"https:\/\/www.agilit.law\/","name":"AGIL&#039;IT","description":"Make things simple","potentialAction":[{"@type":"SearchAction","target":{"@type":"EntryPoint","urlTemplate":"https:\/\/www.agilit.law\/?s={search_term_string}"},"query-input":"required name=search_term_string"}],"inLanguage":"en-US"},{"@type":"Person","@id":"https:\/\/www.agilit.law\/#\/schema\/person\/d97414d5e0edda433189b3ac567e4a1b","name":"Sandrine HAGENBACH","image":{"@type":"ImageObject","inLanguage":"en-US","@id":"https:\/\/www.agilit.law\/#\/schema\/person\/image\/ab0d7d8bbb491438b5715f09168098a1","url":"https:\/\/secure.gravatar.com\/avatar\/7fab4b6784c1f936d187b8a734b54726?s=96&d=mm&r=g","contentUrl":"https:\/\/secure.gravatar.com\/avatar\/7fab4b6784c1f936d187b8a734b54726?s=96&d=mm&r=g","caption":"Sandrine HAGENBACH"},"url":"https:\/\/www.agilit.law\/en\/author\/sandrine2\/"}]}},"_links":{"self":[{"href":"https:\/\/www.agilit.law\/en\/wp-json\/wp\/v2\/posts\/3037"}],"collection":[{"href":"https:\/\/www.agilit.law\/en\/wp-json\/wp\/v2\/posts"}],"about":[{"href":"https:\/\/www.agilit.law\/en\/wp-json\/wp\/v2\/types\/post"}],"author":[{"embeddable":true,"href":"https:\/\/www.agilit.law\/en\/wp-json\/wp\/v2\/users\/12"}],"replies":[{"embeddable":true,"href":"https:\/\/www.agilit.law\/en\/wp-json\/wp\/v2\/comments?post=3037"}],"version-history":[{"count":12,"href":"https:\/\/www.agilit.law\/en\/wp-json\/wp\/v2\/posts\/3037\/revisions"}],"predecessor-version":[{"id":4251,"href":"https:\/\/www.agilit.law\/en\/wp-json\/wp\/v2\/posts\/3037\/revisions\/4251"}],"wp:featuredmedia":[{"embeddable":true,"href":"https:\/\/www.agilit.law\/en\/wp-json\/wp\/v2\/media\/3042"}],"wp:attachment":[{"href":"https:\/\/www.agilit.law\/en\/wp-json\/wp\/v2\/media?parent=3037"}],"wp:term":[{"taxonomy":"category","embeddable":true,"href":"https:\/\/www.agilit.law\/en\/wp-json\/wp\/v2\/categories?post=3037"},{"taxonomy":"post_tag","embeddable":true,"href":"https:\/\/www.agilit.law\/en\/wp-json\/wp\/v2\/tags?post=3037"},{"taxonomy":"author","embeddable":true,"href":"https:\/\/www.agilit.law\/en\/wp-json\/wp\/v2\/coauthors?post=3037"}],"curies":[{"name":"wp","href":"https:\/\/api.w.org\/{rel}","templated":true}]}}