{"id":2874,"date":"2017-07-11T22:03:05","date_gmt":"2017-07-11T20:03:05","guid":{"rendered":"http:\/\/www.agilit.law\/?p=2874"},"modified":"2021-10-27T00:36:45","modified_gmt":"2021-10-26T22:36:45","slug":"laure-landes-gronowski-conseil-administration-cyberlex","status":"publish","type":"post","link":"https:\/\/www.agilit.law\/en\/droit-technologie-et-informations-donnees-personnelles\/laure-landes-gronowski-conseil-administration-cyberlex\/","title":{"rendered":"Laure Landes-Gronowski au Conseil d\u2019Administration de Cyberlex"},"content":{"rendered":"<div class=\"group-header\">Laure Landes-Gronowski, notre associ\u00e9e au sein du P\u00f4le IT &amp; Data protection, rejoint le Conseil d\u2019Administration de <strong><a href=\"http:\/\/www.cyberlex.org\/\">Cyberlex<\/a><\/strong>, l\u2019Association du Droit et des Nouvelles Technologies.<\/div>\n<div class=\"group-left\">\n<div class=\"field field-name-body field-type-text-with-summary field-label-hidden\">\n<div class=\"field-items\">\n<div class=\"field-item even\">\n<p><!--more--><\/p>\n<p>Les \u00e9lections des membres du Conseil d&#8217;administration de Cyberlex, l\u2019Association du Droit et des Nouvelles Technologies, se sont d\u00e9roul\u00e9es jeudi 22 juin 2017, lors de l\u2019Assembl\u00e9e g\u00e9n\u00e9rale de l\u2019association.<\/p>\n<p>Le nouveau Conseil d&#8217;administration de Cyberlex est ainsi compos\u00e9 des membres suivants :<\/p>\n<ul>\n<li>Elise Dufour,\u00a0<em>Pr\u00e9sidente<\/em><\/li>\n<li>Emmanuelle Cornet-Ricquebourg,\u00a0<em>Vice-Pr\u00e9sidente et Tr\u00e9sori\u00e8re<\/em><\/li>\n<li>Gilles Rouvier,\u00a0<em>Vice-Pr\u00e9sident et Secr\u00e9taire G\u00e9n\u00e9ral<\/em><\/li>\n<li>Blandine Allix,\u00a0<em>membre du Conseil d\u2019Administration<\/em><\/li>\n<li>Amal Marc,\u00a0<em>membre du Conseil d\u2019Administration<\/em><\/li>\n<li>Laure Landes-Gronowski,\u00a0<em>membre du Conseil d\u2019Administration<\/em><\/li>\n<li>J\u00e9r\u00f4me\u00a0Legrain,\u00a0<em>membre du Conseil d\u2019Administration<\/em><\/li>\n<li>Marc Pic,\u00a0<em>membre du Conseil d\u2019Administration<\/em><\/li>\n<\/ul>\n<p>Cyberlex rassemble, depuis 2006,\u00a0tous les acteurs du march\u00e9 des technologies num\u00e9riques, qu\u2019ils soient techniciens, juristes d\u2019entreprises, avocats, professeurs de droit, magistrats, et tous les professionnels qui souhaitent enrichir leurs r\u00e9flexions tant sur le plan technique que juridique.<\/p>\n<p>Cyberlex a pour ambition de faire comprendre et ma\u00eetriser les <strong>aspects juridiques et techniques du num\u00e9rique<\/strong>. L\u2019association est un lieu d\u2019<strong>\u00e9changes<\/strong> et de<strong> d\u00e9bats<\/strong> o\u00f9 chacun s\u2019exprime sur les orientations l\u00e9gislatives, les affaires judiciaires, les positions des acteurs, les incidences des innovations technologiques sur <strong>l\u2019\u00e9conomie et le droit<\/strong>, et cela dans un esprit de tol\u00e9rance et de respect.<\/p>\n<p>L\u2019association organise tous les mois\u00a0ses r\u00e9unions\u00a0\u00e0 partir d\u2019un th\u00e8me, permettant d\u2019\u00e9changer de fa\u00e7on informelle sur les grands (et petits) \u00e9v\u00e9nements de l\u2019actualit\u00e9 juridique li\u00e9s aux nouvelles technologies. De plus, les membres sont inform\u00e9s de la vie de l\u2019association gr\u00e2ce \u00e0 une <strong>liste de diffusion<\/strong> qui relate des faits marquants li\u00e9s aux aspects juridiques des nouvelles technologies. Les nouvelles arriv\u00e9es dans l\u2019association s\u2019effectuent dans le cadre d\u2019une amicale <strong>cooptation<\/strong>.<\/p>\n<p>L\u2019adh\u00e9sion \u00e0 Cyberlex est personnelle. Les membres du Conseil d\u2019Administration sont \u00e9lus pour une dur\u00e9e de 2 ans.<\/p>\n<p>Depuis 2006, Cyberlex organise chaque ann\u00e9e les\u00a0<em><strong>Rencontres Annuelles du Droit et des Nouvelles Technologies<\/strong><\/em>, devenues un rendez-vous incontournable pour l\u2019actualisation des connaissances. En janvier 2017, le th\u00e8me de ces Rencontres \u00e9tait : <a href=\"http:\/\/www.affiches-parisiennes.com\/rencontres-cyberlex-intelligence-artificielle-mythe-ou-realite-6856.html\" target=\"_blank\" rel=\"noopener noreferrer\">\u201cL\u2019Intelligence Artificielle\u00a0: Mythe ou R\u00e9alit\u00e9?\u201d<\/a>.<\/p>\n<p>Les membres du cabinet se r\u00e9jouissent de la participation active de <a href=\"https:\/\/www.agilit.law\/cabinet\/equipe\/laure-landes-gronowski\/\">Laure Landes-Gronowski<\/a>, associ\u00e9e du P\u00f4le IT &amp; Data protection, au sein de cette association en qualit\u00e9 de nouveau membre du Conseil d\u2019Administration.<\/p>\n<p><a href=\"http:\/\/lemondedudroit.fr\/institutions-associations-reseaux\/230103-cyberlex-nouveau-conseil-dadministration.html\">Communiqu\u00e9 paru dans <strong><em>Le Monde du Droit <\/em><\/strong><\/a><\/p>\n<\/div>\n<\/div>\n<\/div>\n<\/div>\n","protected":false},"excerpt":{"rendered":"<p>Laure Landes-Gronowski, notre associ\u00e9e au sein du P\u00f4le IT &amp; Data protection, rejoint le Conseil d\u2019Administration de Cyberlex, l\u2019Association du Droit et des Nouvelles Technologies.<\/p>\n","protected":false},"author":4,"featured_media":2878,"comment_status":"closed","ping_status":"open","sticky":false,"template":"","format":"standard","meta":{"footnotes":""},"categories":[150,147,73],"tags":[],"coauthors":[94],"yoast_head":"<!-- This site is optimized with the Yoast SEO plugin v21.3 - https:\/\/yoast.com\/wordpress\/plugins\/seo\/ -->\n<title>Laure Landes-Gronowski au Conseil d\u2019Administration de Cyberlex - AGIL&#039;IT<\/title>\n<meta name=\"description\" content=\"Laure Landes-Gronowski, associ\u00e9e IT &amp; Data Privacy, rejoint le Conseil d\u2019Administration de Cyberlex, l\u2019Association du Droit et des Nouvelles Technologies.\" \/>\n<meta name=\"robots\" content=\"index, follow, max-snippet:-1, max-image-preview:large, max-video-preview:-1\" \/>\n<link rel=\"canonical\" href=\"https:\/\/www.agilit.law\/en\/droit-technologie-et-informations-donnees-personnelles\/laure-landes-gronowski-conseil-administration-cyberlex\/\" \/>\n<meta property=\"og:locale\" content=\"en_US\" \/>\n<meta property=\"og:type\" content=\"article\" \/>\n<meta property=\"og:title\" content=\"Laure Landes-Gronowski au Conseil d\u2019Administration de Cyberlex - AGIL&#039;IT\" \/>\n<meta property=\"og:description\" content=\"Laure Landes-Gronowski, associ\u00e9e IT &amp; Data Privacy, rejoint le Conseil d\u2019Administration de Cyberlex, l\u2019Association du Droit et des Nouvelles Technologies.\" \/>\n<meta property=\"og:url\" content=\"https:\/\/www.agilit.law\/en\/droit-technologie-et-informations-donnees-personnelles\/laure-landes-gronowski-conseil-administration-cyberlex\/\" \/>\n<meta property=\"og:site_name\" content=\"AGIL&#039;IT\" \/>\n<meta property=\"article:published_time\" content=\"2017-07-11T20:03:05+00:00\" \/>\n<meta property=\"article:modified_time\" content=\"2021-10-26T22:36:45+00:00\" \/>\n<meta property=\"og:image\" content=\"https:\/\/www.agilit.law\/wp-content\/uploads\/2017\/07\/Laure-Landes-Growski-rejoint-le-CA-de-Cyberlex.jpg\" \/>\n\t<meta property=\"og:image:width\" content=\"1139\" \/>\n\t<meta property=\"og:image:height\" content=\"425\" \/>\n\t<meta property=\"og:image:type\" content=\"image\/jpeg\" \/>\n<meta name=\"author\" content=\"Laure Landes-Gronowski\" \/>\n<meta name=\"twitter:card\" content=\"summary_large_image\" \/>\n<meta name=\"twitter:label1\" content=\"Written by\" \/>\n\t<meta name=\"twitter:data1\" content=\"Laure Landes-Gronowski\" \/>\n\t<meta name=\"twitter:label2\" content=\"Est. reading time\" \/>\n\t<meta name=\"twitter:data2\" content=\"2 minutes\" \/>\n<script type=\"application\/ld+json\" class=\"yoast-schema-graph\">{\"@context\":\"https:\/\/schema.org\",\"@graph\":[{\"@type\":\"WebPage\",\"@id\":\"https:\/\/www.agilit.law\/en\/droit-technologie-et-informations-donnees-personnelles\/laure-landes-gronowski-conseil-administration-cyberlex\/\",\"url\":\"https:\/\/www.agilit.law\/en\/droit-technologie-et-informations-donnees-personnelles\/laure-landes-gronowski-conseil-administration-cyberlex\/\",\"name\":\"Laure Landes-Gronowski au Conseil d\u2019Administration de Cyberlex - AGIL&#039;IT\",\"isPartOf\":{\"@id\":\"https:\/\/www.agilit.law\/#website\"},\"datePublished\":\"2017-07-11T20:03:05+00:00\",\"dateModified\":\"2021-10-26T22:36:45+00:00\",\"author\":{\"@id\":\"https:\/\/www.agilit.law\/#\/schema\/person\/906193fbe5e020fa826cf7bed5f0119b\"},\"description\":\"Laure Landes-Gronowski, associ\u00e9e IT & Data Privacy, rejoint le Conseil d\u2019Administration de Cyberlex, l\u2019Association du Droit et des Nouvelles Technologies.\",\"breadcrumb\":{\"@id\":\"https:\/\/www.agilit.law\/en\/droit-technologie-et-informations-donnees-personnelles\/laure-landes-gronowski-conseil-administration-cyberlex\/#breadcrumb\"},\"inLanguage\":\"en-US\",\"potentialAction\":[{\"@type\":\"ReadAction\",\"target\":[\"https:\/\/www.agilit.law\/en\/droit-technologie-et-informations-donnees-personnelles\/laure-landes-gronowski-conseil-administration-cyberlex\/\"]}]},{\"@type\":\"BreadcrumbList\",\"@id\":\"https:\/\/www.agilit.law\/en\/droit-technologie-et-informations-donnees-personnelles\/laure-landes-gronowski-conseil-administration-cyberlex\/#breadcrumb\",\"itemListElement\":[{\"@type\":\"ListItem\",\"position\":1,\"name\":\"Accueil\",\"item\":\"https:\/\/www.agilit.law\/en\/\"},{\"@type\":\"ListItem\",\"position\":2,\"name\":\"Laure Landes-Gronowski au Conseil d\u2019Administration de Cyberlex\"}]},{\"@type\":\"WebSite\",\"@id\":\"https:\/\/www.agilit.law\/#website\",\"url\":\"https:\/\/www.agilit.law\/\",\"name\":\"AGIL&#039;IT\",\"description\":\"Make things simple\",\"potentialAction\":[{\"@type\":\"SearchAction\",\"target\":{\"@type\":\"EntryPoint\",\"urlTemplate\":\"https:\/\/www.agilit.law\/?s={search_term_string}\"},\"query-input\":\"required name=search_term_string\"}],\"inLanguage\":\"en-US\"},{\"@type\":\"Person\",\"@id\":\"https:\/\/www.agilit.law\/#\/schema\/person\/906193fbe5e020fa826cf7bed5f0119b\",\"name\":\"Laure Landes-Gronowski\",\"image\":{\"@type\":\"ImageObject\",\"inLanguage\":\"en-US\",\"@id\":\"https:\/\/www.agilit.law\/#\/schema\/person\/image\/28fdc5034409b7339d9cfb1c7e67a42c\",\"url\":\"https:\/\/secure.gravatar.com\/avatar\/13eb25dedfd6848dcbcfda1a74be2ff1?s=96&d=mm&r=g\",\"contentUrl\":\"https:\/\/secure.gravatar.com\/avatar\/13eb25dedfd6848dcbcfda1a74be2ff1?s=96&d=mm&r=g\",\"caption\":\"Laure Landes-Gronowski\"},\"url\":\"https:\/\/www.agilit.law\/en\/author\/laure\/\"}]}<\/script>\n<!-- \/ Yoast SEO plugin. -->","yoast_head_json":{"title":"Laure Landes-Gronowski au Conseil d\u2019Administration de Cyberlex - AGIL&#039;IT","description":"Laure Landes-Gronowski, associ\u00e9e IT & Data Privacy, rejoint le Conseil d\u2019Administration de Cyberlex, l\u2019Association du Droit et des Nouvelles Technologies.","robots":{"index":"index","follow":"follow","max-snippet":"max-snippet:-1","max-image-preview":"max-image-preview:large","max-video-preview":"max-video-preview:-1"},"canonical":"https:\/\/www.agilit.law\/en\/droit-technologie-et-informations-donnees-personnelles\/laure-landes-gronowski-conseil-administration-cyberlex\/","og_locale":"en_US","og_type":"article","og_title":"Laure Landes-Gronowski au Conseil d\u2019Administration de Cyberlex - AGIL&#039;IT","og_description":"Laure Landes-Gronowski, associ\u00e9e IT & Data Privacy, rejoint le Conseil d\u2019Administration de Cyberlex, l\u2019Association du Droit et des Nouvelles Technologies.","og_url":"https:\/\/www.agilit.law\/en\/droit-technologie-et-informations-donnees-personnelles\/laure-landes-gronowski-conseil-administration-cyberlex\/","og_site_name":"AGIL&#039;IT","article_published_time":"2017-07-11T20:03:05+00:00","article_modified_time":"2021-10-26T22:36:45+00:00","og_image":[{"width":1139,"height":425,"url":"https:\/\/www.agilit.law\/wp-content\/uploads\/2017\/07\/Laure-Landes-Growski-rejoint-le-CA-de-Cyberlex.jpg","type":"image\/jpeg"}],"author":"Laure Landes-Gronowski","twitter_card":"summary_large_image","twitter_misc":{"Written by":"Laure Landes-Gronowski","Est. reading time":"2 minutes"},"schema":{"@context":"https:\/\/schema.org","@graph":[{"@type":"WebPage","@id":"https:\/\/www.agilit.law\/en\/droit-technologie-et-informations-donnees-personnelles\/laure-landes-gronowski-conseil-administration-cyberlex\/","url":"https:\/\/www.agilit.law\/en\/droit-technologie-et-informations-donnees-personnelles\/laure-landes-gronowski-conseil-administration-cyberlex\/","name":"Laure Landes-Gronowski au Conseil d\u2019Administration de Cyberlex - AGIL&#039;IT","isPartOf":{"@id":"https:\/\/www.agilit.law\/#website"},"datePublished":"2017-07-11T20:03:05+00:00","dateModified":"2021-10-26T22:36:45+00:00","author":{"@id":"https:\/\/www.agilit.law\/#\/schema\/person\/906193fbe5e020fa826cf7bed5f0119b"},"description":"Laure Landes-Gronowski, associ\u00e9e IT & Data Privacy, rejoint le Conseil d\u2019Administration de Cyberlex, l\u2019Association du Droit et des Nouvelles Technologies.","breadcrumb":{"@id":"https:\/\/www.agilit.law\/en\/droit-technologie-et-informations-donnees-personnelles\/laure-landes-gronowski-conseil-administration-cyberlex\/#breadcrumb"},"inLanguage":"en-US","potentialAction":[{"@type":"ReadAction","target":["https:\/\/www.agilit.law\/en\/droit-technologie-et-informations-donnees-personnelles\/laure-landes-gronowski-conseil-administration-cyberlex\/"]}]},{"@type":"BreadcrumbList","@id":"https:\/\/www.agilit.law\/en\/droit-technologie-et-informations-donnees-personnelles\/laure-landes-gronowski-conseil-administration-cyberlex\/#breadcrumb","itemListElement":[{"@type":"ListItem","position":1,"name":"Accueil","item":"https:\/\/www.agilit.law\/en\/"},{"@type":"ListItem","position":2,"name":"Laure Landes-Gronowski au Conseil d\u2019Administration de Cyberlex"}]},{"@type":"WebSite","@id":"https:\/\/www.agilit.law\/#website","url":"https:\/\/www.agilit.law\/","name":"AGIL&#039;IT","description":"Make things simple","potentialAction":[{"@type":"SearchAction","target":{"@type":"EntryPoint","urlTemplate":"https:\/\/www.agilit.law\/?s={search_term_string}"},"query-input":"required name=search_term_string"}],"inLanguage":"en-US"},{"@type":"Person","@id":"https:\/\/www.agilit.law\/#\/schema\/person\/906193fbe5e020fa826cf7bed5f0119b","name":"Laure Landes-Gronowski","image":{"@type":"ImageObject","inLanguage":"en-US","@id":"https:\/\/www.agilit.law\/#\/schema\/person\/image\/28fdc5034409b7339d9cfb1c7e67a42c","url":"https:\/\/secure.gravatar.com\/avatar\/13eb25dedfd6848dcbcfda1a74be2ff1?s=96&d=mm&r=g","contentUrl":"https:\/\/secure.gravatar.com\/avatar\/13eb25dedfd6848dcbcfda1a74be2ff1?s=96&d=mm&r=g","caption":"Laure Landes-Gronowski"},"url":"https:\/\/www.agilit.law\/en\/author\/laure\/"}]}},"_links":{"self":[{"href":"https:\/\/www.agilit.law\/en\/wp-json\/wp\/v2\/posts\/2874"}],"collection":[{"href":"https:\/\/www.agilit.law\/en\/wp-json\/wp\/v2\/posts"}],"about":[{"href":"https:\/\/www.agilit.law\/en\/wp-json\/wp\/v2\/types\/post"}],"author":[{"embeddable":true,"href":"https:\/\/www.agilit.law\/en\/wp-json\/wp\/v2\/users\/4"}],"replies":[{"embeddable":true,"href":"https:\/\/www.agilit.law\/en\/wp-json\/wp\/v2\/comments?post=2874"}],"version-history":[{"count":8,"href":"https:\/\/www.agilit.law\/en\/wp-json\/wp\/v2\/posts\/2874\/revisions"}],"predecessor-version":[{"id":4268,"href":"https:\/\/www.agilit.law\/en\/wp-json\/wp\/v2\/posts\/2874\/revisions\/4268"}],"wp:featuredmedia":[{"embeddable":true,"href":"https:\/\/www.agilit.law\/en\/wp-json\/wp\/v2\/media\/2878"}],"wp:attachment":[{"href":"https:\/\/www.agilit.law\/en\/wp-json\/wp\/v2\/media?parent=2874"}],"wp:term":[{"taxonomy":"category","embeddable":true,"href":"https:\/\/www.agilit.law\/en\/wp-json\/wp\/v2\/categories?post=2874"},{"taxonomy":"post_tag","embeddable":true,"href":"https:\/\/www.agilit.law\/en\/wp-json\/wp\/v2\/tags?post=2874"},{"taxonomy":"author","embeddable":true,"href":"https:\/\/www.agilit.law\/en\/wp-json\/wp\/v2\/coauthors?post=2874"}],"curies":[{"name":"wp","href":"https:\/\/api.w.org\/{rel}","templated":true}]}}