{"id":2722,"date":"2017-07-24T14:20:13","date_gmt":"2017-07-24T12:20:13","guid":{"rendered":"http:\/\/www.agilit.law\/?p=2722"},"modified":"2018-08-13T12:32:37","modified_gmt":"2018-08-13T10:32:37","slug":"mathieu-siraga-accompagne-fondateur-de-blue-group","status":"publish","type":"post","link":"https:\/\/www.agilit.law\/en\/droit-societes-fusions-acquisitions\/mathieu-siraga-accompagne-fondateur-de-blue-group\/","title":{"rendered":"Mathieu Siraga et son \u00e9quipe accompagnent le fondateur de Blue Group"},"content":{"rendered":"<p>Mathieu Siraga et son \u00e9quipe (<em>S\u00e9verine Koulmann et Anne Dechamps)<\/em> accompagnent le fondateur de <strong>Blue Group<\/strong> (<a href=\"http:\/\/www.r2i-services.com\/\" target=\"_blank\" rel=\"noopener noreferrer\">R2I Services<\/a>) dans le renforcement des fonds propres du groupe par le biais d\u2019une <strong>augmentation de capital<\/strong> voyant entrer au capital M CAPITAL et un family office.<\/p>\n<p><!--more--><\/p>\n<p>BLUE GROUP renforce sa capacit\u00e9 de build-up avec une augmentation de capital de 4 millions d\u2019euros aupr\u00e8s des fonds de M CAPITAL et d\u2019un family office.<\/p>\n<p><img decoding=\"async\" loading=\"lazy\" class=\"alignleft size-full wp-image-2840\" src=\"https:\/\/www.agilit.law\/wp-content\/uploads\/2017\/07\/Pierre-Jean-Fournel.jpg\" alt=\"\" width=\"154\" height=\"151\" srcset=\"https:\/\/www.agilit.law\/wp-content\/uploads\/2017\/07\/Pierre-Jean-Fournel.jpg 154w, https:\/\/www.agilit.law\/wp-content\/uploads\/2017\/07\/Pierre-Jean-Fournel-32x32.jpg 32w, https:\/\/www.agilit.law\/wp-content\/uploads\/2017\/07\/Pierre-Jean-Fournel-50x50.jpg 50w, https:\/\/www.agilit.law\/wp-content\/uploads\/2017\/07\/Pierre-Jean-Fournel-64x64.jpg 64w\" sizes=\"(max-width: 154px) 100vw, 154px\" \/>Apr\u00e8s un programme de croissance externe tr\u00e8s actif permettant la cr\u00e9ation d\u2019un groupe d\u2019une quinzaine de soci\u00e9t\u00e9s en moins de quatre ans, et uniquement par endettement bancaire, <strong>Pierre-Jean Fournel<\/strong>, fondateur du groupe, a ainsi souhait\u00e9 renforcer les fonds propres de son groupe dont il conserve le contr\u00f4le.<\/p>\n<p>Le groupe, en constante croissance, a vu son chiffre d\u2019affaires s\u2019\u00e9tablir \u00e0 8,7 millions d\u2019euros en 2016 mais vise une nette augmentation pour 2017.<\/p>\n<p>Le groupe esp\u00e8re en effet atteindre un chiffre d\u2019affaires de pr\u00e8s de 25 millions d\u2019euros en 2017, apr\u00e8s l\u2019acquisition en cours d\u2019une agence de communication am\u00e9ricaine et d\u2019une agence de mannequinat de mode, diversifiant encore plus les domaines d\u2019activit\u00e9 du groupe d\u00e9j\u00e0 pr\u00e9sent dans la sous-traitance administrative, la formation linguistique, le cabinet de conseil informatique ou encore l\u2019agence web.<\/p>\n<p><a href=\"https:\/\/fr.linkedin.com\/pulse\/un-premier-fonds-au-service-de-blue-group-pierre-jean-esmieu-fournel\" target=\"_blank\" rel=\"noopener noreferrer\">Communiqu\u00e9 de Pierre-Jean Fourmel <\/a>(Linkedin)<\/p>\n<p>\u2014<br \/>\nPar AGIL&#8217;IT \u2013\u00a0<a href=\"https:\/\/www.agilit.law\/expertises\/droit-des-societes-private-equity-ma\/\">Droit des soci\u00e9t\u00e9s &#8211; Private equity &#8211; M&amp;A<\/a><a href=\"https:\/\/www.agilit.law\/cabinet\/equipe\/mathieu-siraga\/\">Mathieu Siraga<\/a>, avocat associ\u00e9<br \/>\n<a href=\"https:\/\/www.agilit.law\/cabinet\/equipe\/severine-koulmann-gouronc\/\">S\u00e9verine Koulmann<\/a>, avocate associ\u00e9e<br \/>\n<a href=\"https:\/\/www.agilit.law\/cabinet\/equipe\/anne-dechamps\/\">Anne Dechamps<\/a>, avocat collaborateur<\/p>\n","protected":false},"excerpt":{"rendered":"<p>Mathieu Siraga et son \u00e9quipe (S\u00e9verine Koulmann et Anne Dechamps) accompagnent le fondateur de Blue Group (R2I Services) dans le renforcement des fonds propres du groupe par le biais d\u2019une augmentation de capital voyant entrer au capital M CAPITAL et un family office.<\/p>\n","protected":false},"author":9,"featured_media":4315,"comment_status":"closed","ping_status":"open","sticky":false,"template":"","format":"standard","meta":{"footnotes":""},"categories":[74],"tags":[],"coauthors":[100,102,101],"yoast_head":"<!-- This site is optimized with the Yoast SEO plugin v21.3 - https:\/\/yoast.com\/wordpress\/plugins\/seo\/ -->\n<title>Mathieu Siraga et son \u00e9quipe accompagnent le fondateur de Blue Group - AGIL&#039;IT<\/title>\n<meta name=\"robots\" content=\"index, follow, max-snippet:-1, max-image-preview:large, max-video-preview:-1\" \/>\n<link rel=\"canonical\" href=\"https:\/\/www.agilit.law\/en\/droit-societes-fusions-acquisitions\/mathieu-siraga-accompagne-fondateur-de-blue-group\/\" \/>\n<meta property=\"og:locale\" content=\"en_US\" \/>\n<meta property=\"og:type\" content=\"article\" \/>\n<meta property=\"og:title\" content=\"Mathieu Siraga et son \u00e9quipe accompagnent le fondateur de Blue Group - AGIL&#039;IT\" \/>\n<meta property=\"og:description\" content=\"Mathieu Siraga et son \u00e9quipe (S\u00e9verine Koulmann et Anne Dechamps) accompagnent le fondateur de Blue Group (R2I Services) dans le renforcement des fonds propres du groupe par le biais d\u2019une augmentation de capital voyant entrer au capital M CAPITAL et un family office.\" \/>\n<meta property=\"og:url\" content=\"https:\/\/www.agilit.law\/en\/droit-societes-fusions-acquisitions\/mathieu-siraga-accompagne-fondateur-de-blue-group\/\" \/>\n<meta property=\"og:site_name\" content=\"AGIL&#039;IT\" \/>\n<meta property=\"article:published_time\" content=\"2017-07-24T12:20:13+00:00\" \/>\n<meta property=\"article:modified_time\" content=\"2018-08-13T10:32:37+00:00\" \/>\n<meta property=\"og:image\" content=\"https:\/\/www.agilit.law\/wp-content\/uploads\/2017\/07\/Accompagnement-levee-fonds.jpg\" \/>\n\t<meta property=\"og:image:width\" content=\"1492\" \/>\n\t<meta property=\"og:image:height\" content=\"1046\" \/>\n\t<meta property=\"og:image:type\" content=\"image\/jpeg\" \/>\n<meta name=\"author\" content=\"Mathieu SIRAGA, S\u00e9verine KOULMANN-GOURONC\" \/>\n<meta name=\"twitter:card\" content=\"summary_large_image\" \/>\n<meta name=\"twitter:label1\" content=\"Written by\" \/>\n\t<meta name=\"twitter:data1\" content=\"Mathieu SIRAGA, S\u00e9verine KOULMANN-GOURONC\" \/>\n\t<meta name=\"twitter:label2\" content=\"Est. reading time\" \/>\n\t<meta name=\"twitter:data2\" content=\"1 minute\" \/>\n<script type=\"application\/ld+json\" class=\"yoast-schema-graph\">{\"@context\":\"https:\/\/schema.org\",\"@graph\":[{\"@type\":\"WebPage\",\"@id\":\"https:\/\/www.agilit.law\/en\/droit-societes-fusions-acquisitions\/mathieu-siraga-accompagne-fondateur-de-blue-group\/\",\"url\":\"https:\/\/www.agilit.law\/en\/droit-societes-fusions-acquisitions\/mathieu-siraga-accompagne-fondateur-de-blue-group\/\",\"name\":\"Mathieu Siraga et son \u00e9quipe accompagnent le fondateur de Blue Group - AGIL&#039;IT\",\"isPartOf\":{\"@id\":\"https:\/\/www.agilit.law\/#website\"},\"datePublished\":\"2017-07-24T12:20:13+00:00\",\"dateModified\":\"2018-08-13T10:32:37+00:00\",\"author\":{\"@id\":\"https:\/\/www.agilit.law\/#\/schema\/person\/9a5a94e77eb1b4aad4a91400d36d5746\"},\"breadcrumb\":{\"@id\":\"https:\/\/www.agilit.law\/en\/droit-societes-fusions-acquisitions\/mathieu-siraga-accompagne-fondateur-de-blue-group\/#breadcrumb\"},\"inLanguage\":\"en-US\",\"potentialAction\":[{\"@type\":\"ReadAction\",\"target\":[\"https:\/\/www.agilit.law\/en\/droit-societes-fusions-acquisitions\/mathieu-siraga-accompagne-fondateur-de-blue-group\/\"]}]},{\"@type\":\"BreadcrumbList\",\"@id\":\"https:\/\/www.agilit.law\/en\/droit-societes-fusions-acquisitions\/mathieu-siraga-accompagne-fondateur-de-blue-group\/#breadcrumb\",\"itemListElement\":[{\"@type\":\"ListItem\",\"position\":1,\"name\":\"Accueil\",\"item\":\"https:\/\/www.agilit.law\/en\/\"},{\"@type\":\"ListItem\",\"position\":2,\"name\":\"Mathieu Siraga et son \u00e9quipe accompagnent le fondateur de Blue Group\"}]},{\"@type\":\"WebSite\",\"@id\":\"https:\/\/www.agilit.law\/#website\",\"url\":\"https:\/\/www.agilit.law\/\",\"name\":\"AGIL&#039;IT\",\"description\":\"Make things simple\",\"potentialAction\":[{\"@type\":\"SearchAction\",\"target\":{\"@type\":\"EntryPoint\",\"urlTemplate\":\"https:\/\/www.agilit.law\/?s={search_term_string}\"},\"query-input\":\"required name=search_term_string\"}],\"inLanguage\":\"en-US\"},{\"@type\":\"Person\",\"@id\":\"https:\/\/www.agilit.law\/#\/schema\/person\/9a5a94e77eb1b4aad4a91400d36d5746\",\"name\":\"Mathieu SIRAGA\",\"image\":{\"@type\":\"ImageObject\",\"inLanguage\":\"en-US\",\"@id\":\"https:\/\/www.agilit.law\/#\/schema\/person\/image\/1e4f11fbfd13f1504c1ca2c0d6584875\",\"url\":\"https:\/\/secure.gravatar.com\/avatar\/257387d505ca582f6a800cb99696ac8a?s=96&d=mm&r=g\",\"contentUrl\":\"https:\/\/secure.gravatar.com\/avatar\/257387d505ca582f6a800cb99696ac8a?s=96&d=mm&r=g\",\"caption\":\"Mathieu SIRAGA\"},\"url\":\"https:\/\/www.agilit.law\/en\/author\/mathieu\/\"}]}<\/script>\n<!-- \/ Yoast SEO plugin. -->","yoast_head_json":{"title":"Mathieu Siraga et son \u00e9quipe accompagnent le fondateur de Blue Group - AGIL&#039;IT","robots":{"index":"index","follow":"follow","max-snippet":"max-snippet:-1","max-image-preview":"max-image-preview:large","max-video-preview":"max-video-preview:-1"},"canonical":"https:\/\/www.agilit.law\/en\/droit-societes-fusions-acquisitions\/mathieu-siraga-accompagne-fondateur-de-blue-group\/","og_locale":"en_US","og_type":"article","og_title":"Mathieu Siraga et son \u00e9quipe accompagnent le fondateur de Blue Group - AGIL&#039;IT","og_description":"Mathieu Siraga et son \u00e9quipe (S\u00e9verine Koulmann et Anne Dechamps) accompagnent le fondateur de Blue Group (R2I Services) dans le renforcement des fonds propres du groupe par le biais d\u2019une augmentation de capital voyant entrer au capital M CAPITAL et un family office.","og_url":"https:\/\/www.agilit.law\/en\/droit-societes-fusions-acquisitions\/mathieu-siraga-accompagne-fondateur-de-blue-group\/","og_site_name":"AGIL&#039;IT","article_published_time":"2017-07-24T12:20:13+00:00","article_modified_time":"2018-08-13T10:32:37+00:00","og_image":[{"width":1492,"height":1046,"url":"https:\/\/www.agilit.law\/wp-content\/uploads\/2017\/07\/Accompagnement-levee-fonds.jpg","type":"image\/jpeg"}],"author":"Mathieu SIRAGA, S\u00e9verine KOULMANN-GOURONC","twitter_card":"summary_large_image","twitter_misc":{"Written by":"Mathieu SIRAGA, S\u00e9verine KOULMANN-GOURONC","Est. reading time":"1 minute"},"schema":{"@context":"https:\/\/schema.org","@graph":[{"@type":"WebPage","@id":"https:\/\/www.agilit.law\/en\/droit-societes-fusions-acquisitions\/mathieu-siraga-accompagne-fondateur-de-blue-group\/","url":"https:\/\/www.agilit.law\/en\/droit-societes-fusions-acquisitions\/mathieu-siraga-accompagne-fondateur-de-blue-group\/","name":"Mathieu Siraga et son \u00e9quipe accompagnent le fondateur de Blue Group - AGIL&#039;IT","isPartOf":{"@id":"https:\/\/www.agilit.law\/#website"},"datePublished":"2017-07-24T12:20:13+00:00","dateModified":"2018-08-13T10:32:37+00:00","author":{"@id":"https:\/\/www.agilit.law\/#\/schema\/person\/9a5a94e77eb1b4aad4a91400d36d5746"},"breadcrumb":{"@id":"https:\/\/www.agilit.law\/en\/droit-societes-fusions-acquisitions\/mathieu-siraga-accompagne-fondateur-de-blue-group\/#breadcrumb"},"inLanguage":"en-US","potentialAction":[{"@type":"ReadAction","target":["https:\/\/www.agilit.law\/en\/droit-societes-fusions-acquisitions\/mathieu-siraga-accompagne-fondateur-de-blue-group\/"]}]},{"@type":"BreadcrumbList","@id":"https:\/\/www.agilit.law\/en\/droit-societes-fusions-acquisitions\/mathieu-siraga-accompagne-fondateur-de-blue-group\/#breadcrumb","itemListElement":[{"@type":"ListItem","position":1,"name":"Accueil","item":"https:\/\/www.agilit.law\/en\/"},{"@type":"ListItem","position":2,"name":"Mathieu Siraga et son \u00e9quipe accompagnent le fondateur de Blue Group"}]},{"@type":"WebSite","@id":"https:\/\/www.agilit.law\/#website","url":"https:\/\/www.agilit.law\/","name":"AGIL&#039;IT","description":"Make things simple","potentialAction":[{"@type":"SearchAction","target":{"@type":"EntryPoint","urlTemplate":"https:\/\/www.agilit.law\/?s={search_term_string}"},"query-input":"required name=search_term_string"}],"inLanguage":"en-US"},{"@type":"Person","@id":"https:\/\/www.agilit.law\/#\/schema\/person\/9a5a94e77eb1b4aad4a91400d36d5746","name":"Mathieu SIRAGA","image":{"@type":"ImageObject","inLanguage":"en-US","@id":"https:\/\/www.agilit.law\/#\/schema\/person\/image\/1e4f11fbfd13f1504c1ca2c0d6584875","url":"https:\/\/secure.gravatar.com\/avatar\/257387d505ca582f6a800cb99696ac8a?s=96&d=mm&r=g","contentUrl":"https:\/\/secure.gravatar.com\/avatar\/257387d505ca582f6a800cb99696ac8a?s=96&d=mm&r=g","caption":"Mathieu SIRAGA"},"url":"https:\/\/www.agilit.law\/en\/author\/mathieu\/"}]}},"_links":{"self":[{"href":"https:\/\/www.agilit.law\/en\/wp-json\/wp\/v2\/posts\/2722"}],"collection":[{"href":"https:\/\/www.agilit.law\/en\/wp-json\/wp\/v2\/posts"}],"about":[{"href":"https:\/\/www.agilit.law\/en\/wp-json\/wp\/v2\/types\/post"}],"author":[{"embeddable":true,"href":"https:\/\/www.agilit.law\/en\/wp-json\/wp\/v2\/users\/9"}],"replies":[{"embeddable":true,"href":"https:\/\/www.agilit.law\/en\/wp-json\/wp\/v2\/comments?post=2722"}],"version-history":[{"count":9,"href":"https:\/\/www.agilit.law\/en\/wp-json\/wp\/v2\/posts\/2722\/revisions"}],"predecessor-version":[{"id":4317,"href":"https:\/\/www.agilit.law\/en\/wp-json\/wp\/v2\/posts\/2722\/revisions\/4317"}],"wp:featuredmedia":[{"embeddable":true,"href":"https:\/\/www.agilit.law\/en\/wp-json\/wp\/v2\/media\/4315"}],"wp:attachment":[{"href":"https:\/\/www.agilit.law\/en\/wp-json\/wp\/v2\/media?parent=2722"}],"wp:term":[{"taxonomy":"category","embeddable":true,"href":"https:\/\/www.agilit.law\/en\/wp-json\/wp\/v2\/categories?post=2722"},{"taxonomy":"post_tag","embeddable":true,"href":"https:\/\/www.agilit.law\/en\/wp-json\/wp\/v2\/tags?post=2722"},{"taxonomy":"author","embeddable":true,"href":"https:\/\/www.agilit.law\/en\/wp-json\/wp\/v2\/coauthors?post=2722"}],"curies":[{"name":"wp","href":"https:\/\/api.w.org\/{rel}","templated":true}]}}