{"id":2333,"date":"2017-05-22T17:25:01","date_gmt":"2017-05-22T15:25:01","guid":{"rendered":"http:\/\/www.agilit.law\/?p=2333"},"modified":"2018-08-12T21:26:08","modified_gmt":"2018-08-12T19:26:08","slug":"mathieu-siraga-accompagne-les-fondateurs-du-groupe-eif","status":"publish","type":"post","link":"https:\/\/www.agilit.law\/en\/droit-societes-fusions-acquisitions\/mathieu-siraga-accompagne-les-fondateurs-du-groupe-eif\/","title":{"rendered":"Mathieu Siraga et son \u00e9quipe accompagnent les fondateurs du Groupe EIF"},"content":{"rendered":"<p>Mathieu Siraga et son \u00e9quipe\u00a0<em>(S\u00e9verine KOULMANN et Anne DECHAMPS)<\/em> accompagne les fondateurs du <em><strong>Groupe EIF<\/strong><\/em> dans le cadre du <strong>LMBO<\/strong> (*) voyant l\u2019entr\u00e9e au capital du fonds d\u2019investissement FPCI PMC II de <em><strong>Paluel-Marmont Capital<\/strong><\/em>\u00a0et des principaux managers.<\/p>\n<p>Le groupe EIF, sp\u00e9cialis\u00e9 dans le conseil en optimisation de co\u00fbts pour les entreprises, notamment sur les taxes locales et le financement de l\u2019innovation, se restructure par un LMBO (Leverage Manager Buy-Out) en faisant entrer au capital le fonds d\u2019investissement PMC et trois managers-cl\u00e9s.<\/p>\n<p>Onze ans apr\u00e8s sa reprise par Sandrine Julien et Aymeric Poujol, ses deux co-dirigeants actuels, EIF s\u2019est fortement d\u00e9velopp\u00e9, en devenant leader en France sur le march\u00e9 de la r\u00e9duction des taxes locales, et vise cette ann\u00e9e un chiffre d\u2019affaires de 8 millions d\u2019euros.<\/p>\n<p>Cette op\u00e9ration a pour but de poursuivre le d\u00e9ploiement d\u2019EIF dans de nouveaux secteurs tels que l\u2019optimisation du financement de l\u2019innovation, comme l\u2019atteste la cr\u00e9ation d\u2019EIF Innovation il y a quelques ann\u00e9es. Elle permet \u00e9galement d\u2019envisager un d\u00e9ploiement \u00e0 l\u2019international en commen\u00e7ant par l\u2019Europe.<\/p>\n<p>Le financement de cette op\u00e9ration a \u00e9t\u00e9 r\u00e9alis\u00e9 gr\u00e2ce \u00e0 l\u2019entr\u00e9e au capital du fonds d\u2019investissement FPCI PMC II et des trois managers-cl\u00e9s, que sont Christophe Th\u00e9venot, S\u00e9bastien Pichon et Benjamin Rachet, et par une dette senior lev\u00e9e aupr\u00e8s de la Caisse d\u2019Epargne, du Cr\u00e9dit Agricole et de la Soci\u00e9t\u00e9 G\u00e9n\u00e9rale.<\/p>\n<p>&#8212;<\/p>\n<p><strong>Communiqu\u00e9s en ligne :<\/strong><\/p>\n<p>CF News :<a href=\"https:\/\/www.agilit.law\/wp-content\/uploads\/2017\/08\/Communique-EIF-22052017.pdf\" target=\"_blank\" rel=\"noopener noreferrer\"> &#8220;EIF optimise son actionnariat&#8221;<br \/>\n<\/a>Linkedin Mathieu Lemesle : <a href=\"https:\/\/fr.linkedin.com\/pulse\/financi%C3%A8re-monceau-organise-la-recomposition-de-du-groupe-lemesle\">Financi\u00e8re Monceau organise la recomposition de l&#8217;actionnariat du groupe EIF<\/a><\/p>\n<p>&#8212;<br \/>\nMathieu SIRAGA, avocat associ\u00e9<br \/>\nS\u00e9verine KOULMANN, avocate associ\u00e9e<br \/>\net Anne DECHAMPS, avocat collaborateur<\/p>\n<p>&#8212;<br \/>\n<em>* Le LMBO (Leveraged Management Buy-Out) est une forme de rachat d&#8217;entreprise par des investisseurs, par ses cadres dirigeants et le cas \u00e9ch\u00e9ant par ses salari\u00e9s. Le LMBO permet de prendre le contr\u00f4le d&#8217;une soci\u00e9t\u00e9 avec un apport personnel minimum car l&#8217;acquisition est largement financ\u00e9e par un emprunt bancaire dont le co\u00fbt doit \u00eatre inf\u00e9rieur au taux de rentabilit\u00e9 attendu de la soci\u00e9t\u00e9 cible.<\/em><\/p>\n","protected":false},"excerpt":{"rendered":"<p>Mathieu Siraga et son \u00e9quipe\u00a0(S\u00e9verine KOULMANN et Anne DECHAMPS) accompagne les fondateurs du Groupe EIF dans le cadre du LMBO (*) voyant l\u2019entr\u00e9e au capital du fonds d\u2019investissement FPCI PMC II de Paluel-Marmont Capital\u00a0et des principaux managers. Le groupe EIF, sp\u00e9cialis\u00e9 dans le conseil en optimisation de co\u00fbts pour les entreprises, notamment sur les taxes&hellip;<\/p>\n","protected":false},"author":9,"featured_media":2693,"comment_status":"closed","ping_status":"open","sticky":false,"template":"","format":"standard","meta":{"footnotes":""},"categories":[74],"tags":[],"coauthors":[100,101,102],"yoast_head":"<!-- This site is optimized with the Yoast SEO plugin v21.3 - https:\/\/yoast.com\/wordpress\/plugins\/seo\/ -->\n<title>Mathieu Siraga et son \u00e9quipe accompagnent les fondateurs du Groupe EIF - AGIL&#039;IT<\/title>\n<meta name=\"description\" content=\"Mathieu Siraga accompagne les fondateurs du Groupe EIF pour le LMBO voyant l\u2019entr\u00e9e des principaux managers du groupe et du fonds FPCI PMC II.\" \/>\n<meta name=\"robots\" content=\"index, follow, max-snippet:-1, max-image-preview:large, max-video-preview:-1\" \/>\n<link rel=\"canonical\" href=\"https:\/\/www.agilit.law\/droit-societes-fusions-acquisitions\/mathieu-siraga-accompagne-les-fondateurs-du-groupe-eif\/\" \/>\n<meta property=\"og:locale\" content=\"en_US\" \/>\n<meta property=\"og:type\" content=\"article\" \/>\n<meta property=\"og:title\" content=\"Mathieu Siraga et son \u00e9quipe accompagnent les fondateurs du Groupe EIF - AGIL&#039;IT\" \/>\n<meta property=\"og:description\" content=\"Mathieu Siraga accompagne les fondateurs du Groupe EIF pour le LMBO voyant l\u2019entr\u00e9e des principaux managers du groupe et du fonds FPCI PMC II.\" \/>\n<meta property=\"og:url\" content=\"https:\/\/www.agilit.law\/droit-societes-fusions-acquisitions\/mathieu-siraga-accompagne-les-fondateurs-du-groupe-eif\/\" \/>\n<meta property=\"og:site_name\" content=\"AGIL&#039;IT\" \/>\n<meta property=\"article:published_time\" content=\"2017-05-22T15:25:01+00:00\" \/>\n<meta property=\"article:modified_time\" content=\"2018-08-12T19:26:08+00:00\" \/>\n<meta property=\"og:image\" content=\"https:\/\/www.agilit.law\/wp-content\/uploads\/2017\/05\/Actionnaires-Shareholders-e1505080398639.jpg\" \/>\n\t<meta property=\"og:image:width\" content=\"1500\" \/>\n\t<meta property=\"og:image:height\" content=\"996\" \/>\n\t<meta property=\"og:image:type\" content=\"image\/jpeg\" \/>\n<meta name=\"author\" content=\"Mathieu SIRAGA, S\u00e9verine KOULMANN-GOURONC\" \/>\n<meta name=\"twitter:card\" content=\"summary_large_image\" \/>\n<meta name=\"twitter:label1\" content=\"Written by\" \/>\n\t<meta name=\"twitter:data1\" content=\"Mathieu SIRAGA, S\u00e9verine KOULMANN-GOURONC\" \/>\n\t<meta name=\"twitter:label2\" content=\"Est. reading time\" \/>\n\t<meta name=\"twitter:data2\" content=\"2 minutes\" \/>\n<script type=\"application\/ld+json\" class=\"yoast-schema-graph\">{\"@context\":\"https:\/\/schema.org\",\"@graph\":[{\"@type\":\"WebPage\",\"@id\":\"https:\/\/www.agilit.law\/droit-societes-fusions-acquisitions\/mathieu-siraga-accompagne-les-fondateurs-du-groupe-eif\/\",\"url\":\"https:\/\/www.agilit.law\/droit-societes-fusions-acquisitions\/mathieu-siraga-accompagne-les-fondateurs-du-groupe-eif\/\",\"name\":\"Mathieu Siraga et son \u00e9quipe accompagnent les fondateurs du Groupe EIF - AGIL&#039;IT\",\"isPartOf\":{\"@id\":\"https:\/\/www.agilit.law\/#website\"},\"datePublished\":\"2017-05-22T15:25:01+00:00\",\"dateModified\":\"2018-08-12T19:26:08+00:00\",\"author\":{\"@id\":\"https:\/\/www.agilit.law\/#\/schema\/person\/9a5a94e77eb1b4aad4a91400d36d5746\"},\"description\":\"Mathieu Siraga accompagne les fondateurs du Groupe EIF pour le LMBO voyant l\u2019entr\u00e9e des principaux managers du groupe et du fonds FPCI PMC II.\",\"breadcrumb\":{\"@id\":\"https:\/\/www.agilit.law\/droit-societes-fusions-acquisitions\/mathieu-siraga-accompagne-les-fondateurs-du-groupe-eif\/#breadcrumb\"},\"inLanguage\":\"en-US\",\"potentialAction\":[{\"@type\":\"ReadAction\",\"target\":[\"https:\/\/www.agilit.law\/droit-societes-fusions-acquisitions\/mathieu-siraga-accompagne-les-fondateurs-du-groupe-eif\/\"]}]},{\"@type\":\"BreadcrumbList\",\"@id\":\"https:\/\/www.agilit.law\/droit-societes-fusions-acquisitions\/mathieu-siraga-accompagne-les-fondateurs-du-groupe-eif\/#breadcrumb\",\"itemListElement\":[{\"@type\":\"ListItem\",\"position\":1,\"name\":\"Accueil\",\"item\":\"https:\/\/www.agilit.law\/en\/\"},{\"@type\":\"ListItem\",\"position\":2,\"name\":\"Mathieu Siraga et son \u00e9quipe accompagnent les fondateurs du Groupe EIF\"}]},{\"@type\":\"WebSite\",\"@id\":\"https:\/\/www.agilit.law\/#website\",\"url\":\"https:\/\/www.agilit.law\/\",\"name\":\"AGIL&#039;IT\",\"description\":\"Make things simple\",\"potentialAction\":[{\"@type\":\"SearchAction\",\"target\":{\"@type\":\"EntryPoint\",\"urlTemplate\":\"https:\/\/www.agilit.law\/?s={search_term_string}\"},\"query-input\":\"required name=search_term_string\"}],\"inLanguage\":\"en-US\"},{\"@type\":\"Person\",\"@id\":\"https:\/\/www.agilit.law\/#\/schema\/person\/9a5a94e77eb1b4aad4a91400d36d5746\",\"name\":\"Mathieu SIRAGA\",\"image\":{\"@type\":\"ImageObject\",\"inLanguage\":\"en-US\",\"@id\":\"https:\/\/www.agilit.law\/#\/schema\/person\/image\/1e4f11fbfd13f1504c1ca2c0d6584875\",\"url\":\"https:\/\/secure.gravatar.com\/avatar\/257387d505ca582f6a800cb99696ac8a?s=96&d=mm&r=g\",\"contentUrl\":\"https:\/\/secure.gravatar.com\/avatar\/257387d505ca582f6a800cb99696ac8a?s=96&d=mm&r=g\",\"caption\":\"Mathieu SIRAGA\"},\"url\":\"https:\/\/www.agilit.law\/en\/author\/mathieu\/\"}]}<\/script>\n<!-- \/ Yoast SEO plugin. -->","yoast_head_json":{"title":"Mathieu Siraga et son \u00e9quipe accompagnent les fondateurs du Groupe EIF - AGIL&#039;IT","description":"Mathieu Siraga accompagne les fondateurs du Groupe EIF pour le LMBO voyant l\u2019entr\u00e9e des principaux managers du groupe et du fonds FPCI PMC II.","robots":{"index":"index","follow":"follow","max-snippet":"max-snippet:-1","max-image-preview":"max-image-preview:large","max-video-preview":"max-video-preview:-1"},"canonical":"https:\/\/www.agilit.law\/droit-societes-fusions-acquisitions\/mathieu-siraga-accompagne-les-fondateurs-du-groupe-eif\/","og_locale":"en_US","og_type":"article","og_title":"Mathieu Siraga et son \u00e9quipe accompagnent les fondateurs du Groupe EIF - AGIL&#039;IT","og_description":"Mathieu Siraga accompagne les fondateurs du Groupe EIF pour le LMBO voyant l\u2019entr\u00e9e des principaux managers du groupe et du fonds FPCI PMC II.","og_url":"https:\/\/www.agilit.law\/droit-societes-fusions-acquisitions\/mathieu-siraga-accompagne-les-fondateurs-du-groupe-eif\/","og_site_name":"AGIL&#039;IT","article_published_time":"2017-05-22T15:25:01+00:00","article_modified_time":"2018-08-12T19:26:08+00:00","og_image":[{"width":1500,"height":996,"url":"https:\/\/www.agilit.law\/wp-content\/uploads\/2017\/05\/Actionnaires-Shareholders-e1505080398639.jpg","type":"image\/jpeg"}],"author":"Mathieu SIRAGA, S\u00e9verine KOULMANN-GOURONC","twitter_card":"summary_large_image","twitter_misc":{"Written by":"Mathieu SIRAGA, S\u00e9verine KOULMANN-GOURONC","Est. reading time":"2 minutes"},"schema":{"@context":"https:\/\/schema.org","@graph":[{"@type":"WebPage","@id":"https:\/\/www.agilit.law\/droit-societes-fusions-acquisitions\/mathieu-siraga-accompagne-les-fondateurs-du-groupe-eif\/","url":"https:\/\/www.agilit.law\/droit-societes-fusions-acquisitions\/mathieu-siraga-accompagne-les-fondateurs-du-groupe-eif\/","name":"Mathieu Siraga et son \u00e9quipe accompagnent les fondateurs du Groupe EIF - AGIL&#039;IT","isPartOf":{"@id":"https:\/\/www.agilit.law\/#website"},"datePublished":"2017-05-22T15:25:01+00:00","dateModified":"2018-08-12T19:26:08+00:00","author":{"@id":"https:\/\/www.agilit.law\/#\/schema\/person\/9a5a94e77eb1b4aad4a91400d36d5746"},"description":"Mathieu Siraga accompagne les fondateurs du Groupe EIF pour le LMBO voyant l\u2019entr\u00e9e des principaux managers du groupe et du fonds FPCI PMC II.","breadcrumb":{"@id":"https:\/\/www.agilit.law\/droit-societes-fusions-acquisitions\/mathieu-siraga-accompagne-les-fondateurs-du-groupe-eif\/#breadcrumb"},"inLanguage":"en-US","potentialAction":[{"@type":"ReadAction","target":["https:\/\/www.agilit.law\/droit-societes-fusions-acquisitions\/mathieu-siraga-accompagne-les-fondateurs-du-groupe-eif\/"]}]},{"@type":"BreadcrumbList","@id":"https:\/\/www.agilit.law\/droit-societes-fusions-acquisitions\/mathieu-siraga-accompagne-les-fondateurs-du-groupe-eif\/#breadcrumb","itemListElement":[{"@type":"ListItem","position":1,"name":"Accueil","item":"https:\/\/www.agilit.law\/en\/"},{"@type":"ListItem","position":2,"name":"Mathieu Siraga et son \u00e9quipe accompagnent les fondateurs du Groupe EIF"}]},{"@type":"WebSite","@id":"https:\/\/www.agilit.law\/#website","url":"https:\/\/www.agilit.law\/","name":"AGIL&#039;IT","description":"Make things simple","potentialAction":[{"@type":"SearchAction","target":{"@type":"EntryPoint","urlTemplate":"https:\/\/www.agilit.law\/?s={search_term_string}"},"query-input":"required name=search_term_string"}],"inLanguage":"en-US"},{"@type":"Person","@id":"https:\/\/www.agilit.law\/#\/schema\/person\/9a5a94e77eb1b4aad4a91400d36d5746","name":"Mathieu SIRAGA","image":{"@type":"ImageObject","inLanguage":"en-US","@id":"https:\/\/www.agilit.law\/#\/schema\/person\/image\/1e4f11fbfd13f1504c1ca2c0d6584875","url":"https:\/\/secure.gravatar.com\/avatar\/257387d505ca582f6a800cb99696ac8a?s=96&d=mm&r=g","contentUrl":"https:\/\/secure.gravatar.com\/avatar\/257387d505ca582f6a800cb99696ac8a?s=96&d=mm&r=g","caption":"Mathieu SIRAGA"},"url":"https:\/\/www.agilit.law\/en\/author\/mathieu\/"}]}},"_links":{"self":[{"href":"https:\/\/www.agilit.law\/en\/wp-json\/wp\/v2\/posts\/2333"}],"collection":[{"href":"https:\/\/www.agilit.law\/en\/wp-json\/wp\/v2\/posts"}],"about":[{"href":"https:\/\/www.agilit.law\/en\/wp-json\/wp\/v2\/types\/post"}],"author":[{"embeddable":true,"href":"https:\/\/www.agilit.law\/en\/wp-json\/wp\/v2\/users\/9"}],"replies":[{"embeddable":true,"href":"https:\/\/www.agilit.law\/en\/wp-json\/wp\/v2\/comments?post=2333"}],"version-history":[{"count":16,"href":"https:\/\/www.agilit.law\/en\/wp-json\/wp\/v2\/posts\/2333\/revisions"}],"predecessor-version":[{"id":4272,"href":"https:\/\/www.agilit.law\/en\/wp-json\/wp\/v2\/posts\/2333\/revisions\/4272"}],"wp:featuredmedia":[{"embeddable":true,"href":"https:\/\/www.agilit.law\/en\/wp-json\/wp\/v2\/media\/2693"}],"wp:attachment":[{"href":"https:\/\/www.agilit.law\/en\/wp-json\/wp\/v2\/media?parent=2333"}],"wp:term":[{"taxonomy":"category","embeddable":true,"href":"https:\/\/www.agilit.law\/en\/wp-json\/wp\/v2\/categories?post=2333"},{"taxonomy":"post_tag","embeddable":true,"href":"https:\/\/www.agilit.law\/en\/wp-json\/wp\/v2\/tags?post=2333"},{"taxonomy":"author","embeddable":true,"href":"https:\/\/www.agilit.law\/en\/wp-json\/wp\/v2\/coauthors?post=2333"}],"curies":[{"name":"wp","href":"https:\/\/api.w.org\/{rel}","templated":true}]}}