{"id":15253,"date":"2026-03-12T17:42:42","date_gmt":"2026-03-12T16:42:42","guid":{"rendered":"https:\/\/www.agilit.law\/?p=15253"},"modified":"2026-03-12T17:47:39","modified_gmt":"2026-03-12T16:47:39","slug":"le-pole-propriete-intellectuelle-se-renforce","status":"publish","type":"post","link":"https:\/\/www.agilit.law\/en\/propriete-intellectuelle\/le-pole-propriete-intellectuelle-se-renforce\/","title":{"rendered":"Le p\u00f4le Propri\u00e9t\u00e9 Intellectuelle se renforce!"},"content":{"rendered":"<h1>Nous avons le plaisir d\u2019annoncer l\u2019arriv\u00e9e d\u2019un nouvel associ\u00e9 au sein du\u00a0<strong>p\u00f4le\u00a0<a href=\"https:\/\/www.agilit.law\/expertises\/propriete-intellectuelle\/\">Propri\u00e9t\u00e9 intellectuelle<\/a><\/strong> d\u2019AGIL\u2019IT : <a href=\"https:\/\/www.agilit.law\/cabinet\/equipe\/michal-bohaczewski\/\">Michal BOHACZEWSKI<\/a><\/h1>\n<p class=\"isselectedend\" style=\"caret-color: #ffffff; font-variant-caps: normal; orphans: 2; text-align: start; widows: 2; -webkit-text-stroke-width: 0px; text-decoration-line: none; text-decoration-thickness: auto; text-decoration-style: solid; word-spacing: 0px;\"><span class=\"text-token-text-primary\"><span style=\"color: black;\">Michal <\/span><\/span><span style=\"color: black;\">accompagne une client\u00e8le fran\u00e7aise et internationale sur l\u2019ensemble des questions li\u00e9es \u00e0 la protection et \u00e0 la gestion des actifs immat\u00e9riels. <\/span><\/p>\n<p class=\"isselectedend\" style=\"caret-color: #ffffff; font-variant-caps: normal; orphans: 2; text-align: start; widows: 2; -webkit-text-stroke-width: 0px; text-decoration-line: none; text-decoration-thickness: auto; text-decoration-style: solid; word-spacing: 0px;\"><span style=\"color: black;\">Il intervient notamment en <strong>droit des marques, dessins et mod\u00e8les, droit d\u2019auteur et concurrence d\u00e9loyale<\/strong>, tant en mati\u00e8re de conseil que de contentieux.<\/span><\/p>\n<p class=\"isselectedend\"><span style=\"color: black;\">Il assiste ses clients dans le cadre de proc\u00e9dures devant les juridictions fran\u00e7aises et europ\u00e9ennes, y compris devant l\u2019EUIPO et le Tribunal de l\u2019Union europ\u00e9enne.<\/span><\/p>\n<p class=\"isselectedend\" style=\"caret-color: #ffffff; font-variant-caps: normal; orphans: 2; text-align: start; widows: 2; -webkit-text-stroke-width: 0px; text-decoration-line: none; text-decoration-thickness: auto; text-decoration-style: solid; word-spacing: 0px;\"><span class=\"text-token-text-primary\"><span style=\"color: black;\">Michal<\/span><\/span><span class=\"apple-converted-space\"><span style=\"color: black;\">\u00a0<\/span><\/span><span style=\"color: black;\">dispose d\u2019un <strong>parcours international et pluridimensionnel<\/strong>, qui combine une exp\u00e9rience acquise au sein de cabinets d\u2019avocats de premier plan en France, en Pologne et en Suisse, ainsi qu\u2019une exp\u00e9rience de cinq ans en entreprise dans les secteurs du luxe et de la mode. <\/span><\/p>\n<p class=\"isselectedend\" style=\"caret-color: #ffffff; font-variant-caps: normal; orphans: 2; text-align: start; widows: 2; -webkit-text-stroke-width: 0px; text-decoration-line: none; text-decoration-thickness: auto; text-decoration-style: solid; word-spacing: 0px;\"><span style=\"color: black;\">Ce double regard, <strong>\u00e0 la fois en cabinet et in-house<\/strong>, lui permet d\u2019apporter \u00e0 ses clients une approche strat\u00e9gique et pragmatique des enjeux de propri\u00e9t\u00e9 intellectuelle.<\/span><\/p>\n<p class=\"isselectedend\"><span style=\"color: black;\">Son parcours s\u2019appuie \u00e9galement sur une forte dimension acad\u00e9mique. Titulaire d\u2019un doctorat, il est l\u2019auteur de plusieurs ouvrages et articles consacr\u00e9s au droit de la propri\u00e9t\u00e9 intellectuelle et enseigne cette mati\u00e8re.<\/span><\/p>\n<p class=\"isselectedend\" style=\"caret-color: #ffffff; font-variant-caps: normal; orphans: 2; text-align: start; widows: 2; -webkit-text-stroke-width: 0px; text-decoration-line: none; text-decoration-thickness: auto; text-decoration-style: solid; word-spacing: 0px;\"><span class=\"text-token-text-primary\"><span style=\"color: black;\">Michal<\/span><\/span><span class=\"apple-converted-space\"><span style=\"color: black;\">\u00a0<\/span><\/span><span style=\"color: black;\">travaille en fran\u00e7ais, anglais, polonais et italien.<\/span><\/p>\n<p style=\"caret-color: #ffffff; font-variant-caps: normal; orphans: 2; text-align: start; widows: 2; -webkit-text-stroke-width: 0px; text-decoration-line: none; text-decoration-thickness: auto; text-decoration-style: solid; word-spacing: 0px;\"><span style=\"color: black;\">Il est admis aux barreaux de Paris et de Varsovie (en omission).<\/span><\/p>\n","protected":false},"excerpt":{"rendered":"<p>Nous avons le plaisir d\u2019annoncer l\u2019arriv\u00e9e d\u2019un nouvel associ\u00e9 au sein du\u00a0p\u00f4le\u00a0Propri\u00e9t\u00e9 intellectuelle d\u2019AGIL\u2019IT : Michal BOHACZEWSKI Michal accompagne une client\u00e8le fran\u00e7aise et internationale sur l\u2019ensemble des questions li\u00e9es \u00e0 la protection et \u00e0 la gestion des actifs immat\u00e9riels. Il intervient notamment en droit des marques, dessins et mod\u00e8les, droit d\u2019auteur et concurrence d\u00e9loyale, tant&hellip;<\/p>\n","protected":false},"author":48,"featured_media":15257,"comment_status":"closed","ping_status":"closed","sticky":false,"template":"","format":"standard","meta":{"footnotes":""},"categories":[140],"tags":[],"coauthors":[172],"yoast_head":"<!-- This site is optimized with the Yoast SEO plugin v21.3 - https:\/\/yoast.com\/wordpress\/plugins\/seo\/ -->\n<title>Le p\u00f4le Propri\u00e9t\u00e9 Intellectuelle se renforce! - AGIL&#039;IT<\/title>\n<meta name=\"robots\" content=\"index, follow, max-snippet:-1, max-image-preview:large, max-video-preview:-1\" \/>\n<link rel=\"canonical\" href=\"https:\/\/www.agilit.law\/propriete-intellectuelle\/le-pole-propriete-intellectuelle-se-renforce\/\" \/>\n<meta property=\"og:locale\" content=\"en_US\" \/>\n<meta property=\"og:type\" content=\"article\" \/>\n<meta property=\"og:title\" content=\"Le p\u00f4le Propri\u00e9t\u00e9 Intellectuelle se renforce! - AGIL&#039;IT\" \/>\n<meta property=\"og:description\" content=\"Nous avons le plaisir d\u2019annoncer l\u2019arriv\u00e9e d\u2019un nouvel associ\u00e9 au sein du\u00a0p\u00f4le\u00a0Propri\u00e9t\u00e9 intellectuelle d\u2019AGIL\u2019IT : Michal BOHACZEWSKI Michal accompagne une client\u00e8le fran\u00e7aise et internationale sur l\u2019ensemble des questions li\u00e9es \u00e0 la protection et \u00e0 la gestion des actifs immat\u00e9riels. Il intervient notamment en droit des marques, dessins et mod\u00e8les, droit d\u2019auteur et concurrence d\u00e9loyale, tant&hellip;\" \/>\n<meta property=\"og:url\" content=\"https:\/\/www.agilit.law\/propriete-intellectuelle\/le-pole-propriete-intellectuelle-se-renforce\/\" \/>\n<meta property=\"og:site_name\" content=\"AGIL&#039;IT\" \/>\n<meta property=\"article:published_time\" content=\"2026-03-12T16:42:42+00:00\" \/>\n<meta property=\"article:modified_time\" content=\"2026-03-12T16:47:39+00:00\" \/>\n<meta property=\"og:image\" content=\"https:\/\/www.agilit.law\/wp-content\/uploads\/2026\/03\/Michal-scaled.jpg\" \/>\n\t<meta property=\"og:image:width\" content=\"2560\" \/>\n\t<meta property=\"og:image:height\" content=\"2560\" \/>\n\t<meta property=\"og:image:type\" content=\"image\/jpeg\" \/>\n<meta name=\"author\" content=\"St\u00e9phanie ROCHE\" \/>\n<meta name=\"twitter:card\" content=\"summary_large_image\" \/>\n<meta name=\"twitter:label1\" content=\"Written by\" \/>\n\t<meta name=\"twitter:data1\" content=\"St\u00e9phanie ROCHE\" \/>\n\t<meta name=\"twitter:label2\" content=\"Est. reading time\" \/>\n\t<meta name=\"twitter:data2\" content=\"2 minutes\" \/>\n<script type=\"application\/ld+json\" class=\"yoast-schema-graph\">{\"@context\":\"https:\/\/schema.org\",\"@graph\":[{\"@type\":\"WebPage\",\"@id\":\"https:\/\/www.agilit.law\/propriete-intellectuelle\/le-pole-propriete-intellectuelle-se-renforce\/\",\"url\":\"https:\/\/www.agilit.law\/propriete-intellectuelle\/le-pole-propriete-intellectuelle-se-renforce\/\",\"name\":\"Le p\u00f4le Propri\u00e9t\u00e9 Intellectuelle se renforce! - AGIL&#039;IT\",\"isPartOf\":{\"@id\":\"https:\/\/www.agilit.law\/#website\"},\"datePublished\":\"2026-03-12T16:42:42+00:00\",\"dateModified\":\"2026-03-12T16:47:39+00:00\",\"author\":{\"@id\":\"https:\/\/www.agilit.law\/#\/schema\/person\/787900f93368647684844620f849ca23\"},\"breadcrumb\":{\"@id\":\"https:\/\/www.agilit.law\/propriete-intellectuelle\/le-pole-propriete-intellectuelle-se-renforce\/#breadcrumb\"},\"inLanguage\":\"en-US\",\"potentialAction\":[{\"@type\":\"ReadAction\",\"target\":[\"https:\/\/www.agilit.law\/propriete-intellectuelle\/le-pole-propriete-intellectuelle-se-renforce\/\"]}]},{\"@type\":\"BreadcrumbList\",\"@id\":\"https:\/\/www.agilit.law\/propriete-intellectuelle\/le-pole-propriete-intellectuelle-se-renforce\/#breadcrumb\",\"itemListElement\":[{\"@type\":\"ListItem\",\"position\":1,\"name\":\"Accueil\",\"item\":\"https:\/\/www.agilit.law\/en\/\"},{\"@type\":\"ListItem\",\"position\":2,\"name\":\"Le p\u00f4le Propri\u00e9t\u00e9 Intellectuelle se renforce!\"}]},{\"@type\":\"WebSite\",\"@id\":\"https:\/\/www.agilit.law\/#website\",\"url\":\"https:\/\/www.agilit.law\/\",\"name\":\"AGIL&#039;IT\",\"description\":\"Make things simple\",\"potentialAction\":[{\"@type\":\"SearchAction\",\"target\":{\"@type\":\"EntryPoint\",\"urlTemplate\":\"https:\/\/www.agilit.law\/?s={search_term_string}\"},\"query-input\":\"required name=search_term_string\"}],\"inLanguage\":\"en-US\"},{\"@type\":\"Person\",\"@id\":\"https:\/\/www.agilit.law\/#\/schema\/person\/787900f93368647684844620f849ca23\",\"name\":\"St\u00e9phanie ROCHE\",\"image\":{\"@type\":\"ImageObject\",\"inLanguage\":\"en-US\",\"@id\":\"https:\/\/www.agilit.law\/#\/schema\/person\/image\/ee3d115864ee7c350684f850c1018b90\",\"url\":\"https:\/\/secure.gravatar.com\/avatar\/ebbd7b1ea7c4a321aa87443e165adfb1?s=96&d=mm&r=g\",\"contentUrl\":\"https:\/\/secure.gravatar.com\/avatar\/ebbd7b1ea7c4a321aa87443e165adfb1?s=96&d=mm&r=g\",\"caption\":\"St\u00e9phanie ROCHE\"},\"url\":\"https:\/\/www.agilit.law\/en\/author\/stephanie\/\"}]}<\/script>\n<!-- \/ Yoast SEO plugin. -->","yoast_head_json":{"title":"Le p\u00f4le Propri\u00e9t\u00e9 Intellectuelle se renforce! - AGIL&#039;IT","robots":{"index":"index","follow":"follow","max-snippet":"max-snippet:-1","max-image-preview":"max-image-preview:large","max-video-preview":"max-video-preview:-1"},"canonical":"https:\/\/www.agilit.law\/propriete-intellectuelle\/le-pole-propriete-intellectuelle-se-renforce\/","og_locale":"en_US","og_type":"article","og_title":"Le p\u00f4le Propri\u00e9t\u00e9 Intellectuelle se renforce! - AGIL&#039;IT","og_description":"Nous avons le plaisir d\u2019annoncer l\u2019arriv\u00e9e d\u2019un nouvel associ\u00e9 au sein du\u00a0p\u00f4le\u00a0Propri\u00e9t\u00e9 intellectuelle d\u2019AGIL\u2019IT : Michal BOHACZEWSKI Michal accompagne une client\u00e8le fran\u00e7aise et internationale sur l\u2019ensemble des questions li\u00e9es \u00e0 la protection et \u00e0 la gestion des actifs immat\u00e9riels. Il intervient notamment en droit des marques, dessins et mod\u00e8les, droit d\u2019auteur et concurrence d\u00e9loyale, tant&hellip;","og_url":"https:\/\/www.agilit.law\/propriete-intellectuelle\/le-pole-propriete-intellectuelle-se-renforce\/","og_site_name":"AGIL&#039;IT","article_published_time":"2026-03-12T16:42:42+00:00","article_modified_time":"2026-03-12T16:47:39+00:00","og_image":[{"width":2560,"height":2560,"url":"https:\/\/www.agilit.law\/wp-content\/uploads\/2026\/03\/Michal-scaled.jpg","type":"image\/jpeg"}],"author":"St\u00e9phanie ROCHE","twitter_card":"summary_large_image","twitter_misc":{"Written by":"St\u00e9phanie ROCHE","Est. reading time":"2 minutes"},"schema":{"@context":"https:\/\/schema.org","@graph":[{"@type":"WebPage","@id":"https:\/\/www.agilit.law\/propriete-intellectuelle\/le-pole-propriete-intellectuelle-se-renforce\/","url":"https:\/\/www.agilit.law\/propriete-intellectuelle\/le-pole-propriete-intellectuelle-se-renforce\/","name":"Le p\u00f4le Propri\u00e9t\u00e9 Intellectuelle se renforce! - AGIL&#039;IT","isPartOf":{"@id":"https:\/\/www.agilit.law\/#website"},"datePublished":"2026-03-12T16:42:42+00:00","dateModified":"2026-03-12T16:47:39+00:00","author":{"@id":"https:\/\/www.agilit.law\/#\/schema\/person\/787900f93368647684844620f849ca23"},"breadcrumb":{"@id":"https:\/\/www.agilit.law\/propriete-intellectuelle\/le-pole-propriete-intellectuelle-se-renforce\/#breadcrumb"},"inLanguage":"en-US","potentialAction":[{"@type":"ReadAction","target":["https:\/\/www.agilit.law\/propriete-intellectuelle\/le-pole-propriete-intellectuelle-se-renforce\/"]}]},{"@type":"BreadcrumbList","@id":"https:\/\/www.agilit.law\/propriete-intellectuelle\/le-pole-propriete-intellectuelle-se-renforce\/#breadcrumb","itemListElement":[{"@type":"ListItem","position":1,"name":"Accueil","item":"https:\/\/www.agilit.law\/en\/"},{"@type":"ListItem","position":2,"name":"Le p\u00f4le Propri\u00e9t\u00e9 Intellectuelle se renforce!"}]},{"@type":"WebSite","@id":"https:\/\/www.agilit.law\/#website","url":"https:\/\/www.agilit.law\/","name":"AGIL&#039;IT","description":"Make things simple","potentialAction":[{"@type":"SearchAction","target":{"@type":"EntryPoint","urlTemplate":"https:\/\/www.agilit.law\/?s={search_term_string}"},"query-input":"required name=search_term_string"}],"inLanguage":"en-US"},{"@type":"Person","@id":"https:\/\/www.agilit.law\/#\/schema\/person\/787900f93368647684844620f849ca23","name":"St\u00e9phanie ROCHE","image":{"@type":"ImageObject","inLanguage":"en-US","@id":"https:\/\/www.agilit.law\/#\/schema\/person\/image\/ee3d115864ee7c350684f850c1018b90","url":"https:\/\/secure.gravatar.com\/avatar\/ebbd7b1ea7c4a321aa87443e165adfb1?s=96&d=mm&r=g","contentUrl":"https:\/\/secure.gravatar.com\/avatar\/ebbd7b1ea7c4a321aa87443e165adfb1?s=96&d=mm&r=g","caption":"St\u00e9phanie ROCHE"},"url":"https:\/\/www.agilit.law\/en\/author\/stephanie\/"}]}},"_links":{"self":[{"href":"https:\/\/www.agilit.law\/en\/wp-json\/wp\/v2\/posts\/15253"}],"collection":[{"href":"https:\/\/www.agilit.law\/en\/wp-json\/wp\/v2\/posts"}],"about":[{"href":"https:\/\/www.agilit.law\/en\/wp-json\/wp\/v2\/types\/post"}],"author":[{"embeddable":true,"href":"https:\/\/www.agilit.law\/en\/wp-json\/wp\/v2\/users\/48"}],"replies":[{"embeddable":true,"href":"https:\/\/www.agilit.law\/en\/wp-json\/wp\/v2\/comments?post=15253"}],"version-history":[{"count":3,"href":"https:\/\/www.agilit.law\/en\/wp-json\/wp\/v2\/posts\/15253\/revisions"}],"predecessor-version":[{"id":15256,"href":"https:\/\/www.agilit.law\/en\/wp-json\/wp\/v2\/posts\/15253\/revisions\/15256"}],"wp:featuredmedia":[{"embeddable":true,"href":"https:\/\/www.agilit.law\/en\/wp-json\/wp\/v2\/media\/15257"}],"wp:attachment":[{"href":"https:\/\/www.agilit.law\/en\/wp-json\/wp\/v2\/media?parent=15253"}],"wp:term":[{"taxonomy":"category","embeddable":true,"href":"https:\/\/www.agilit.law\/en\/wp-json\/wp\/v2\/categories?post=15253"},{"taxonomy":"post_tag","embeddable":true,"href":"https:\/\/www.agilit.law\/en\/wp-json\/wp\/v2\/tags?post=15253"},{"taxonomy":"author","embeddable":true,"href":"https:\/\/www.agilit.law\/en\/wp-json\/wp\/v2\/coauthors?post=15253"}],"curies":[{"name":"wp","href":"https:\/\/api.w.org\/{rel}","templated":true}]}}