{"id":15117,"date":"2025-12-08T08:14:22","date_gmt":"2025-12-08T07:14:22","guid":{"rendered":"https:\/\/www.agilit.law\/?p=15117"},"modified":"2025-12-08T08:14:22","modified_gmt":"2025-12-08T07:14:22","slug":"agilit-a-accompagne-les-associes-historiques-de-mmf-pro-dans-le-cadre-de-sa-cession","status":"publish","type":"post","link":"https:\/\/www.agilit.law\/en\/droit-societes-fusions-acquisitions\/agilit-a-accompagne-les-associes-historiques-de-mmf-pro-dans-le-cadre-de-sa-cession\/","title":{"rendered":"AGIL\u2019IT a accompagn\u00e9 les associ\u00e9s historiques de MMF-PRO dans le cadre de sa cession"},"content":{"rendered":"<p>L\u2019\u00e9quipe M&amp;A, coordonn\u00e9e par Mathieu SIRAGA, a accompagn\u00e9 les associ\u00e9s historiques de MMF-PRO, soci\u00e9t\u00e9 sp\u00e9cialis\u00e9e dans la distribution de mat\u00e9riel destin\u00e9 aux photographes et vid\u00e9astes professionnels, dans le cadre de sa cession \u00e0 la soci\u00e9t\u00e9 2CH.<\/p>\n<p>Disposant d\u2019une solide exp\u00e9rience dans l\u2019imagerie m\u00e9dicale et la distribution B2B, la soci\u00e9t\u00e9 2CH poursuit ainsi son d\u00e9veloppement apr\u00e8s avoir accompagn\u00e9 la croissance de plusieurs PME, et entend structurer une nouvelle phase de croissance pour MMF-PRO en s\u2019appuyant sur ses atouts existants.<\/p>\n<p>&nbsp;<\/p>\n<p>Par <a href=\"https:\/\/www.agilit.law\/\">AGIL\u2019IT<\/a> \u2013 P\u00f4le <a href=\"https:\/\/www.agilit.law\/expertises\/droit-des-societes-private-equity-ma\/\">Droit des soci\u00e9t\u00e9s, M&amp;A<\/a><\/p>\n<p><a href=\"https:\/\/www.agilit.law\/cabinet\/equipe\/mathieu-siraga\/\">Mathieu SIRAGA<\/a>, Avocat associ\u00e9 \u2013 P\u00f4le <a href=\"https:\/\/www.agilit.law\/expertises\/droit-des-societes-private-equity-ma\/\">Droit des soci\u00e9t\u00e9s, M&amp;A<\/a><\/p>\n<p><a href=\"https:\/\/www.agilit.law\/cabinet\/equipe\/solene-guibert\/\">Sol\u00e8ne GUIBERT<\/a>, Avocate \u2013 P\u00f4le <a href=\"https:\/\/www.agilit.law\/expertises\/droit-des-societes-private-equity-ma\/\">Droit des soci\u00e9t\u00e9s, M&amp;A<\/a><\/p>\n<p>&nbsp;<\/p>\n","protected":false},"excerpt":{"rendered":"<p>L\u2019\u00e9quipe M&amp;A, coordonn\u00e9e par Mathieu SIRAGA, a accompagn\u00e9 les associ\u00e9s historiques de MMF-PRO, soci\u00e9t\u00e9 sp\u00e9cialis\u00e9e dans la distribution de mat\u00e9riel destin\u00e9 aux photographes et vid\u00e9astes professionnels, dans le cadre de sa cession \u00e0 la soci\u00e9t\u00e9 2CH. Disposant d\u2019une solide exp\u00e9rience dans l\u2019imagerie m\u00e9dicale et la distribution B2B, la soci\u00e9t\u00e9 2CH poursuit ainsi son d\u00e9veloppement apr\u00e8s&hellip;<\/p>\n","protected":false},"author":29,"featured_media":15118,"comment_status":"closed","ping_status":"closed","sticky":false,"template":"","format":"standard","meta":{"footnotes":""},"categories":[74],"tags":[],"coauthors":[159],"yoast_head":"<!-- This site is optimized with the Yoast SEO plugin v21.3 - https:\/\/yoast.com\/wordpress\/plugins\/seo\/ -->\n<title>AGIL\u2019IT a accompagn\u00e9 les associ\u00e9s historiques de MMF-PRO dans le cadre de sa cession - AGIL&#039;IT<\/title>\n<meta name=\"robots\" content=\"index, follow, max-snippet:-1, max-image-preview:large, max-video-preview:-1\" \/>\n<link rel=\"canonical\" href=\"https:\/\/www.agilit.law\/droit-societes-fusions-acquisitions\/agilit-a-accompagne-les-associes-historiques-de-mmf-pro-dans-le-cadre-de-sa-cession\/\" \/>\n<meta property=\"og:locale\" content=\"en_US\" \/>\n<meta property=\"og:type\" content=\"article\" \/>\n<meta property=\"og:title\" content=\"AGIL\u2019IT a accompagn\u00e9 les associ\u00e9s historiques de MMF-PRO dans le cadre de sa cession - AGIL&#039;IT\" \/>\n<meta property=\"og:description\" content=\"L\u2019\u00e9quipe M&amp;A, coordonn\u00e9e par Mathieu SIRAGA, a accompagn\u00e9 les associ\u00e9s historiques de MMF-PRO, soci\u00e9t\u00e9 sp\u00e9cialis\u00e9e dans la distribution de mat\u00e9riel destin\u00e9 aux photographes et vid\u00e9astes professionnels, dans le cadre de sa cession \u00e0 la soci\u00e9t\u00e9 2CH. Disposant d\u2019une solide exp\u00e9rience dans l\u2019imagerie m\u00e9dicale et la distribution B2B, la soci\u00e9t\u00e9 2CH poursuit ainsi son d\u00e9veloppement apr\u00e8s&hellip;\" \/>\n<meta property=\"og:url\" content=\"https:\/\/www.agilit.law\/droit-societes-fusions-acquisitions\/agilit-a-accompagne-les-associes-historiques-de-mmf-pro-dans-le-cadre-de-sa-cession\/\" \/>\n<meta property=\"og:site_name\" content=\"AGIL&#039;IT\" \/>\n<meta property=\"article:published_time\" content=\"2025-12-08T07:14:22+00:00\" \/>\n<meta property=\"og:image\" content=\"https:\/\/www.agilit.law\/wp-content\/uploads\/2025\/12\/ChatGPT-Image-6-dec.-2025-17_42_53.png\" \/>\n\t<meta property=\"og:image:width\" content=\"1024\" \/>\n\t<meta property=\"og:image:height\" content=\"1024\" \/>\n\t<meta property=\"og:image:type\" content=\"image\/png\" \/>\n<meta name=\"author\" content=\"Sol\u00e8ne Guibert\" \/>\n<meta name=\"twitter:card\" content=\"summary_large_image\" \/>\n<meta name=\"twitter:label1\" content=\"Written by\" \/>\n\t<meta name=\"twitter:data1\" content=\"Sol\u00e8ne Guibert\" \/>\n\t<meta name=\"twitter:label2\" content=\"Est. reading time\" \/>\n\t<meta name=\"twitter:data2\" content=\"1 minute\" \/>\n<script type=\"application\/ld+json\" class=\"yoast-schema-graph\">{\"@context\":\"https:\/\/schema.org\",\"@graph\":[{\"@type\":\"WebPage\",\"@id\":\"https:\/\/www.agilit.law\/droit-societes-fusions-acquisitions\/agilit-a-accompagne-les-associes-historiques-de-mmf-pro-dans-le-cadre-de-sa-cession\/\",\"url\":\"https:\/\/www.agilit.law\/droit-societes-fusions-acquisitions\/agilit-a-accompagne-les-associes-historiques-de-mmf-pro-dans-le-cadre-de-sa-cession\/\",\"name\":\"AGIL\u2019IT a accompagn\u00e9 les associ\u00e9s historiques de MMF-PRO dans le cadre de sa cession - AGIL&#039;IT\",\"isPartOf\":{\"@id\":\"https:\/\/www.agilit.law\/#website\"},\"datePublished\":\"2025-12-08T07:14:22+00:00\",\"dateModified\":\"2025-12-08T07:14:22+00:00\",\"author\":{\"@id\":\"https:\/\/www.agilit.law\/#\/schema\/person\/859d70442fcceeb19c63ea96382639e8\"},\"breadcrumb\":{\"@id\":\"https:\/\/www.agilit.law\/droit-societes-fusions-acquisitions\/agilit-a-accompagne-les-associes-historiques-de-mmf-pro-dans-le-cadre-de-sa-cession\/#breadcrumb\"},\"inLanguage\":\"en-US\",\"potentialAction\":[{\"@type\":\"ReadAction\",\"target\":[\"https:\/\/www.agilit.law\/droit-societes-fusions-acquisitions\/agilit-a-accompagne-les-associes-historiques-de-mmf-pro-dans-le-cadre-de-sa-cession\/\"]}]},{\"@type\":\"BreadcrumbList\",\"@id\":\"https:\/\/www.agilit.law\/droit-societes-fusions-acquisitions\/agilit-a-accompagne-les-associes-historiques-de-mmf-pro-dans-le-cadre-de-sa-cession\/#breadcrumb\",\"itemListElement\":[{\"@type\":\"ListItem\",\"position\":1,\"name\":\"Accueil\",\"item\":\"https:\/\/www.agilit.law\/en\/\"},{\"@type\":\"ListItem\",\"position\":2,\"name\":\"AGIL\u2019IT a accompagn\u00e9 les associ\u00e9s historiques de MMF-PRO dans le cadre de sa cession\"}]},{\"@type\":\"WebSite\",\"@id\":\"https:\/\/www.agilit.law\/#website\",\"url\":\"https:\/\/www.agilit.law\/\",\"name\":\"AGIL&#039;IT\",\"description\":\"Make things simple\",\"potentialAction\":[{\"@type\":\"SearchAction\",\"target\":{\"@type\":\"EntryPoint\",\"urlTemplate\":\"https:\/\/www.agilit.law\/?s={search_term_string}\"},\"query-input\":\"required name=search_term_string\"}],\"inLanguage\":\"en-US\"},{\"@type\":\"Person\",\"@id\":\"https:\/\/www.agilit.law\/#\/schema\/person\/859d70442fcceeb19c63ea96382639e8\",\"name\":\"Sol\u00e8ne Guibert\",\"image\":{\"@type\":\"ImageObject\",\"inLanguage\":\"en-US\",\"@id\":\"https:\/\/www.agilit.law\/#\/schema\/person\/image\/82d117ed208f510057b9e61265373a85\",\"url\":\"https:\/\/secure.gravatar.com\/avatar\/0cfa42ebb25f7f42b6a7e01d167a7ab9?s=96&d=mm&r=g\",\"contentUrl\":\"https:\/\/secure.gravatar.com\/avatar\/0cfa42ebb25f7f42b6a7e01d167a7ab9?s=96&d=mm&r=g\",\"caption\":\"Sol\u00e8ne Guibert\"},\"url\":\"https:\/\/www.agilit.law\/en\/author\/solene\/\"}]}<\/script>\n<!-- \/ Yoast SEO plugin. -->","yoast_head_json":{"title":"AGIL\u2019IT a accompagn\u00e9 les associ\u00e9s historiques de MMF-PRO dans le cadre de sa cession - AGIL&#039;IT","robots":{"index":"index","follow":"follow","max-snippet":"max-snippet:-1","max-image-preview":"max-image-preview:large","max-video-preview":"max-video-preview:-1"},"canonical":"https:\/\/www.agilit.law\/droit-societes-fusions-acquisitions\/agilit-a-accompagne-les-associes-historiques-de-mmf-pro-dans-le-cadre-de-sa-cession\/","og_locale":"en_US","og_type":"article","og_title":"AGIL\u2019IT a accompagn\u00e9 les associ\u00e9s historiques de MMF-PRO dans le cadre de sa cession - AGIL&#039;IT","og_description":"L\u2019\u00e9quipe M&amp;A, coordonn\u00e9e par Mathieu SIRAGA, a accompagn\u00e9 les associ\u00e9s historiques de MMF-PRO, soci\u00e9t\u00e9 sp\u00e9cialis\u00e9e dans la distribution de mat\u00e9riel destin\u00e9 aux photographes et vid\u00e9astes professionnels, dans le cadre de sa cession \u00e0 la soci\u00e9t\u00e9 2CH. Disposant d\u2019une solide exp\u00e9rience dans l\u2019imagerie m\u00e9dicale et la distribution B2B, la soci\u00e9t\u00e9 2CH poursuit ainsi son d\u00e9veloppement apr\u00e8s&hellip;","og_url":"https:\/\/www.agilit.law\/droit-societes-fusions-acquisitions\/agilit-a-accompagne-les-associes-historiques-de-mmf-pro-dans-le-cadre-de-sa-cession\/","og_site_name":"AGIL&#039;IT","article_published_time":"2025-12-08T07:14:22+00:00","og_image":[{"width":1024,"height":1024,"url":"https:\/\/www.agilit.law\/wp-content\/uploads\/2025\/12\/ChatGPT-Image-6-dec.-2025-17_42_53.png","type":"image\/png"}],"author":"Sol\u00e8ne Guibert","twitter_card":"summary_large_image","twitter_misc":{"Written by":"Sol\u00e8ne Guibert","Est. reading time":"1 minute"},"schema":{"@context":"https:\/\/schema.org","@graph":[{"@type":"WebPage","@id":"https:\/\/www.agilit.law\/droit-societes-fusions-acquisitions\/agilit-a-accompagne-les-associes-historiques-de-mmf-pro-dans-le-cadre-de-sa-cession\/","url":"https:\/\/www.agilit.law\/droit-societes-fusions-acquisitions\/agilit-a-accompagne-les-associes-historiques-de-mmf-pro-dans-le-cadre-de-sa-cession\/","name":"AGIL\u2019IT a accompagn\u00e9 les associ\u00e9s historiques de MMF-PRO dans le cadre de sa cession - AGIL&#039;IT","isPartOf":{"@id":"https:\/\/www.agilit.law\/#website"},"datePublished":"2025-12-08T07:14:22+00:00","dateModified":"2025-12-08T07:14:22+00:00","author":{"@id":"https:\/\/www.agilit.law\/#\/schema\/person\/859d70442fcceeb19c63ea96382639e8"},"breadcrumb":{"@id":"https:\/\/www.agilit.law\/droit-societes-fusions-acquisitions\/agilit-a-accompagne-les-associes-historiques-de-mmf-pro-dans-le-cadre-de-sa-cession\/#breadcrumb"},"inLanguage":"en-US","potentialAction":[{"@type":"ReadAction","target":["https:\/\/www.agilit.law\/droit-societes-fusions-acquisitions\/agilit-a-accompagne-les-associes-historiques-de-mmf-pro-dans-le-cadre-de-sa-cession\/"]}]},{"@type":"BreadcrumbList","@id":"https:\/\/www.agilit.law\/droit-societes-fusions-acquisitions\/agilit-a-accompagne-les-associes-historiques-de-mmf-pro-dans-le-cadre-de-sa-cession\/#breadcrumb","itemListElement":[{"@type":"ListItem","position":1,"name":"Accueil","item":"https:\/\/www.agilit.law\/en\/"},{"@type":"ListItem","position":2,"name":"AGIL\u2019IT a accompagn\u00e9 les associ\u00e9s historiques de MMF-PRO dans le cadre de sa cession"}]},{"@type":"WebSite","@id":"https:\/\/www.agilit.law\/#website","url":"https:\/\/www.agilit.law\/","name":"AGIL&#039;IT","description":"Make things simple","potentialAction":[{"@type":"SearchAction","target":{"@type":"EntryPoint","urlTemplate":"https:\/\/www.agilit.law\/?s={search_term_string}"},"query-input":"required name=search_term_string"}],"inLanguage":"en-US"},{"@type":"Person","@id":"https:\/\/www.agilit.law\/#\/schema\/person\/859d70442fcceeb19c63ea96382639e8","name":"Sol\u00e8ne Guibert","image":{"@type":"ImageObject","inLanguage":"en-US","@id":"https:\/\/www.agilit.law\/#\/schema\/person\/image\/82d117ed208f510057b9e61265373a85","url":"https:\/\/secure.gravatar.com\/avatar\/0cfa42ebb25f7f42b6a7e01d167a7ab9?s=96&d=mm&r=g","contentUrl":"https:\/\/secure.gravatar.com\/avatar\/0cfa42ebb25f7f42b6a7e01d167a7ab9?s=96&d=mm&r=g","caption":"Sol\u00e8ne Guibert"},"url":"https:\/\/www.agilit.law\/en\/author\/solene\/"}]}},"_links":{"self":[{"href":"https:\/\/www.agilit.law\/en\/wp-json\/wp\/v2\/posts\/15117"}],"collection":[{"href":"https:\/\/www.agilit.law\/en\/wp-json\/wp\/v2\/posts"}],"about":[{"href":"https:\/\/www.agilit.law\/en\/wp-json\/wp\/v2\/types\/post"}],"author":[{"embeddable":true,"href":"https:\/\/www.agilit.law\/en\/wp-json\/wp\/v2\/users\/29"}],"replies":[{"embeddable":true,"href":"https:\/\/www.agilit.law\/en\/wp-json\/wp\/v2\/comments?post=15117"}],"version-history":[{"count":4,"href":"https:\/\/www.agilit.law\/en\/wp-json\/wp\/v2\/posts\/15117\/revisions"}],"predecessor-version":[{"id":15121,"href":"https:\/\/www.agilit.law\/en\/wp-json\/wp\/v2\/posts\/15117\/revisions\/15121"}],"wp:featuredmedia":[{"embeddable":true,"href":"https:\/\/www.agilit.law\/en\/wp-json\/wp\/v2\/media\/15118"}],"wp:attachment":[{"href":"https:\/\/www.agilit.law\/en\/wp-json\/wp\/v2\/media?parent=15117"}],"wp:term":[{"taxonomy":"category","embeddable":true,"href":"https:\/\/www.agilit.law\/en\/wp-json\/wp\/v2\/categories?post=15117"},{"taxonomy":"post_tag","embeddable":true,"href":"https:\/\/www.agilit.law\/en\/wp-json\/wp\/v2\/tags?post=15117"},{"taxonomy":"author","embeddable":true,"href":"https:\/\/www.agilit.law\/en\/wp-json\/wp\/v2\/coauthors?post=15117"}],"curies":[{"name":"wp","href":"https:\/\/api.w.org\/{rel}","templated":true}]}}