{"id":14303,"date":"2024-10-17T09:57:06","date_gmt":"2024-10-17T07:57:06","guid":{"rendered":"https:\/\/www.agilit.law\/?p=14303"},"modified":"2024-10-17T09:57:06","modified_gmt":"2024-10-17T07:57:06","slug":"agilit-accompagne-les-fondateurs-doderis-dans-le-cadre-dun-obo","status":"publish","type":"post","link":"https:\/\/www.agilit.law\/en\/droit-societes-fusions-acquisitions\/agilit-accompagne-les-fondateurs-doderis-dans-le-cadre-dun-obo\/","title":{"rendered":"AGIL\u2019IT ACCOMPAGNE LES FONDATEURS D\u2019ODERIS DANS LE CADRE D\u2019UN OBO"},"content":{"rendered":"<p>L\u2019\u00e9quipe d\u2019AGIL\u2019IT, coordonn\u00e9e par Mathieu SIRAGA, associ\u00e9 du p\u00f4le \u00ab\u00a0<a href=\"https:\/\/www.agilit.law\/expertises\/droit-des-societes-private-equity-ma\/\">Private equity\u00a0 \/ M&amp;A \/ Corporate<\/a>\u00a0\u00bb a accompagn\u00e9 les fondateurs d\u2019ODERIS dans le cadre de son premier OBO institutionnel.<\/p>\n<p>Pr\u00e9sent sur le march\u00e9 du conseil depuis 2006, ODERIS est un leader ind\u00e9pendant du conseil et de l\u2019accompagnement op\u00e9rationnel, principalement aupr\u00e8s des dirigeants d\u2019entreprises et des fonds de capital investissement sur le segment du small et mid Cap.<\/p>\n<p>Cette op\u00e9ration a pour but d\u2019acc\u00e9l\u00e9rer le d\u00e9ploiement d\u2019ODERIS en France et en Europe.<\/p>\n<p>Le financement de cette op\u00e9ration a \u00e9t\u00e9 r\u00e9alis\u00e9e gr\u00e2ce \u00e0 l\u2019entr\u00e9e au capital de EMZ Partners et de Bpifrance, ainsi que par une dette senior lev\u00e9e aupr\u00e8s de la Caisse d\u2019Epargne Ile de France, de la Caisse d\u2019Epargne Rh\u00f4ne Alpes et du Cr\u00e9dit Agricole Ile de France.<\/p>\n<p>&nbsp;<\/p>\n<p>Par <a href=\"https:\/\/www.agilit.law\/\">AGIL\u2019IT<\/a> \u2013 P\u00f4le\u00a0<a href=\"https:\/\/www.agilit.law\/expertises\/droit-des-societes-private-equity-ma\/\">Droit des Soci\u00e9t\u00e9s \u2013 Private Equity \u2013 M&amp;A<\/a><\/p>\n<p><a href=\"https:\/\/www.agilit.law\/cabinet\/equipe\/mathieu-siraga\/\">Mathieu SIRAGA<\/a>, Avocat associ\u00e9 \u2013 P\u00f4le\u00a0<a href=\"https:\/\/www.agilit.law\/expertises\/droit-des-societes-private-equity-ma\/\">Droit des Soci\u00e9t\u00e9s \u2013 Private Equity \u2013 M&amp;A<\/a><\/p>\n<p><a href=\"https:\/\/www.agilit.law\/cabinet\/equipe\/solene-guibert\/\">Sol\u00e8ne GUIBERT<\/a>, Avocate \u2013 P\u00f4le\u00a0<a href=\"https:\/\/www.agilit.law\/expertises\/droit-des-societes-private-equity-ma\/\">Droit des Soci\u00e9t\u00e9s \u2013 Private Equity \u2013 M&amp;A<\/a><\/p>\n<p>&nbsp;<\/p>\n","protected":false},"excerpt":{"rendered":"<p>L\u2019\u00e9quipe d\u2019AGIL\u2019IT, coordonn\u00e9e par Mathieu SIRAGA, associ\u00e9 du p\u00f4le \u00ab\u00a0Private equity\u00a0 \/ M&amp;A \/ Corporate\u00a0\u00bb a accompagn\u00e9 les fondateurs d\u2019ODERIS dans le cadre de son premier OBO institutionnel. Pr\u00e9sent sur le march\u00e9 du conseil depuis 2006, ODERIS est un leader ind\u00e9pendant du conseil et de l\u2019accompagnement op\u00e9rationnel, principalement aupr\u00e8s des dirigeants d\u2019entreprises et des fonds&hellip;<\/p>\n","protected":false},"author":9,"featured_media":14305,"comment_status":"closed","ping_status":"closed","sticky":false,"template":"","format":"standard","meta":{"footnotes":""},"categories":[74],"tags":[],"coauthors":[100],"yoast_head":"<!-- This site is optimized with the Yoast SEO plugin v21.3 - https:\/\/yoast.com\/wordpress\/plugins\/seo\/ -->\n<title>AGIL\u2019IT ACCOMPAGNE LES FONDATEURS D\u2019ODERIS DANS LE CADRE D\u2019UN OBO - AGIL&#039;IT<\/title>\n<meta name=\"robots\" content=\"index, follow, max-snippet:-1, max-image-preview:large, max-video-preview:-1\" \/>\n<link rel=\"canonical\" href=\"https:\/\/www.agilit.law\/droit-societes-fusions-acquisitions\/agilit-accompagne-les-fondateurs-doderis-dans-le-cadre-dun-obo\/\" \/>\n<meta property=\"og:locale\" content=\"en_US\" \/>\n<meta property=\"og:type\" content=\"article\" \/>\n<meta property=\"og:title\" content=\"AGIL\u2019IT ACCOMPAGNE LES FONDATEURS D\u2019ODERIS DANS LE CADRE D\u2019UN OBO - AGIL&#039;IT\" \/>\n<meta property=\"og:description\" content=\"L\u2019\u00e9quipe d\u2019AGIL\u2019IT, coordonn\u00e9e par Mathieu SIRAGA, associ\u00e9 du p\u00f4le \u00ab\u00a0Private equity\u00a0 \/ M&amp;A \/ Corporate\u00a0\u00bb a accompagn\u00e9 les fondateurs d\u2019ODERIS dans le cadre de son premier OBO institutionnel. Pr\u00e9sent sur le march\u00e9 du conseil depuis 2006, ODERIS est un leader ind\u00e9pendant du conseil et de l\u2019accompagnement op\u00e9rationnel, principalement aupr\u00e8s des dirigeants d\u2019entreprises et des fonds&hellip;\" \/>\n<meta property=\"og:url\" content=\"https:\/\/www.agilit.law\/droit-societes-fusions-acquisitions\/agilit-accompagne-les-fondateurs-doderis-dans-le-cadre-dun-obo\/\" \/>\n<meta property=\"og:site_name\" content=\"AGIL&#039;IT\" \/>\n<meta property=\"article:published_time\" content=\"2024-10-17T07:57:06+00:00\" \/>\n<meta property=\"og:image\" content=\"https:\/\/www.agilit.law\/wp-content\/uploads\/2024\/10\/business-7111770_1280.jpg\" \/>\n\t<meta property=\"og:image:width\" content=\"1280\" \/>\n\t<meta property=\"og:image:height\" content=\"771\" \/>\n\t<meta property=\"og:image:type\" content=\"image\/jpeg\" \/>\n<meta name=\"author\" content=\"Mathieu SIRAGA\" \/>\n<meta name=\"twitter:card\" content=\"summary_large_image\" \/>\n<meta name=\"twitter:label1\" content=\"Written by\" \/>\n\t<meta name=\"twitter:data1\" content=\"Mathieu SIRAGA\" \/>\n\t<meta name=\"twitter:label2\" content=\"Est. reading time\" \/>\n\t<meta name=\"twitter:data2\" content=\"1 minute\" \/>\n<script type=\"application\/ld+json\" class=\"yoast-schema-graph\">{\"@context\":\"https:\/\/schema.org\",\"@graph\":[{\"@type\":\"WebPage\",\"@id\":\"https:\/\/www.agilit.law\/droit-societes-fusions-acquisitions\/agilit-accompagne-les-fondateurs-doderis-dans-le-cadre-dun-obo\/\",\"url\":\"https:\/\/www.agilit.law\/droit-societes-fusions-acquisitions\/agilit-accompagne-les-fondateurs-doderis-dans-le-cadre-dun-obo\/\",\"name\":\"AGIL\u2019IT ACCOMPAGNE LES FONDATEURS D\u2019ODERIS DANS LE CADRE D\u2019UN OBO - AGIL&#039;IT\",\"isPartOf\":{\"@id\":\"https:\/\/www.agilit.law\/#website\"},\"datePublished\":\"2024-10-17T07:57:06+00:00\",\"dateModified\":\"2024-10-17T07:57:06+00:00\",\"author\":{\"@id\":\"https:\/\/www.agilit.law\/#\/schema\/person\/9a5a94e77eb1b4aad4a91400d36d5746\"},\"breadcrumb\":{\"@id\":\"https:\/\/www.agilit.law\/droit-societes-fusions-acquisitions\/agilit-accompagne-les-fondateurs-doderis-dans-le-cadre-dun-obo\/#breadcrumb\"},\"inLanguage\":\"en-US\",\"potentialAction\":[{\"@type\":\"ReadAction\",\"target\":[\"https:\/\/www.agilit.law\/droit-societes-fusions-acquisitions\/agilit-accompagne-les-fondateurs-doderis-dans-le-cadre-dun-obo\/\"]}]},{\"@type\":\"BreadcrumbList\",\"@id\":\"https:\/\/www.agilit.law\/droit-societes-fusions-acquisitions\/agilit-accompagne-les-fondateurs-doderis-dans-le-cadre-dun-obo\/#breadcrumb\",\"itemListElement\":[{\"@type\":\"ListItem\",\"position\":1,\"name\":\"Accueil\",\"item\":\"https:\/\/www.agilit.law\/en\/\"},{\"@type\":\"ListItem\",\"position\":2,\"name\":\"AGIL\u2019IT ACCOMPAGNE LES FONDATEURS D\u2019ODERIS DANS LE CADRE D\u2019UN OBO\"}]},{\"@type\":\"WebSite\",\"@id\":\"https:\/\/www.agilit.law\/#website\",\"url\":\"https:\/\/www.agilit.law\/\",\"name\":\"AGIL&#039;IT\",\"description\":\"Make things simple\",\"potentialAction\":[{\"@type\":\"SearchAction\",\"target\":{\"@type\":\"EntryPoint\",\"urlTemplate\":\"https:\/\/www.agilit.law\/?s={search_term_string}\"},\"query-input\":\"required name=search_term_string\"}],\"inLanguage\":\"en-US\"},{\"@type\":\"Person\",\"@id\":\"https:\/\/www.agilit.law\/#\/schema\/person\/9a5a94e77eb1b4aad4a91400d36d5746\",\"name\":\"Mathieu SIRAGA\",\"image\":{\"@type\":\"ImageObject\",\"inLanguage\":\"en-US\",\"@id\":\"https:\/\/www.agilit.law\/#\/schema\/person\/image\/1e4f11fbfd13f1504c1ca2c0d6584875\",\"url\":\"https:\/\/secure.gravatar.com\/avatar\/257387d505ca582f6a800cb99696ac8a?s=96&d=mm&r=g\",\"contentUrl\":\"https:\/\/secure.gravatar.com\/avatar\/257387d505ca582f6a800cb99696ac8a?s=96&d=mm&r=g\",\"caption\":\"Mathieu SIRAGA\"},\"url\":\"https:\/\/www.agilit.law\/en\/author\/mathieu\/\"}]}<\/script>\n<!-- \/ Yoast SEO plugin. -->","yoast_head_json":{"title":"AGIL\u2019IT ACCOMPAGNE LES FONDATEURS D\u2019ODERIS DANS LE CADRE D\u2019UN OBO - AGIL&#039;IT","robots":{"index":"index","follow":"follow","max-snippet":"max-snippet:-1","max-image-preview":"max-image-preview:large","max-video-preview":"max-video-preview:-1"},"canonical":"https:\/\/www.agilit.law\/droit-societes-fusions-acquisitions\/agilit-accompagne-les-fondateurs-doderis-dans-le-cadre-dun-obo\/","og_locale":"en_US","og_type":"article","og_title":"AGIL\u2019IT ACCOMPAGNE LES FONDATEURS D\u2019ODERIS DANS LE CADRE D\u2019UN OBO - AGIL&#039;IT","og_description":"L\u2019\u00e9quipe d\u2019AGIL\u2019IT, coordonn\u00e9e par Mathieu SIRAGA, associ\u00e9 du p\u00f4le \u00ab\u00a0Private equity\u00a0 \/ M&amp;A \/ Corporate\u00a0\u00bb a accompagn\u00e9 les fondateurs d\u2019ODERIS dans le cadre de son premier OBO institutionnel. Pr\u00e9sent sur le march\u00e9 du conseil depuis 2006, ODERIS est un leader ind\u00e9pendant du conseil et de l\u2019accompagnement op\u00e9rationnel, principalement aupr\u00e8s des dirigeants d\u2019entreprises et des fonds&hellip;","og_url":"https:\/\/www.agilit.law\/droit-societes-fusions-acquisitions\/agilit-accompagne-les-fondateurs-doderis-dans-le-cadre-dun-obo\/","og_site_name":"AGIL&#039;IT","article_published_time":"2024-10-17T07:57:06+00:00","og_image":[{"width":1280,"height":771,"url":"https:\/\/www.agilit.law\/wp-content\/uploads\/2024\/10\/business-7111770_1280.jpg","type":"image\/jpeg"}],"author":"Mathieu SIRAGA","twitter_card":"summary_large_image","twitter_misc":{"Written by":"Mathieu SIRAGA","Est. reading time":"1 minute"},"schema":{"@context":"https:\/\/schema.org","@graph":[{"@type":"WebPage","@id":"https:\/\/www.agilit.law\/droit-societes-fusions-acquisitions\/agilit-accompagne-les-fondateurs-doderis-dans-le-cadre-dun-obo\/","url":"https:\/\/www.agilit.law\/droit-societes-fusions-acquisitions\/agilit-accompagne-les-fondateurs-doderis-dans-le-cadre-dun-obo\/","name":"AGIL\u2019IT ACCOMPAGNE LES FONDATEURS D\u2019ODERIS DANS LE CADRE D\u2019UN OBO - AGIL&#039;IT","isPartOf":{"@id":"https:\/\/www.agilit.law\/#website"},"datePublished":"2024-10-17T07:57:06+00:00","dateModified":"2024-10-17T07:57:06+00:00","author":{"@id":"https:\/\/www.agilit.law\/#\/schema\/person\/9a5a94e77eb1b4aad4a91400d36d5746"},"breadcrumb":{"@id":"https:\/\/www.agilit.law\/droit-societes-fusions-acquisitions\/agilit-accompagne-les-fondateurs-doderis-dans-le-cadre-dun-obo\/#breadcrumb"},"inLanguage":"en-US","potentialAction":[{"@type":"ReadAction","target":["https:\/\/www.agilit.law\/droit-societes-fusions-acquisitions\/agilit-accompagne-les-fondateurs-doderis-dans-le-cadre-dun-obo\/"]}]},{"@type":"BreadcrumbList","@id":"https:\/\/www.agilit.law\/droit-societes-fusions-acquisitions\/agilit-accompagne-les-fondateurs-doderis-dans-le-cadre-dun-obo\/#breadcrumb","itemListElement":[{"@type":"ListItem","position":1,"name":"Accueil","item":"https:\/\/www.agilit.law\/en\/"},{"@type":"ListItem","position":2,"name":"AGIL\u2019IT ACCOMPAGNE LES FONDATEURS D\u2019ODERIS DANS LE CADRE D\u2019UN OBO"}]},{"@type":"WebSite","@id":"https:\/\/www.agilit.law\/#website","url":"https:\/\/www.agilit.law\/","name":"AGIL&#039;IT","description":"Make things simple","potentialAction":[{"@type":"SearchAction","target":{"@type":"EntryPoint","urlTemplate":"https:\/\/www.agilit.law\/?s={search_term_string}"},"query-input":"required name=search_term_string"}],"inLanguage":"en-US"},{"@type":"Person","@id":"https:\/\/www.agilit.law\/#\/schema\/person\/9a5a94e77eb1b4aad4a91400d36d5746","name":"Mathieu SIRAGA","image":{"@type":"ImageObject","inLanguage":"en-US","@id":"https:\/\/www.agilit.law\/#\/schema\/person\/image\/1e4f11fbfd13f1504c1ca2c0d6584875","url":"https:\/\/secure.gravatar.com\/avatar\/257387d505ca582f6a800cb99696ac8a?s=96&d=mm&r=g","contentUrl":"https:\/\/secure.gravatar.com\/avatar\/257387d505ca582f6a800cb99696ac8a?s=96&d=mm&r=g","caption":"Mathieu SIRAGA"},"url":"https:\/\/www.agilit.law\/en\/author\/mathieu\/"}]}},"_links":{"self":[{"href":"https:\/\/www.agilit.law\/en\/wp-json\/wp\/v2\/posts\/14303"}],"collection":[{"href":"https:\/\/www.agilit.law\/en\/wp-json\/wp\/v2\/posts"}],"about":[{"href":"https:\/\/www.agilit.law\/en\/wp-json\/wp\/v2\/types\/post"}],"author":[{"embeddable":true,"href":"https:\/\/www.agilit.law\/en\/wp-json\/wp\/v2\/users\/9"}],"replies":[{"embeddable":true,"href":"https:\/\/www.agilit.law\/en\/wp-json\/wp\/v2\/comments?post=14303"}],"version-history":[{"count":2,"href":"https:\/\/www.agilit.law\/en\/wp-json\/wp\/v2\/posts\/14303\/revisions"}],"predecessor-version":[{"id":14307,"href":"https:\/\/www.agilit.law\/en\/wp-json\/wp\/v2\/posts\/14303\/revisions\/14307"}],"wp:featuredmedia":[{"embeddable":true,"href":"https:\/\/www.agilit.law\/en\/wp-json\/wp\/v2\/media\/14305"}],"wp:attachment":[{"href":"https:\/\/www.agilit.law\/en\/wp-json\/wp\/v2\/media?parent=14303"}],"wp:term":[{"taxonomy":"category","embeddable":true,"href":"https:\/\/www.agilit.law\/en\/wp-json\/wp\/v2\/categories?post=14303"},{"taxonomy":"post_tag","embeddable":true,"href":"https:\/\/www.agilit.law\/en\/wp-json\/wp\/v2\/tags?post=14303"},{"taxonomy":"author","embeddable":true,"href":"https:\/\/www.agilit.law\/en\/wp-json\/wp\/v2\/coauthors?post=14303"}],"curies":[{"name":"wp","href":"https:\/\/api.w.org\/{rel}","templated":true}]}}