{"id":11979,"date":"2022-11-30T13:35:09","date_gmt":"2022-11-30T12:35:09","guid":{"rendered":"https:\/\/www.agilit.law\/?p=11979"},"modified":"2024-02-01T14:59:53","modified_gmt":"2024-02-01T13:59:53","slug":"condamnation-edf-cnil-600-000-euros-prospection-droits-personnes-securite-donnees","status":"publish","type":"post","link":"https:\/\/www.agilit.law\/en\/donnees-caractere-personnel\/condamnation-edf-cnil-600-000-euros-prospection-droits-personnes-securite-donnees\/","title":{"rendered":"EDF condamn\u00e9 par la Cnil : 600 000 euros pour non-respect des r\u00e8gles applicables en mati\u00e8re de prospection, de droits des personnes et de s\u00e9curit\u00e9 des donn\u00e9es"},"content":{"rendered":"<p>Saisie de plusieurs plaintes \u00e0 l\u2019encontre d\u2019EDF portant sur l\u2019exercice des droits entre ao\u00fbt 2019 et d\u00e9cembre 2020, la Commission nationale de l&#8217;informatique et des libert\u00e9s (cf. la \u00ab\u00a0Cnil\u00a0\u00bb) a diligent\u00e9 des contr\u00f4les en ligne et sur pi\u00e8ces aupr\u00e8s d\u2019EDF.<\/p>\n<p>Un rapport de sanction a \u00e9t\u00e9 notifi\u00e9 \u00e0 EDF par la rapporteure d\u00e9sign\u00e9e par la Cnil et proposait \u00e0 la formation restreinte de la Cnil de sanctionner EDF au titre de divers manquements \u00e0 la r\u00e9glementation applicable en mati\u00e8re de donn\u00e9es \u00e0 caract\u00e8re personnel.<\/p>\n<p>Par une <a href=\"https:\/\/www.legifrance.gouv.fr\/cnil\/id\/CNILTEXT000046650733?isSuggest=true\" target=\"_blank\" rel=\"noopener\">d\u00e9lib\u00e9ration rendue le 24 novembre 2022<\/a> (voir \u00e9galement le <a href=\"https:\/\/www.cnil.fr\/fr\/prospection-commerciale-et-droits-des-personnes-sanction-de-600-000-euros-lencontre-dedf\" target=\"_blank\" rel=\"noopener\">communiqu\u00e9 de la Cnil sur cette d\u00e9cision<\/a>), la formation restreinte de la Cnil a condamn\u00e9 EDF \u00e0 une amende administrative de 600 000 \u20ac au titre des diff\u00e9rents manquements pr\u00e9sent\u00e9s ci-apr\u00e8s.<\/p>\n<p>&nbsp;<\/p>\n<h3><strong><u>Manquements relatifs \u00e0 l\u2019obligation de recueillir le consentement de la personne concern\u00e9e au traitement de ses donn\u00e9es \u00e0 des fins de prospection commerciale par courrier \u00e9lectronique<\/u><\/strong><\/h3>\n<p><strong>\u00a0<\/strong>La Cnil rel\u00e8ve que :<\/p>\n<ul>\n<li>EDF, qui a r\u00e9alis\u00e9 des campagnes de prospection commerciale par voie \u00e9lectronique, n\u2019est <strong>pas en mesure d\u2019apporter la preuve d\u2019un consentement \u00e0 \u00eatre sollicit\u00e9s par ce moyen valablement exprim\u00e9 par les prospects dont les donn\u00e9es proviennent de courtiers en donn\u00e9es<\/strong> ;<\/li>\n<li>et que le fait qu\u2019un courtier en donn\u00e9es produise le formulaire type (comportant une modalit\u00e9 de recueil du consentement), et non le formulaire rempli individuellement par chaque prospect, ne permet pas d\u2019obtenir la preuve individuelle du consentement.<\/li>\n<\/ul>\n<p>De telles pratiques constituent un <strong>manquement aux principes applicables en la mati\u00e8re vis\u00e9s \u00e0 l\u2019article L.34-5 du Code des postes et des communications \u00e9lectroniques <\/strong>(cet article imposant par principe le recueil pr\u00e9alable du consentement des destinataires de prospections par courrier \u00e9lectronique) <strong>et \u00e0 l\u2019article 7 du RGPD<\/strong> (cet article pr\u00e9voyant notamment que \u00ab\u00a0<em>Dans les cas o\u00f9 le traitement repose sur le consentement, le responsable du traitement est en mesure de d\u00e9montrer que la personne concern\u00e9e a donn\u00e9 son consentement au traitement de donn\u00e9es \u00e0 caract\u00e8re personnel la concernant\u00a0<\/em>\u00bb).<\/p>\n<p>&nbsp;<\/p>\n<p><strong><u>Ce qu\u2019il faut en retenir\u00a0: <\/u><\/strong><\/p>\n<p>La pr\u00e9sente d\u00e9cision de la Cnil <strong>s\u2019inscrit dans le <a href=\"https:\/\/www.cnil.fr\/fr\/thematiques-prioritaires-de-controle-2022-prospection-commerciale-cloud-et-surveillance-du\" target=\"_blank\" rel=\"noopener\">programme de contr\u00f4le qu\u2019elle avait annonc\u00e9 pour 2022<\/a><\/strong>, la prospection commerciale faisant partie des th\u00e9matiques consid\u00e9r\u00e9es comme \u00ab\u00a0prioritaires\u00a0\u00bb pour la Cnil.<\/p>\n<p>En outre, la position de la Cnil sur la d\u00e9monstration du recueil pr\u00e9alable du consentement des personnes concern\u00e9es \u00e0 la r\u00e9alisation d\u2019op\u00e9rations de prospection par courrier \u00e9lectronique est classique. En effet, l\u2019insertion d\u2019une clause \u00ab\u00a0<strong>fournisseur de fichiers \u00bb dans les documents contractuels est recommand\u00e9e en cas de collecte des donn\u00e9es par l&#8217;interm\u00e9diaire d&#8217;un tiers, notamment un courtier en donn\u00e9es (ou data broker)<\/strong>. Pour m\u00e9moire, une telle clause vise \u00e0 permettre au destinataire des fichiers de s\u2019assurer aupr\u00e8s du tiers \u00ab fournisseur de fichiers \u00bb (et de se faire garantir contractuellement par ce dernier) que (i) la collecte des donn\u00e9es \u00e0 caract\u00e8re personnel concern\u00e9es a \u00e9t\u00e9 effectu\u00e9e de mani\u00e8re loyale et licite (information des personnes concern\u00e9es, voire consentement le cas \u00e9ch\u00e9ant en fonction des utilisations envisag\u00e9es et des situations particuli\u00e8res pouvant \u00eatre rencontr\u00e9es, etc.) et que (ii) les donn\u00e9es peuvent \u00eatre licitement r\u00e9utilis\u00e9es par le destinataire des fichiers pour les finalit\u00e9s souhait\u00e9es (voir <a href=\"https:\/\/www.agilit.law\/donnees-caractere-personnel\/acheter-un-fichier-de-donnees-a-caractere-personnel-risques-encourus-et-precautions-elementaires\/\" target=\"_blank\" rel=\"noopener\">notre pr\u00e9c\u00e9dent article \u00e0 ce sujet<\/a>).<\/p>\n<p>Pour autant, <strong>s\u2019il s\u2019agit d\u2019une pr\u00e9caution opportune, elle ne suffit pas \u00e0 d\u00e9montrer que le consentement \u00e0 la transmission des donn\u00e9es \u00e0 un tiers et \u00e0 la r\u00e9alisation d\u2019op\u00e9rations de prospection par courrier \u00e9lectronique par ce tiers a \u00e9t\u00e9 d\u00fbment obtenu aupr\u00e8s des personnes concern\u00e9es<\/strong>. En effet, l\u2019organisme destinataire des donn\u00e9es et souhaitant proc\u00e9der \u00e0 de telles op\u00e9rations de prospection doit alors \u00eatre en mesure de prouver qu\u2019il dispose de ce consentement.<\/p>\n<p>Pour m\u00e9moire, <strong>pour que le consentement soit \u00e9clair\u00e9, les personnes concern\u00e9es doivent notamment \u00eatre clairement inform\u00e9es de l\u2019identit\u00e9 des organismes destinataires des donn\u00e9es pour le compte duquel le consentement est collect\u00e9 et des finalit\u00e9s pour lesquelles les donn\u00e9es seront utilis\u00e9es<\/strong>. Pour ce faire, la Cnil rappelle qu\u2019 \u00ab\u00a0<em>une liste exhaustive et mise \u00e0 jour doit \u00eatre tenue \u00e0 la disposition des personnes au moment du recueil de leur consentement, par exemple directement sur le support de collecte ou, si celle-ci est trop longue, via un lien hypertexte renvoyant vers ladite liste et les politiques de confidentialit\u00e9\u00a0\u00bb <\/em>des destinataires des donn\u00e9es.<\/p>\n<p>La Cnil rappelle \u00e9galement que <strong>tout organisme souhaitant r\u00e9utiliser des donn\u00e9es collect\u00e9es par des tiers (en l\u2019esp\u00e8ce des courtiers en donn\u00e9es) pour de telles finalit\u00e9s doivent mettre en place des mesures et process d\u00e9di\u00e9s pour s\u2019assurer que le consentement des personnes concern\u00e9es a effectivement \u00e9t\u00e9 obtenu<\/strong>, conform\u00e9ment aux exigences applicables (notamment au moyen d\u2019audits), et pouvoir le d\u00e9montrer, ce qui n\u2019\u00e9tait pas le cas en l\u2019esp\u00e8ce.<\/p>\n<p>&nbsp;<\/p>\n<h3><strong><u>Manquements relatifs \u00e0 l\u2019obligation d\u2019information des personnes concern\u00e9es<\/u><\/strong><\/h3>\n<p>La Cnil constate que la \u00ab\u00a0charte de protection des donn\u00e9es personnelles\u00a0\u00bb qui figurait sur le site internet d\u2019EDF \u00e9tait incompl\u00e8te en ce qu\u2019elle ne comportait pas, pour chaque traitement de donn\u00e9es \u00e0 caract\u00e8re personnel mis en \u0153uvre par EDF, la base l\u00e9gale correspondant \u00e0 chaque finalit\u00e9 ainsi \u00e9num\u00e9r\u00e9e ou encore les dur\u00e9es de conservation des donn\u00e9es.<\/p>\n<p>Elle rel\u00e8ve \u00e9galement que cette charte ne concernait en tout \u00e9tat de cause pas les traitements mis en \u0153uvre par EDF dans le cadre de ses op\u00e9rations de prospection. Les personnes concern\u00e9es ainsi sollicit\u00e9es par EDF dont les donn\u00e9es avaient \u00e9t\u00e9 collect\u00e9es par des tiers (cf. courtiers en donn\u00e9es) \u00e9taient tout de m\u00eame inform\u00e9es du traitement de leurs donn\u00e9es \u00e0 caract\u00e8re personnel dans le premier courrier de prospection commerciale qui leur \u00e9tait adress\u00e9 par EDF. Toutefois, ce courrier pr\u00e9cisait les donn\u00e9es avaient \u00e9t\u00e9 collect\u00e9es aupr\u00e8s d\u2019un \u00ab organisme sp\u00e9cialis\u00e9 dans l\u2019enrichissement de donn\u00e9es \u00bb, ce qui a \u00e9t\u00e9 consid\u00e9r\u00e9 comme insuffisamment pr\u00e9cis par la Cnil et n\u2019\u00e9tant \u00ab <em>pas de nature \u00e0 &#8220;garantir un traitement \u00e9quitable et transparent&#8221; \u00e0 l\u2019\u00e9gard du prospect, en particulier dans un contexte de reventes successives de donn\u00e9es entre de multiples acteurs et dans l\u2019hypoth\u00e8se o\u00f9 le prospect souhaiterait exercer ses droits aupr\u00e8s du courtier en donn\u00e9es dont il ignore l\u2019identit\u00e9<\/em>\u00a0\u00bb.<\/p>\n<p>&nbsp;<\/p>\n<p><strong><u>Ce qu\u2019il faut en retenir\u00a0: <\/u><\/strong><\/p>\n<p>Une <strong>information compl\u00e8te doit \u00eatre fournie aux personnes concern\u00e9es<\/strong>, comportant l\u2019ensemble des \u00e9l\u00e9ments pr\u00e9vus \u00e0 l\u2019article 13 du RGPD lorsque les donn\u00e9es ont \u00e9t\u00e9 collect\u00e9es directement aupr\u00e8s des personnes concern\u00e9es et \u00e0 l\u2019article 14 du RGPD en cas de collecte indirecte. Notamment, pour chaque finalit\u00e9 de traitement, il convient de mentionner l\u2019ensemble des caract\u00e9ristiques y aff\u00e9rentes (finalit\u00e9, dur\u00e9e de conservation,\u2026) et, <strong>en cas de collecte indirecte, en particulier en cas de \u00ab\u00a0reventes successives\u00a0\u00bb de fichiers comportant des donn\u00e9es \u00e0 caract\u00e8re personnel, il convient de faire preuve de pr\u00e9cisions quant \u00e0 l\u2019origine de la collecte<\/strong>.<\/p>\n<p>&nbsp;<\/p>\n<h3><strong><u>Manquements relatifs \u00e0 l\u2019obligation de respecter les droits des personnes concern\u00e9es<\/u><\/strong><\/h3>\n<p>EDF a \u00e9t\u00e9 saisie par deux plaignants concernant le traitement de leurs donn\u00e9es \u00e0 caract\u00e8re personnel par cette derni\u00e8re. S\u2019agissant de la premi\u00e8re r\u00e9clamation en particulier, la Cnil rel\u00e8ve qu\u2019EDF n\u2019y a pas r\u00e9pondu par \u00e9crit et que sa r\u00e9ponse \u00e9tait erron\u00e9e. S\u2019agissant ces deux r\u00e9clamations, la Cnil constate qu\u2019EDF n\u2019a pas trait\u00e9 ces demandes d\u2019exercice de droits dans le d\u00e9lai requis (cf. en principe dans un d\u00e9lai maximum d\u2019un mois \u00e0 compter de la r\u00e9ception de la demande, ce d\u00e9lai pouvant \u00eatre prolong\u00e9 de deux mois, compte tenu de la complexit\u00e9 et du nombre de demandes). La Cnil estime ainsi qu&#8217;un manquement \u00e0 l\u2019article 12 du RGPD est constitu\u00e9.<\/p>\n<p>En outre, la Cnil rel\u00e8ve qu\u2019EDF a r\u00e9pondu de mani\u00e8re erron\u00e9e \u00e0 une personne ayant exerc\u00e9 son droit d\u2019acc\u00e8s, en apportant une information erron\u00e9e s\u2019agissant de la source de collecte de ses donn\u00e9es, ce qui constitue un manquant \u00e0 l\u2019article 15 du RGPD.<\/p>\n<p>La Cnil consid\u00e8re \u00e9galement qu\u2019en ne tenant pas compte d\u2019une demande d\u2019opposition effectu\u00e9e par le parent d\u2019un enfant mineur, EDF a manqu\u00e9 \u00e0 ses obligations au titre de l\u2019article 21 du RGPD.<\/p>\n<p>&nbsp;<\/p>\n<p><strong><u>Ce qu\u2019il faut en retenir\u00a0:<\/u><\/strong><\/p>\n<p>En cas de plainte \u00e9manant de personnes concern\u00e9es, il convient de leur r\u00e9pondre par \u00e9crit et dans les d\u00e9lais impartis.<\/p>\n<p>En outre, il convient d\u2019\u00e9laborer et de d\u00e9ployer une <strong>proc\u00e9dure d\u00e9di\u00e9e relative au traitement des demandes d\u2019exercice de leurs droits par les personnes concern\u00e9es et de s\u2019assurer que celle-ci est effectivement respect\u00e9e<\/strong> (en s\u2019assurant notamment qu\u2019il a effectivement \u00e9t\u00e9 tenu compte de la demande de la personne concern\u00e9e, par exemple en cas d\u2019opposition \u00e0 la r\u00e9ception ult\u00e9rieure de messages de prospection).<\/p>\n<p>&nbsp;<\/p>\n<h3><strong><u>Manquements relatifs \u00e0 la s\u00e9curit\u00e9 des donn\u00e9es \u00e0 caract\u00e8re personnel<\/u><\/strong><\/h3>\n<p>Il est, enfin, reproch\u00e9 \u00e0 EDF de ne pas avoir mis en \u0153uvre les mesures n\u00e9cessaires pour assurer la s\u00e9curit\u00e9 des donn\u00e9es \u00e0 caract\u00e8re personnel, et en particulier de ne pas respecter les exigences applicables en mati\u00e8re de mots de passe.<\/p>\n<p>En l\u2019esp\u00e8ce, s\u2019agissant des mots de passe du portail \u00ab\u00a0prime \u00e9nergie\u00a0\u00bb d\u2019EDF, la Cnil rel\u00e8ve que la fonction de hachage MD5 a \u00e9t\u00e9 utilis\u00e9e jusqu\u2019en 2022 pour plus de 25 800 comptes, alors qu\u2019elle est consid\u00e9r\u00e9e depuis 2004 comme obsol\u00e8te et non conforme aux recommandations des autorit\u00e9s comp\u00e9tentes en la mati\u00e8re (qu\u2019il s\u2019agisse des recommandations de la Cnil ou de l\u2019Anssi). La Cnil rappelle ainsi qu\u2019il est \u00ab\u00a0<em>n\u00e9cessaire de veiller \u00e0 ce qu\u2019un mot de passe permettant de s\u2019authentifier sur un syst\u00e8me ne puisse pas \u00eatre divulgu\u00e9. La conservation des mots de passe de mani\u00e8re s\u00e9curis\u00e9e constitue une pr\u00e9caution \u00e9l\u00e9mentaire en mati\u00e8re de protection des donn\u00e9es \u00e0 caract\u00e8re personnel<\/em>\u00a0\u00bb.<\/p>\n<p>Par ailleurs, s\u2019agissant des mots de passe permettant d\u2019acc\u00e9der \u00e0 l\u2019espace client EDF, la Cnil rel\u00e8ve qu\u2019ils \u00e9taient stock\u00e9s sous forme hach\u00e9e et sal\u00e9e au moyen de la fonction SHA-1, pourtant r\u00e9put\u00e9e obsol\u00e8te, et qu\u2019il n\u2019\u00e9tait pas syst\u00e9matiquement utilis\u00e9 un \u00ab sel \u00bb dans la transformation des mots de passe, ce qui constitue \u00e9galement un manquement aux exigences applicables en mati\u00e8re de s\u00e9curit\u00e9 des donn\u00e9es \u00e0 caract\u00e8re personnel.<\/p>\n<p>&nbsp;<\/p>\n<p><strong><u>Ce qu\u2019il faut retenir\u00a0: <\/u><\/strong><\/p>\n<p>La fonction de hachage (fonction cryptographique visant \u00e0 assurer la s\u00e9curit\u00e9 des donn\u00e9es \u2013 pour en savoir plus, voir la <a href=\"https:\/\/www.cnil.fr\/fr\/comprendre-les-grands-principes-de-la-cryptologie-et-du-chiffrement\" target=\"_blank\" rel=\"noopener\">page de la Cnil pr\u00e9sentant les grands principes de la cryptologie et du chiffrement<\/a>) utilis\u00e9e doit r\u00e9pondre aux exigences de l&#8217;\u00e9tat de l&#8217;art, \u00eatre robuste et permettre une conservation s\u00e9curis\u00e9e des mots de passe.<\/p>\n<p>&nbsp;<\/p>\n<p style=\"text-align: center;\">*\u00a0\u00a0\u00a0\u00a0\u00a0\u00a0\u00a0\u00a0\u00a0\u00a0\u00a0 *<\/p>\n<p style=\"text-align: center;\">*<\/p>\n<p>&nbsp;<\/p>\n<p>A l\u2019issue de ce raisonnement, la formation restreinte prononce, \u00e0 l\u2019encontre d\u2019EDF, une amende administrative d\u2019un montant de 600\u00a0000 euros au titre de ces divers manquements et d\u00e9cide de rendre publique sa d\u00e9cision.<\/p>\n<p>La sanction prononc\u00e9e par la Cnil dans cette affaire n&#8217;est pas n\u00e9gligeable, et ce d\u2019autant que la formation restreinte de la Cnil rel\u00e8ve qu\u2019il n\u2019y a pas lieu de prononcer d\u2019injonction dans la mesure o\u00f9 EDF a pris des mesures de mise en conformit\u00e9 s\u2019agissant de l\u2019ensemble des manquements relev\u00e9s par la rapporteure.<\/p>\n<p>&nbsp;<\/p>\n<p>Cette d\u00e9cision est susceptible de faire l\u2019objet d\u2019un recours devant le Conseil d\u2019\u00c9tat dans un d\u00e9lai de deux mois \u00e0 compter de sa notification.<\/p>\n<p>&nbsp;<\/p>\n<p>&nbsp;<\/p>\n<p>&nbsp;<\/p>\n<p><em>AGIL\u2019IT se tient \u00e0 votre disposition pour vous accompagner dans le cadre de la mise et\/ou du maintien en conformit\u00e9 de vos pratiques au regard de la r\u00e8glementation applicable en mati\u00e8re de protection des donn\u00e9es \u00e0 caract\u00e8re personnel ou encore en mati\u00e8re de prospection.<\/em><\/p>\n<p>&nbsp;<\/p>\n<p>&nbsp;<\/p>\n<p>Par\u00a0<a href=\"https:\/\/www.agilit.law\/\" target=\"_blank\" rel=\"noopener\">AGIL\u2019IT<\/a>\u00a0\u2013\u00a0P\u00f4le\u00a0<a href=\"https:\/\/www.agilit.law\/expertises\/technologies-de-linformation-donnees-personnelles\/\" target=\"_blank\" rel=\"noopener\">IT<\/a>\u00a0&amp;\u00a0<a href=\"https:\/\/www.agilit.law\/expertises\/donnees-a-caractere-personnel\/\" target=\"_blank\" rel=\"noopener\">Data protection<\/a><\/p>\n<p><a href=\"https:\/\/www.agilit.law\/cabinet\/equipe\/laure-landes-gronowski\/\" target=\"_blank\" rel=\"noopener\">Laure LANDES-GRONOWSKI<\/a>, Avocate associ\u00e9e<\/p>\n<p><a href=\"https:\/\/www.agilit.law\/cabinet\/equipe\/marie-miliotis\/\" target=\"_blank\" rel=\"noopener\">Marie MILIOTIS<\/a>, Avocate<\/p>\n<p>&nbsp;<\/p>\n<p>&nbsp;<\/p>\n","protected":false},"excerpt":{"rendered":"<p>Saisie de plusieurs plaintes \u00e0 l\u2019encontre d\u2019EDF portant sur l\u2019exercice des droits entre ao\u00fbt 2019 et d\u00e9cembre 2020, la Commission nationale de l&#8217;informatique et des libert\u00e9s (cf. la \u00ab\u00a0Cnil\u00a0\u00bb) a diligent\u00e9 des contr\u00f4les en ligne et sur pi\u00e8ces aupr\u00e8s d\u2019EDF. Un rapport de sanction a \u00e9t\u00e9 notifi\u00e9 \u00e0 EDF par la rapporteure d\u00e9sign\u00e9e par la&hellip;<\/p>\n","protected":false},"author":4,"featured_media":11988,"comment_status":"closed","ping_status":"closed","sticky":false,"template":"","format":"standard","meta":{"footnotes":""},"categories":[150,147,73],"tags":[],"coauthors":[94,113],"yoast_head":"<!-- This site is optimized with the Yoast SEO plugin v21.3 - https:\/\/yoast.com\/wordpress\/plugins\/seo\/ -->\n<title>EDF condamn\u00e9 par la Cnil : 600 000 euros pour non-respect des r\u00e8gles applicables en mati\u00e8re de prospection, de droits des personnes et de s\u00e9curit\u00e9 des donn\u00e9es - AGIL&#039;IT<\/title>\n<meta name=\"description\" content=\"24 novembre 2022 : EDF condamn\u00e9e par la formation contentieuse de la Cnil \u00e0 une amende de 600 000 \u20ac au titre de divers manquements au RGPD.\" \/>\n<meta name=\"robots\" content=\"index, follow, max-snippet:-1, max-image-preview:large, max-video-preview:-1\" \/>\n<link rel=\"canonical\" href=\"https:\/\/www.agilit.law\/donnees-caractere-personnel\/condamnation-edf-cnil-600-000-euros-prospection-droits-personnes-securite-donnees\/\" \/>\n<meta property=\"og:locale\" content=\"en_US\" \/>\n<meta property=\"og:type\" content=\"article\" \/>\n<meta property=\"og:title\" content=\"EDF condamn\u00e9 par la Cnil : 600 000 euros pour non-respect des r\u00e8gles applicables en mati\u00e8re de prospection, de droits des personnes et de s\u00e9curit\u00e9 des donn\u00e9es - AGIL&#039;IT\" \/>\n<meta property=\"og:description\" content=\"24 novembre 2022 : EDF condamn\u00e9e par la formation contentieuse de la Cnil \u00e0 une amende de 600 000 \u20ac au titre de divers manquements au RGPD.\" \/>\n<meta property=\"og:url\" content=\"https:\/\/www.agilit.law\/donnees-caractere-personnel\/condamnation-edf-cnil-600-000-euros-prospection-droits-personnes-securite-donnees\/\" \/>\n<meta property=\"og:site_name\" content=\"AGIL&#039;IT\" \/>\n<meta property=\"article:published_time\" content=\"2022-11-30T12:35:09+00:00\" \/>\n<meta property=\"article:modified_time\" content=\"2024-02-01T13:59:53+00:00\" \/>\n<meta property=\"og:image\" content=\"https:\/\/www.agilit.law\/wp-content\/uploads\/2022\/11\/email-marketing-g319917f7a_1280.jpg\" \/>\n\t<meta property=\"og:image:width\" content=\"1280\" \/>\n\t<meta property=\"og:image:height\" content=\"854\" \/>\n\t<meta property=\"og:image:type\" content=\"image\/jpeg\" \/>\n<meta name=\"author\" content=\"Laure Landes-Gronowski, Marie Miliotis\" \/>\n<meta name=\"twitter:card\" content=\"summary_large_image\" \/>\n<meta name=\"twitter:label1\" content=\"Written by\" \/>\n\t<meta name=\"twitter:data1\" content=\"Laure Landes-Gronowski, Marie Miliotis\" \/>\n\t<meta name=\"twitter:label2\" content=\"Est. reading time\" \/>\n\t<meta name=\"twitter:data2\" content=\"10 minutes\" \/>\n<script type=\"application\/ld+json\" class=\"yoast-schema-graph\">{\"@context\":\"https:\/\/schema.org\",\"@graph\":[{\"@type\":\"WebPage\",\"@id\":\"https:\/\/www.agilit.law\/donnees-caractere-personnel\/condamnation-edf-cnil-600-000-euros-prospection-droits-personnes-securite-donnees\/\",\"url\":\"https:\/\/www.agilit.law\/donnees-caractere-personnel\/condamnation-edf-cnil-600-000-euros-prospection-droits-personnes-securite-donnees\/\",\"name\":\"EDF condamn\u00e9 par la Cnil : 600 000 euros pour non-respect des r\u00e8gles applicables en mati\u00e8re de prospection, de droits des personnes et de s\u00e9curit\u00e9 des donn\u00e9es - AGIL&#039;IT\",\"isPartOf\":{\"@id\":\"https:\/\/www.agilit.law\/#website\"},\"datePublished\":\"2022-11-30T12:35:09+00:00\",\"dateModified\":\"2024-02-01T13:59:53+00:00\",\"author\":{\"@id\":\"https:\/\/www.agilit.law\/#\/schema\/person\/906193fbe5e020fa826cf7bed5f0119b\"},\"description\":\"24 novembre 2022 : EDF condamn\u00e9e par la formation contentieuse de la Cnil \u00e0 une amende de 600 000 \u20ac au titre de divers manquements au RGPD.\",\"breadcrumb\":{\"@id\":\"https:\/\/www.agilit.law\/donnees-caractere-personnel\/condamnation-edf-cnil-600-000-euros-prospection-droits-personnes-securite-donnees\/#breadcrumb\"},\"inLanguage\":\"en-US\",\"potentialAction\":[{\"@type\":\"ReadAction\",\"target\":[\"https:\/\/www.agilit.law\/donnees-caractere-personnel\/condamnation-edf-cnil-600-000-euros-prospection-droits-personnes-securite-donnees\/\"]}]},{\"@type\":\"BreadcrumbList\",\"@id\":\"https:\/\/www.agilit.law\/donnees-caractere-personnel\/condamnation-edf-cnil-600-000-euros-prospection-droits-personnes-securite-donnees\/#breadcrumb\",\"itemListElement\":[{\"@type\":\"ListItem\",\"position\":1,\"name\":\"Accueil\",\"item\":\"https:\/\/www.agilit.law\/en\/\"},{\"@type\":\"ListItem\",\"position\":2,\"name\":\"EDF condamn\u00e9 par la Cnil : 600 000 euros pour non-respect des r\u00e8gles applicables en mati\u00e8re de prospection, de droits des personnes et de s\u00e9curit\u00e9 des donn\u00e9es\"}]},{\"@type\":\"WebSite\",\"@id\":\"https:\/\/www.agilit.law\/#website\",\"url\":\"https:\/\/www.agilit.law\/\",\"name\":\"AGIL&#039;IT\",\"description\":\"Make things simple\",\"potentialAction\":[{\"@type\":\"SearchAction\",\"target\":{\"@type\":\"EntryPoint\",\"urlTemplate\":\"https:\/\/www.agilit.law\/?s={search_term_string}\"},\"query-input\":\"required name=search_term_string\"}],\"inLanguage\":\"en-US\"},{\"@type\":\"Person\",\"@id\":\"https:\/\/www.agilit.law\/#\/schema\/person\/906193fbe5e020fa826cf7bed5f0119b\",\"name\":\"Laure Landes-Gronowski\",\"image\":{\"@type\":\"ImageObject\",\"inLanguage\":\"en-US\",\"@id\":\"https:\/\/www.agilit.law\/#\/schema\/person\/image\/28fdc5034409b7339d9cfb1c7e67a42c\",\"url\":\"https:\/\/secure.gravatar.com\/avatar\/13eb25dedfd6848dcbcfda1a74be2ff1?s=96&d=mm&r=g\",\"contentUrl\":\"https:\/\/secure.gravatar.com\/avatar\/13eb25dedfd6848dcbcfda1a74be2ff1?s=96&d=mm&r=g\",\"caption\":\"Laure Landes-Gronowski\"},\"url\":\"https:\/\/www.agilit.law\/en\/author\/laure\/\"}]}<\/script>\n<!-- \/ Yoast SEO plugin. -->","yoast_head_json":{"title":"EDF condamn\u00e9 par la Cnil : 600 000 euros pour non-respect des r\u00e8gles applicables en mati\u00e8re de prospection, de droits des personnes et de s\u00e9curit\u00e9 des donn\u00e9es - AGIL&#039;IT","description":"24 novembre 2022 : EDF condamn\u00e9e par la formation contentieuse de la Cnil \u00e0 une amende de 600 000 \u20ac au titre de divers manquements au RGPD.","robots":{"index":"index","follow":"follow","max-snippet":"max-snippet:-1","max-image-preview":"max-image-preview:large","max-video-preview":"max-video-preview:-1"},"canonical":"https:\/\/www.agilit.law\/donnees-caractere-personnel\/condamnation-edf-cnil-600-000-euros-prospection-droits-personnes-securite-donnees\/","og_locale":"en_US","og_type":"article","og_title":"EDF condamn\u00e9 par la Cnil : 600 000 euros pour non-respect des r\u00e8gles applicables en mati\u00e8re de prospection, de droits des personnes et de s\u00e9curit\u00e9 des donn\u00e9es - AGIL&#039;IT","og_description":"24 novembre 2022 : EDF condamn\u00e9e par la formation contentieuse de la Cnil \u00e0 une amende de 600 000 \u20ac au titre de divers manquements au RGPD.","og_url":"https:\/\/www.agilit.law\/donnees-caractere-personnel\/condamnation-edf-cnil-600-000-euros-prospection-droits-personnes-securite-donnees\/","og_site_name":"AGIL&#039;IT","article_published_time":"2022-11-30T12:35:09+00:00","article_modified_time":"2024-02-01T13:59:53+00:00","og_image":[{"width":1280,"height":854,"url":"https:\/\/www.agilit.law\/wp-content\/uploads\/2022\/11\/email-marketing-g319917f7a_1280.jpg","type":"image\/jpeg"}],"author":"Laure Landes-Gronowski, Marie Miliotis","twitter_card":"summary_large_image","twitter_misc":{"Written by":"Laure Landes-Gronowski, Marie Miliotis","Est. reading time":"10 minutes"},"schema":{"@context":"https:\/\/schema.org","@graph":[{"@type":"WebPage","@id":"https:\/\/www.agilit.law\/donnees-caractere-personnel\/condamnation-edf-cnil-600-000-euros-prospection-droits-personnes-securite-donnees\/","url":"https:\/\/www.agilit.law\/donnees-caractere-personnel\/condamnation-edf-cnil-600-000-euros-prospection-droits-personnes-securite-donnees\/","name":"EDF condamn\u00e9 par la Cnil : 600 000 euros pour non-respect des r\u00e8gles applicables en mati\u00e8re de prospection, de droits des personnes et de s\u00e9curit\u00e9 des donn\u00e9es - AGIL&#039;IT","isPartOf":{"@id":"https:\/\/www.agilit.law\/#website"},"datePublished":"2022-11-30T12:35:09+00:00","dateModified":"2024-02-01T13:59:53+00:00","author":{"@id":"https:\/\/www.agilit.law\/#\/schema\/person\/906193fbe5e020fa826cf7bed5f0119b"},"description":"24 novembre 2022 : EDF condamn\u00e9e par la formation contentieuse de la Cnil \u00e0 une amende de 600 000 \u20ac au titre de divers manquements au RGPD.","breadcrumb":{"@id":"https:\/\/www.agilit.law\/donnees-caractere-personnel\/condamnation-edf-cnil-600-000-euros-prospection-droits-personnes-securite-donnees\/#breadcrumb"},"inLanguage":"en-US","potentialAction":[{"@type":"ReadAction","target":["https:\/\/www.agilit.law\/donnees-caractere-personnel\/condamnation-edf-cnil-600-000-euros-prospection-droits-personnes-securite-donnees\/"]}]},{"@type":"BreadcrumbList","@id":"https:\/\/www.agilit.law\/donnees-caractere-personnel\/condamnation-edf-cnil-600-000-euros-prospection-droits-personnes-securite-donnees\/#breadcrumb","itemListElement":[{"@type":"ListItem","position":1,"name":"Accueil","item":"https:\/\/www.agilit.law\/en\/"},{"@type":"ListItem","position":2,"name":"EDF condamn\u00e9 par la Cnil : 600 000 euros pour non-respect des r\u00e8gles applicables en mati\u00e8re de prospection, de droits des personnes et de s\u00e9curit\u00e9 des donn\u00e9es"}]},{"@type":"WebSite","@id":"https:\/\/www.agilit.law\/#website","url":"https:\/\/www.agilit.law\/","name":"AGIL&#039;IT","description":"Make things simple","potentialAction":[{"@type":"SearchAction","target":{"@type":"EntryPoint","urlTemplate":"https:\/\/www.agilit.law\/?s={search_term_string}"},"query-input":"required name=search_term_string"}],"inLanguage":"en-US"},{"@type":"Person","@id":"https:\/\/www.agilit.law\/#\/schema\/person\/906193fbe5e020fa826cf7bed5f0119b","name":"Laure Landes-Gronowski","image":{"@type":"ImageObject","inLanguage":"en-US","@id":"https:\/\/www.agilit.law\/#\/schema\/person\/image\/28fdc5034409b7339d9cfb1c7e67a42c","url":"https:\/\/secure.gravatar.com\/avatar\/13eb25dedfd6848dcbcfda1a74be2ff1?s=96&d=mm&r=g","contentUrl":"https:\/\/secure.gravatar.com\/avatar\/13eb25dedfd6848dcbcfda1a74be2ff1?s=96&d=mm&r=g","caption":"Laure Landes-Gronowski"},"url":"https:\/\/www.agilit.law\/en\/author\/laure\/"}]}},"_links":{"self":[{"href":"https:\/\/www.agilit.law\/en\/wp-json\/wp\/v2\/posts\/11979"}],"collection":[{"href":"https:\/\/www.agilit.law\/en\/wp-json\/wp\/v2\/posts"}],"about":[{"href":"https:\/\/www.agilit.law\/en\/wp-json\/wp\/v2\/types\/post"}],"author":[{"embeddable":true,"href":"https:\/\/www.agilit.law\/en\/wp-json\/wp\/v2\/users\/4"}],"replies":[{"embeddable":true,"href":"https:\/\/www.agilit.law\/en\/wp-json\/wp\/v2\/comments?post=11979"}],"version-history":[{"count":7,"href":"https:\/\/www.agilit.law\/en\/wp-json\/wp\/v2\/posts\/11979\/revisions"}],"predecessor-version":[{"id":13761,"href":"https:\/\/www.agilit.law\/en\/wp-json\/wp\/v2\/posts\/11979\/revisions\/13761"}],"wp:featuredmedia":[{"embeddable":true,"href":"https:\/\/www.agilit.law\/en\/wp-json\/wp\/v2\/media\/11988"}],"wp:attachment":[{"href":"https:\/\/www.agilit.law\/en\/wp-json\/wp\/v2\/media?parent=11979"}],"wp:term":[{"taxonomy":"category","embeddable":true,"href":"https:\/\/www.agilit.law\/en\/wp-json\/wp\/v2\/categories?post=11979"},{"taxonomy":"post_tag","embeddable":true,"href":"https:\/\/www.agilit.law\/en\/wp-json\/wp\/v2\/tags?post=11979"},{"taxonomy":"author","embeddable":true,"href":"https:\/\/www.agilit.law\/en\/wp-json\/wp\/v2\/coauthors?post=11979"}],"curies":[{"name":"wp","href":"https:\/\/api.w.org\/{rel}","templated":true}]}}