{"id":10547,"date":"2021-07-27T09:09:36","date_gmt":"2021-07-27T07:09:36","guid":{"rendered":"https:\/\/www.agilit.law\/?p=10547"},"modified":"2021-07-27T09:09:36","modified_gmt":"2021-07-27T07:09:36","slug":"sylvie-jonas-notre-associee-it-cybercrim-interviewee-par-la-depeche-sur-le-trafic-de-faux-pass-sanitaires","status":"publish","type":"post","link":"https:\/\/www.agilit.law\/en\/droit-technologie-et-informations-donnees-personnelles\/sylvie-jonas-notre-associee-it-cybercrim-interviewee-par-la-depeche-sur-le-trafic-de-faux-pass-sanitaires\/","title":{"rendered":"Sylvie Jonas, notre associ\u00e9e IT &#038; Cybercrim, interview\u00e9e par LA DEPECHE sur le trafic de faux pass sanitaires"},"content":{"rendered":"<p><img decoding=\"async\" src=\"https:\/\/www.ladepeche.fr\/img\/logos\/logo.png\" alt=\"Faut-il s'inqui\u00e9ter d'une explosion du trafic de faux pass sanitaires ?\" \/><\/p>\n<p>&nbsp;<\/p>\n<p><a href=\"https:\/\/www.agilit.law\/cabinet\/equipe\/sylvie-jonas\/\" target=\"_blank\" rel=\"noopener\">Sylvie Jonas<\/a>, notre associ\u00e9e IT &amp; Cybercrim, interview\u00e9e par LA DEPECHE sur le trafic de faux pass sanitaires !<\/p>\n<p>&nbsp;<\/p>\n<p>&nbsp;<\/p>\n<p>Faux tests PCR, faux certificats de vaccination et plus r\u00e9cemment faux pass sanitaires, ces pratiques ne sont pas sans cons\u00e9quences pour les personnes impliqu\u00e9es.<\/p>\n<p>Vous pouvez retrouver l\u2019article dans son int\u00e9gralit\u00e9 en\u00a0<a href=\"https:\/\/www.ladepeche.fr\/2021\/07\/20\/faut-il-sinquieter-dune-explosion-du-trafic-de-faux-pass-sanitaires-9682718.php\" target=\"_blank\" rel=\"noopener\">cliquant ici<\/a><\/p>\n<p>&nbsp;<\/p>\n<p>&nbsp;<\/p>\n<p>Par\u00a0<a href=\"https:\/\/www.agilit.law\/\" target=\"_blank\" rel=\"noopener\">AGIL\u2019IT<\/a>\u00a0\u2013 P\u00f4le\u00a0<a href=\"https:\/\/www.agilit.law\/expertises\/technologies-de-linformation-donnees-personnelles\/\" target=\"_blank\" rel=\"noopener\">IT<\/a>,\u00a0<a href=\"https:\/\/www.agilit.law\/expertises\/telecommunications\/\" target=\"_blank\" rel=\"noopener\">T\u00e9l\u00e9coms<\/a>\u00a0&amp;<a href=\"https:\/\/www.agilit.law\/expertises\/donnees-a-caractere-personnel\/\" target=\"_blank\" rel=\"noopener\">\u00a0Data protection<\/a><\/p>\n<p><a href=\"https:\/\/www.agilit.law\/cabinet\/equipe\/sylvie-jonas\/\" target=\"_blank\" rel=\"noopener\">Sylvie JONAS<\/a>, Avocate associ\u00e9e<\/p>\n<p>&nbsp;<\/p>\n","protected":false},"excerpt":{"rendered":"<p>&nbsp; Sylvie Jonas, notre associ\u00e9e IT &amp; Cybercrim, interview\u00e9e par LA DEPECHE sur le trafic de faux pass sanitaires ! &nbsp; &nbsp; Faux tests PCR, faux certificats de vaccination et plus r\u00e9cemment faux pass sanitaires, ces pratiques ne sont pas sans cons\u00e9quences pour les personnes impliqu\u00e9es. Vous pouvez retrouver l\u2019article dans son int\u00e9gralit\u00e9 en\u00a0cliquant ici&hellip;<\/p>\n","protected":false},"author":13,"featured_media":10549,"comment_status":"closed","ping_status":"closed","sticky":false,"template":"","format":"standard","meta":{"footnotes":""},"categories":[73],"tags":[],"coauthors":[99],"yoast_head":"<!-- This site is optimized with the Yoast SEO plugin v21.3 - https:\/\/yoast.com\/wordpress\/plugins\/seo\/ -->\n<title>Sylvie Jonas, notre associ\u00e9e IT &amp; Cybercrim, interview\u00e9e par LA DEPECHE sur le trafic de faux pass sanitaires - AGIL&#039;IT<\/title>\n<meta name=\"robots\" content=\"index, follow, max-snippet:-1, max-image-preview:large, max-video-preview:-1\" \/>\n<link rel=\"canonical\" href=\"https:\/\/www.agilit.law\/en\/droit-technologie-et-informations-donnees-personnelles\/sylvie-jonas-notre-associee-it-cybercrim-interviewee-par-la-depeche-sur-le-trafic-de-faux-pass-sanitaires\/\" \/>\n<meta property=\"og:locale\" content=\"en_US\" \/>\n<meta property=\"og:type\" content=\"article\" \/>\n<meta property=\"og:title\" content=\"Sylvie Jonas, notre associ\u00e9e IT &amp; Cybercrim, interview\u00e9e par LA DEPECHE sur le trafic de faux pass sanitaires - AGIL&#039;IT\" \/>\n<meta property=\"og:description\" content=\"&nbsp; Sylvie Jonas, notre associ\u00e9e IT &amp; Cybercrim, interview\u00e9e par LA DEPECHE sur le trafic de faux pass sanitaires ! &nbsp; &nbsp; Faux tests PCR, faux certificats de vaccination et plus r\u00e9cemment faux pass sanitaires, ces pratiques ne sont pas sans cons\u00e9quences pour les personnes impliqu\u00e9es. Vous pouvez retrouver l\u2019article dans son int\u00e9gralit\u00e9 en\u00a0cliquant ici&hellip;\" \/>\n<meta property=\"og:url\" content=\"https:\/\/www.agilit.law\/en\/droit-technologie-et-informations-donnees-personnelles\/sylvie-jonas-notre-associee-it-cybercrim-interviewee-par-la-depeche-sur-le-trafic-de-faux-pass-sanitaires\/\" \/>\n<meta property=\"og:site_name\" content=\"AGIL&#039;IT\" \/>\n<meta property=\"article:published_time\" content=\"2021-07-27T07:09:36+00:00\" \/>\n<meta property=\"og:image\" content=\"https:\/\/www.agilit.law\/wp-content\/uploads\/2021\/07\/shutterstock_1679767111.jpg\" \/>\n\t<meta property=\"og:image:width\" content=\"1500\" \/>\n\t<meta property=\"og:image:height\" content=\"813\" \/>\n\t<meta property=\"og:image:type\" content=\"image\/jpeg\" \/>\n<meta name=\"author\" content=\"Sylvie JONAS\" \/>\n<meta name=\"twitter:card\" content=\"summary_large_image\" \/>\n<meta name=\"twitter:label1\" content=\"Written by\" \/>\n\t<meta name=\"twitter:data1\" content=\"Sylvie JONAS\" \/>\n\t<meta name=\"twitter:label2\" content=\"Est. reading time\" \/>\n\t<meta name=\"twitter:data2\" content=\"1 minute\" \/>\n<script type=\"application\/ld+json\" class=\"yoast-schema-graph\">{\"@context\":\"https:\/\/schema.org\",\"@graph\":[{\"@type\":\"WebPage\",\"@id\":\"https:\/\/www.agilit.law\/en\/droit-technologie-et-informations-donnees-personnelles\/sylvie-jonas-notre-associee-it-cybercrim-interviewee-par-la-depeche-sur-le-trafic-de-faux-pass-sanitaires\/\",\"url\":\"https:\/\/www.agilit.law\/en\/droit-technologie-et-informations-donnees-personnelles\/sylvie-jonas-notre-associee-it-cybercrim-interviewee-par-la-depeche-sur-le-trafic-de-faux-pass-sanitaires\/\",\"name\":\"Sylvie Jonas, notre associ\u00e9e IT & Cybercrim, interview\u00e9e par LA DEPECHE sur le trafic de faux pass sanitaires - AGIL&#039;IT\",\"isPartOf\":{\"@id\":\"https:\/\/www.agilit.law\/#website\"},\"datePublished\":\"2021-07-27T07:09:36+00:00\",\"dateModified\":\"2021-07-27T07:09:36+00:00\",\"author\":{\"@id\":\"https:\/\/www.agilit.law\/#\/schema\/person\/3c2aff137e0c93d643fa9ea0a0036f9c\"},\"breadcrumb\":{\"@id\":\"https:\/\/www.agilit.law\/en\/droit-technologie-et-informations-donnees-personnelles\/sylvie-jonas-notre-associee-it-cybercrim-interviewee-par-la-depeche-sur-le-trafic-de-faux-pass-sanitaires\/#breadcrumb\"},\"inLanguage\":\"en-US\",\"potentialAction\":[{\"@type\":\"ReadAction\",\"target\":[\"https:\/\/www.agilit.law\/en\/droit-technologie-et-informations-donnees-personnelles\/sylvie-jonas-notre-associee-it-cybercrim-interviewee-par-la-depeche-sur-le-trafic-de-faux-pass-sanitaires\/\"]}]},{\"@type\":\"BreadcrumbList\",\"@id\":\"https:\/\/www.agilit.law\/en\/droit-technologie-et-informations-donnees-personnelles\/sylvie-jonas-notre-associee-it-cybercrim-interviewee-par-la-depeche-sur-le-trafic-de-faux-pass-sanitaires\/#breadcrumb\",\"itemListElement\":[{\"@type\":\"ListItem\",\"position\":1,\"name\":\"Accueil\",\"item\":\"https:\/\/www.agilit.law\/en\/\"},{\"@type\":\"ListItem\",\"position\":2,\"name\":\"Sylvie Jonas, notre associ\u00e9e IT &#038; Cybercrim, interview\u00e9e par LA DEPECHE sur le trafic de faux pass sanitaires\"}]},{\"@type\":\"WebSite\",\"@id\":\"https:\/\/www.agilit.law\/#website\",\"url\":\"https:\/\/www.agilit.law\/\",\"name\":\"AGIL&#039;IT\",\"description\":\"Make things simple\",\"potentialAction\":[{\"@type\":\"SearchAction\",\"target\":{\"@type\":\"EntryPoint\",\"urlTemplate\":\"https:\/\/www.agilit.law\/?s={search_term_string}\"},\"query-input\":\"required name=search_term_string\"}],\"inLanguage\":\"en-US\"},{\"@type\":\"Person\",\"@id\":\"https:\/\/www.agilit.law\/#\/schema\/person\/3c2aff137e0c93d643fa9ea0a0036f9c\",\"name\":\"Sylvie JONAS\",\"image\":{\"@type\":\"ImageObject\",\"inLanguage\":\"en-US\",\"@id\":\"https:\/\/www.agilit.law\/#\/schema\/person\/image\/6bcd277be005faec539f89eb887063dd\",\"url\":\"https:\/\/secure.gravatar.com\/avatar\/62864e6853bc3f79a4edd67268d7c87b?s=96&d=mm&r=g\",\"contentUrl\":\"https:\/\/secure.gravatar.com\/avatar\/62864e6853bc3f79a4edd67268d7c87b?s=96&d=mm&r=g\",\"caption\":\"Sylvie JONAS\"},\"url\":\"https:\/\/www.agilit.law\/en\/author\/sylvie\/\"}]}<\/script>\n<!-- \/ Yoast SEO plugin. -->","yoast_head_json":{"title":"Sylvie Jonas, notre associ\u00e9e IT & Cybercrim, interview\u00e9e par LA DEPECHE sur le trafic de faux pass sanitaires - AGIL&#039;IT","robots":{"index":"index","follow":"follow","max-snippet":"max-snippet:-1","max-image-preview":"max-image-preview:large","max-video-preview":"max-video-preview:-1"},"canonical":"https:\/\/www.agilit.law\/en\/droit-technologie-et-informations-donnees-personnelles\/sylvie-jonas-notre-associee-it-cybercrim-interviewee-par-la-depeche-sur-le-trafic-de-faux-pass-sanitaires\/","og_locale":"en_US","og_type":"article","og_title":"Sylvie Jonas, notre associ\u00e9e IT & Cybercrim, interview\u00e9e par LA DEPECHE sur le trafic de faux pass sanitaires - AGIL&#039;IT","og_description":"&nbsp; Sylvie Jonas, notre associ\u00e9e IT &amp; Cybercrim, interview\u00e9e par LA DEPECHE sur le trafic de faux pass sanitaires ! &nbsp; &nbsp; Faux tests PCR, faux certificats de vaccination et plus r\u00e9cemment faux pass sanitaires, ces pratiques ne sont pas sans cons\u00e9quences pour les personnes impliqu\u00e9es. Vous pouvez retrouver l\u2019article dans son int\u00e9gralit\u00e9 en\u00a0cliquant ici&hellip;","og_url":"https:\/\/www.agilit.law\/en\/droit-technologie-et-informations-donnees-personnelles\/sylvie-jonas-notre-associee-it-cybercrim-interviewee-par-la-depeche-sur-le-trafic-de-faux-pass-sanitaires\/","og_site_name":"AGIL&#039;IT","article_published_time":"2021-07-27T07:09:36+00:00","og_image":[{"width":1500,"height":813,"url":"https:\/\/www.agilit.law\/wp-content\/uploads\/2021\/07\/shutterstock_1679767111.jpg","type":"image\/jpeg"}],"author":"Sylvie JONAS","twitter_card":"summary_large_image","twitter_misc":{"Written by":"Sylvie JONAS","Est. reading time":"1 minute"},"schema":{"@context":"https:\/\/schema.org","@graph":[{"@type":"WebPage","@id":"https:\/\/www.agilit.law\/en\/droit-technologie-et-informations-donnees-personnelles\/sylvie-jonas-notre-associee-it-cybercrim-interviewee-par-la-depeche-sur-le-trafic-de-faux-pass-sanitaires\/","url":"https:\/\/www.agilit.law\/en\/droit-technologie-et-informations-donnees-personnelles\/sylvie-jonas-notre-associee-it-cybercrim-interviewee-par-la-depeche-sur-le-trafic-de-faux-pass-sanitaires\/","name":"Sylvie Jonas, notre associ\u00e9e IT & Cybercrim, interview\u00e9e par LA DEPECHE sur le trafic de faux pass sanitaires - AGIL&#039;IT","isPartOf":{"@id":"https:\/\/www.agilit.law\/#website"},"datePublished":"2021-07-27T07:09:36+00:00","dateModified":"2021-07-27T07:09:36+00:00","author":{"@id":"https:\/\/www.agilit.law\/#\/schema\/person\/3c2aff137e0c93d643fa9ea0a0036f9c"},"breadcrumb":{"@id":"https:\/\/www.agilit.law\/en\/droit-technologie-et-informations-donnees-personnelles\/sylvie-jonas-notre-associee-it-cybercrim-interviewee-par-la-depeche-sur-le-trafic-de-faux-pass-sanitaires\/#breadcrumb"},"inLanguage":"en-US","potentialAction":[{"@type":"ReadAction","target":["https:\/\/www.agilit.law\/en\/droit-technologie-et-informations-donnees-personnelles\/sylvie-jonas-notre-associee-it-cybercrim-interviewee-par-la-depeche-sur-le-trafic-de-faux-pass-sanitaires\/"]}]},{"@type":"BreadcrumbList","@id":"https:\/\/www.agilit.law\/en\/droit-technologie-et-informations-donnees-personnelles\/sylvie-jonas-notre-associee-it-cybercrim-interviewee-par-la-depeche-sur-le-trafic-de-faux-pass-sanitaires\/#breadcrumb","itemListElement":[{"@type":"ListItem","position":1,"name":"Accueil","item":"https:\/\/www.agilit.law\/en\/"},{"@type":"ListItem","position":2,"name":"Sylvie Jonas, notre associ\u00e9e IT &#038; Cybercrim, interview\u00e9e par LA DEPECHE sur le trafic de faux pass sanitaires"}]},{"@type":"WebSite","@id":"https:\/\/www.agilit.law\/#website","url":"https:\/\/www.agilit.law\/","name":"AGIL&#039;IT","description":"Make things simple","potentialAction":[{"@type":"SearchAction","target":{"@type":"EntryPoint","urlTemplate":"https:\/\/www.agilit.law\/?s={search_term_string}"},"query-input":"required name=search_term_string"}],"inLanguage":"en-US"},{"@type":"Person","@id":"https:\/\/www.agilit.law\/#\/schema\/person\/3c2aff137e0c93d643fa9ea0a0036f9c","name":"Sylvie JONAS","image":{"@type":"ImageObject","inLanguage":"en-US","@id":"https:\/\/www.agilit.law\/#\/schema\/person\/image\/6bcd277be005faec539f89eb887063dd","url":"https:\/\/secure.gravatar.com\/avatar\/62864e6853bc3f79a4edd67268d7c87b?s=96&d=mm&r=g","contentUrl":"https:\/\/secure.gravatar.com\/avatar\/62864e6853bc3f79a4edd67268d7c87b?s=96&d=mm&r=g","caption":"Sylvie JONAS"},"url":"https:\/\/www.agilit.law\/en\/author\/sylvie\/"}]}},"_links":{"self":[{"href":"https:\/\/www.agilit.law\/en\/wp-json\/wp\/v2\/posts\/10547"}],"collection":[{"href":"https:\/\/www.agilit.law\/en\/wp-json\/wp\/v2\/posts"}],"about":[{"href":"https:\/\/www.agilit.law\/en\/wp-json\/wp\/v2\/types\/post"}],"author":[{"embeddable":true,"href":"https:\/\/www.agilit.law\/en\/wp-json\/wp\/v2\/users\/13"}],"replies":[{"embeddable":true,"href":"https:\/\/www.agilit.law\/en\/wp-json\/wp\/v2\/comments?post=10547"}],"version-history":[{"count":10,"href":"https:\/\/www.agilit.law\/en\/wp-json\/wp\/v2\/posts\/10547\/revisions"}],"predecessor-version":[{"id":10560,"href":"https:\/\/www.agilit.law\/en\/wp-json\/wp\/v2\/posts\/10547\/revisions\/10560"}],"wp:featuredmedia":[{"embeddable":true,"href":"https:\/\/www.agilit.law\/en\/wp-json\/wp\/v2\/media\/10549"}],"wp:attachment":[{"href":"https:\/\/www.agilit.law\/en\/wp-json\/wp\/v2\/media?parent=10547"}],"wp:term":[{"taxonomy":"category","embeddable":true,"href":"https:\/\/www.agilit.law\/en\/wp-json\/wp\/v2\/categories?post=10547"},{"taxonomy":"post_tag","embeddable":true,"href":"https:\/\/www.agilit.law\/en\/wp-json\/wp\/v2\/tags?post=10547"},{"taxonomy":"author","embeddable":true,"href":"https:\/\/www.agilit.law\/en\/wp-json\/wp\/v2\/coauthors?post=10547"}],"curies":[{"name":"wp","href":"https:\/\/api.w.org\/{rel}","templated":true}]}}