{"id":10438,"date":"2021-06-27T13:15:55","date_gmt":"2021-06-27T11:15:55","guid":{"rendered":"https:\/\/www.agilit.law\/?p=10438"},"modified":"2021-10-27T00:10:27","modified_gmt":"2021-10-26T22:10:27","slug":"laure-landes-gronowski-interview-marianne-doctolib-facebook","status":"publish","type":"post","link":"https:\/\/www.agilit.law\/en\/donnees-caractere-personnel\/laure-landes-gronowski-interview-marianne-doctolib-facebook\/","title":{"rendered":"Laure Landes-Gronowski, notre associ\u00e9e IT &#038; Data, interview\u00e9e par Marianne sur l&#8217;affaire &#8220;Doctolib&#8221;, accus\u00e9 de partager des donn\u00e9es avec Facebook"},"content":{"rendered":"<p><strong>Marianne, 23 juin 2021 &#8211; Interview de notre associ\u00e9e, <a id=\"ember5638\" class=\"feed-link feed-s-main-content__mention ember-view\" tabindex=\"0\" href=\"https:\/\/www.linkedin.com\/in\/laure-landes-gronowski\/\" target=\"_blank\" rel=\"noopener noreferrer\" data-control-name=\"mention\">Laure LANDES-GRONOWSKI<\/a> <span class=\"ember-view\">(p\u00f4le IT &amp; Data protection) sur l&#8217;affaire &#8220;Doctolib&#8221;, accus\u00e9 de partager les donn\u00e9es de ses utilisateurs avec Facebook en Allemagne.<\/span><\/strong><\/p>\n<p>&nbsp;<\/p>\n<p><em><span style=\"text-decoration: underline;\">L&#8217;affaire<\/span><\/em><\/p>\n<p>La plateforme Doctolib de prise de rendez-vous m\u00e9dical est point\u00e9e du doigt par le m\u00e9dia allemand Mobilsicher pour avoir transmis \u00e0 ses partenaires Facebook et Outbrain les donn\u00e9es saisies dans sa barre de recherche par les internautes utilisant ladite plateforme.<\/p>\n<p>&nbsp;<\/p>\n<p><em><span style=\"text-decoration: underline;\">Extraits<\/span><\/em><\/p>\n<p>&#x1f449;&#x1f3fb;\u00a0&#8220;La plateforme Doctolib aurait partag\u00e9 les requ\u00eates de ses utilisateurs allemands \u00e0 Facebook et Outbrain, jeune pousse sp\u00e9cialis\u00e9e dans les recommandations publicitaires, d&#8217;apr\u00e8s une <a href=\"https:\/\/mobilsicher.de\/ratgeber\/verstoerend-doctolib-app-teilte-sensible-informationen-mit-facebook-und-outbrain\" target=\"_blank\" rel=\"noopener\">enqu\u00eate du m\u00e9dia\u00a0<em>Mobilsicher <\/em><\/a>r\u00e9alis\u00e9e entre le 18 et le 21\u00a0juin. Les deux partenaires avaient acc\u00e8s au contenu des recherches comme \u00ab<em>\u00a0tendinite\u00a0<\/em>\u00bb ou \u00ab\u00a0<em>grippe<\/em>\u00a0\u00bb, qui permettent de pr\u00e9ciser quel sp\u00e9cialiste peut r\u00e9pondre aux besoins de l&#8217;utilisateur, ainsi qu&#8217;\u00e0 son adresse IP afin de l&#8217;identifier. Ces donn\u00e9es \u00e9taient ensuite filtr\u00e9es par Facebook et Outbrain. Doctolib affirme en revanche qu&#8217;elles n&#8217;ont pas \u00e9t\u00e9 utilis\u00e9es pour faire de la publicit\u00e9 cibl\u00e9e.<\/p>\n<p class=\"article-text article-body__item\">Les donn\u00e9es de sant\u00e9 ne sont en effet pas cens\u00e9es \u00eatre communiqu\u00e9es \u00e0 des fins commerciales, d&#8217;apr\u00e8s le R\u00e8glement g\u00e9n\u00e9ral pour la protection des donn\u00e9es (RGPD). \u00ab\u00a0<em>En principe, le traitement des donn\u00e9es de sant\u00e9 doit \u00eatre soumis \u00e0 un consentement, mais on n\u2019est pas cens\u00e9 les utiliser pour faire de la sollicitation publicitaire\u00a0<\/em>\u00bb, appuie Laure Landes-Gronowski, avocate associ\u00e9e au sein du cabinet AGIL&#8217;IT sp\u00e9cialis\u00e9e dans la protection des donn\u00e9es.&#8221;<\/p>\n<p>[&#8230;]<\/p>\n<p>&#x1f449;&#x1f3fb;\u00a0&#8220;Le fait que les donn\u00e9es soient r\u00e9cup\u00e9r\u00e9es par un op\u00e9rateur am\u00e9ricain comme Facebook pose aussi probl\u00e8me, d&#8217;apr\u00e8s l&#8217;avocate. \u00ab <em>C&#8217;est une entit\u00e9 qui peut stocker ou collecter des donn\u00e9es en dehors de l&#8217;Union Europ\u00e9enne, ce stockage est donc soumis \u00e0 des conditions compl\u00e9mentaires.<\/em> \u00bb&#8221;<\/p>\n<p>&nbsp;<\/p>\n<p>L&#8217;article est accessible dans son int\u00e9gralit\u00e9 en cliquant <a href=\"https:\/\/www.marianne.net\/societe\/big-brother\/doctolib-accuse-de-partager-les-donnees-de-ses-usagers-avec-facebook-en-allemagne\" target=\"_blank\" rel=\"noopener\">ici<\/a> ou sur l&#8217;image ci-dessous :<\/p>\n<p><img decoding=\"async\" loading=\"lazy\" class=\"aligncenter\" src=\"https:\/\/resize.marianne.net\/r\/770,462\/img\/var\/LQ5936101C\/552235\/080_HL_UPADOVANI_1353823.jpg\" alt=\"Doctolib accus\u00e9 de partager les donn\u00e9es de ses usagers avec Facebook en Allemagne\" width=\"422\" height=\"282\" \/><\/p>\n<p>&nbsp;<\/p>\n<p>&nbsp;<\/p>\n<p>Par AGIL\u2019IT \u2013\u00a0P\u00f4le\u00a0<a href=\"https:\/\/www.agilit.law\/expertises\/technologies-de-linformation-donnees-personnelles\/\" target=\"_blank\" rel=\"noopener noreferrer\">IT<\/a>\u00a0&amp;\u00a0<a href=\"https:\/\/www.agilit.law\/expertises\/donnees-a-caractere-personnel\/\" target=\"_blank\" rel=\"noopener noreferrer\">Data protection<\/a><\/p>\n<p><a href=\"https:\/\/www.agilit.law\/cabinet\/equipe\/laure-landes-gronowski\/\">Laure LANDES-GRONOWSKI<\/a>, Avocate associ\u00e9e<\/p>\n<p>&nbsp;<\/p>\n<p>&nbsp;<\/p>\n","protected":false},"excerpt":{"rendered":"<p>Marianne, 23 juin 2021 &#8211; Interview de notre associ\u00e9e, Laure LANDES-GRONOWSKI (p\u00f4le IT &amp; Data protection) sur l&#8217;affaire &#8220;Doctolib&#8221;, accus\u00e9 de partager les donn\u00e9es de ses utilisateurs avec Facebook en Allemagne. &nbsp; L&#8217;affaire La plateforme Doctolib de prise de rendez-vous m\u00e9dical est point\u00e9e du doigt par le m\u00e9dia allemand Mobilsicher pour avoir transmis \u00e0 ses&hellip;<\/p>\n","protected":false},"author":4,"featured_media":5863,"comment_status":"closed","ping_status":"closed","sticky":false,"template":"","format":"standard","meta":{"footnotes":""},"categories":[150,73],"tags":[],"coauthors":[94],"yoast_head":"<!-- This site is optimized with the Yoast SEO plugin v21.3 - https:\/\/yoast.com\/wordpress\/plugins\/seo\/ -->\n<title>Laure Landes-Gronowski, notre associ\u00e9e IT &amp; Data, interview\u00e9e par Marianne sur l&#039;affaire &quot;Doctolib&quot;, accus\u00e9 de partager des donn\u00e9es avec Facebook - AGIL&#039;IT<\/title>\n<meta name=\"description\" content=\"Laure LANDES-GRONOWSKI (p\u00f4le IT &amp; Data d&#039;Agil&#039;IT) interview\u00e9e par Marianne sur l&#039;affaire &quot;Doctolib&quot;, accus\u00e9 de partager des donn\u00e9es avec Facebook\" \/>\n<meta name=\"robots\" content=\"index, follow, max-snippet:-1, max-image-preview:large, max-video-preview:-1\" \/>\n<link rel=\"canonical\" href=\"https:\/\/www.agilit.law\/en\/donnees-caractere-personnel\/laure-landes-gronowski-interview-marianne-doctolib-facebook\/\" \/>\n<meta property=\"og:locale\" content=\"en_US\" \/>\n<meta property=\"og:type\" content=\"article\" \/>\n<meta property=\"og:title\" content=\"Laure Landes-Gronowski, notre associ\u00e9e IT &amp; Data, interview\u00e9e par Marianne sur l&#039;affaire &quot;Doctolib&quot;, accus\u00e9 de partager des donn\u00e9es avec Facebook - AGIL&#039;IT\" \/>\n<meta property=\"og:description\" content=\"Laure LANDES-GRONOWSKI (p\u00f4le IT &amp; Data d&#039;Agil&#039;IT) interview\u00e9e par Marianne sur l&#039;affaire &quot;Doctolib&quot;, accus\u00e9 de partager des donn\u00e9es avec Facebook\" \/>\n<meta property=\"og:url\" content=\"https:\/\/www.agilit.law\/en\/donnees-caractere-personnel\/laure-landes-gronowski-interview-marianne-doctolib-facebook\/\" \/>\n<meta property=\"og:site_name\" content=\"AGIL&#039;IT\" \/>\n<meta property=\"article:published_time\" content=\"2021-06-27T11:15:55+00:00\" \/>\n<meta property=\"article:modified_time\" content=\"2021-10-26T22:10:27+00:00\" \/>\n<meta property=\"og:image\" content=\"https:\/\/www.agilit.law\/wp-content\/uploads\/2019\/10\/shutterstock_246869491.jpg\" \/>\n\t<meta property=\"og:image:width\" content=\"1500\" \/>\n\t<meta property=\"og:image:height\" content=\"813\" \/>\n\t<meta property=\"og:image:type\" content=\"image\/jpeg\" \/>\n<meta name=\"author\" content=\"Laure Landes-Gronowski\" \/>\n<meta name=\"twitter:card\" content=\"summary_large_image\" \/>\n<meta name=\"twitter:label1\" content=\"Written by\" \/>\n\t<meta name=\"twitter:data1\" content=\"Laure Landes-Gronowski\" \/>\n\t<meta name=\"twitter:label2\" content=\"Est. reading time\" \/>\n\t<meta name=\"twitter:data2\" content=\"2 minutes\" \/>\n<script type=\"application\/ld+json\" class=\"yoast-schema-graph\">{\"@context\":\"https:\/\/schema.org\",\"@graph\":[{\"@type\":\"WebPage\",\"@id\":\"https:\/\/www.agilit.law\/en\/donnees-caractere-personnel\/laure-landes-gronowski-interview-marianne-doctolib-facebook\/\",\"url\":\"https:\/\/www.agilit.law\/en\/donnees-caractere-personnel\/laure-landes-gronowski-interview-marianne-doctolib-facebook\/\",\"name\":\"Laure Landes-Gronowski, notre associ\u00e9e IT & Data, interview\u00e9e par Marianne sur l'affaire \\\"Doctolib\\\", accus\u00e9 de partager des donn\u00e9es avec Facebook - AGIL&#039;IT\",\"isPartOf\":{\"@id\":\"https:\/\/www.agilit.law\/#website\"},\"datePublished\":\"2021-06-27T11:15:55+00:00\",\"dateModified\":\"2021-10-26T22:10:27+00:00\",\"author\":{\"@id\":\"https:\/\/www.agilit.law\/#\/schema\/person\/906193fbe5e020fa826cf7bed5f0119b\"},\"description\":\"Laure LANDES-GRONOWSKI (p\u00f4le IT & Data d'Agil'IT) interview\u00e9e par Marianne sur l'affaire \\\"Doctolib\\\", accus\u00e9 de partager des donn\u00e9es avec Facebook\",\"breadcrumb\":{\"@id\":\"https:\/\/www.agilit.law\/en\/donnees-caractere-personnel\/laure-landes-gronowski-interview-marianne-doctolib-facebook\/#breadcrumb\"},\"inLanguage\":\"en-US\",\"potentialAction\":[{\"@type\":\"ReadAction\",\"target\":[\"https:\/\/www.agilit.law\/en\/donnees-caractere-personnel\/laure-landes-gronowski-interview-marianne-doctolib-facebook\/\"]}]},{\"@type\":\"BreadcrumbList\",\"@id\":\"https:\/\/www.agilit.law\/en\/donnees-caractere-personnel\/laure-landes-gronowski-interview-marianne-doctolib-facebook\/#breadcrumb\",\"itemListElement\":[{\"@type\":\"ListItem\",\"position\":1,\"name\":\"Accueil\",\"item\":\"https:\/\/www.agilit.law\/en\/\"},{\"@type\":\"ListItem\",\"position\":2,\"name\":\"Laure Landes-Gronowski, notre associ\u00e9e IT &#038; Data, interview\u00e9e par Marianne sur l&#8217;affaire &#8220;Doctolib&#8221;, accus\u00e9 de partager des donn\u00e9es avec Facebook\"}]},{\"@type\":\"WebSite\",\"@id\":\"https:\/\/www.agilit.law\/#website\",\"url\":\"https:\/\/www.agilit.law\/\",\"name\":\"AGIL&#039;IT\",\"description\":\"Make things simple\",\"potentialAction\":[{\"@type\":\"SearchAction\",\"target\":{\"@type\":\"EntryPoint\",\"urlTemplate\":\"https:\/\/www.agilit.law\/?s={search_term_string}\"},\"query-input\":\"required name=search_term_string\"}],\"inLanguage\":\"en-US\"},{\"@type\":\"Person\",\"@id\":\"https:\/\/www.agilit.law\/#\/schema\/person\/906193fbe5e020fa826cf7bed5f0119b\",\"name\":\"Laure Landes-Gronowski\",\"image\":{\"@type\":\"ImageObject\",\"inLanguage\":\"en-US\",\"@id\":\"https:\/\/www.agilit.law\/#\/schema\/person\/image\/28fdc5034409b7339d9cfb1c7e67a42c\",\"url\":\"https:\/\/secure.gravatar.com\/avatar\/13eb25dedfd6848dcbcfda1a74be2ff1?s=96&d=mm&r=g\",\"contentUrl\":\"https:\/\/secure.gravatar.com\/avatar\/13eb25dedfd6848dcbcfda1a74be2ff1?s=96&d=mm&r=g\",\"caption\":\"Laure Landes-Gronowski\"},\"url\":\"https:\/\/www.agilit.law\/en\/author\/laure\/\"}]}<\/script>\n<!-- \/ Yoast SEO plugin. -->","yoast_head_json":{"title":"Laure Landes-Gronowski, notre associ\u00e9e IT & Data, interview\u00e9e par Marianne sur l'affaire \"Doctolib\", accus\u00e9 de partager des donn\u00e9es avec Facebook - AGIL&#039;IT","description":"Laure LANDES-GRONOWSKI (p\u00f4le IT & Data d'Agil'IT) interview\u00e9e par Marianne sur l'affaire \"Doctolib\", accus\u00e9 de partager des donn\u00e9es avec Facebook","robots":{"index":"index","follow":"follow","max-snippet":"max-snippet:-1","max-image-preview":"max-image-preview:large","max-video-preview":"max-video-preview:-1"},"canonical":"https:\/\/www.agilit.law\/en\/donnees-caractere-personnel\/laure-landes-gronowski-interview-marianne-doctolib-facebook\/","og_locale":"en_US","og_type":"article","og_title":"Laure Landes-Gronowski, notre associ\u00e9e IT & Data, interview\u00e9e par Marianne sur l'affaire \"Doctolib\", accus\u00e9 de partager des donn\u00e9es avec Facebook - AGIL&#039;IT","og_description":"Laure LANDES-GRONOWSKI (p\u00f4le IT & Data d'Agil'IT) interview\u00e9e par Marianne sur l'affaire \"Doctolib\", accus\u00e9 de partager des donn\u00e9es avec Facebook","og_url":"https:\/\/www.agilit.law\/en\/donnees-caractere-personnel\/laure-landes-gronowski-interview-marianne-doctolib-facebook\/","og_site_name":"AGIL&#039;IT","article_published_time":"2021-06-27T11:15:55+00:00","article_modified_time":"2021-10-26T22:10:27+00:00","og_image":[{"width":1500,"height":813,"url":"https:\/\/www.agilit.law\/wp-content\/uploads\/2019\/10\/shutterstock_246869491.jpg","type":"image\/jpeg"}],"author":"Laure Landes-Gronowski","twitter_card":"summary_large_image","twitter_misc":{"Written by":"Laure Landes-Gronowski","Est. reading time":"2 minutes"},"schema":{"@context":"https:\/\/schema.org","@graph":[{"@type":"WebPage","@id":"https:\/\/www.agilit.law\/en\/donnees-caractere-personnel\/laure-landes-gronowski-interview-marianne-doctolib-facebook\/","url":"https:\/\/www.agilit.law\/en\/donnees-caractere-personnel\/laure-landes-gronowski-interview-marianne-doctolib-facebook\/","name":"Laure Landes-Gronowski, notre associ\u00e9e IT & Data, interview\u00e9e par Marianne sur l'affaire \"Doctolib\", accus\u00e9 de partager des donn\u00e9es avec Facebook - AGIL&#039;IT","isPartOf":{"@id":"https:\/\/www.agilit.law\/#website"},"datePublished":"2021-06-27T11:15:55+00:00","dateModified":"2021-10-26T22:10:27+00:00","author":{"@id":"https:\/\/www.agilit.law\/#\/schema\/person\/906193fbe5e020fa826cf7bed5f0119b"},"description":"Laure LANDES-GRONOWSKI (p\u00f4le IT & Data d'Agil'IT) interview\u00e9e par Marianne sur l'affaire \"Doctolib\", accus\u00e9 de partager des donn\u00e9es avec Facebook","breadcrumb":{"@id":"https:\/\/www.agilit.law\/en\/donnees-caractere-personnel\/laure-landes-gronowski-interview-marianne-doctolib-facebook\/#breadcrumb"},"inLanguage":"en-US","potentialAction":[{"@type":"ReadAction","target":["https:\/\/www.agilit.law\/en\/donnees-caractere-personnel\/laure-landes-gronowski-interview-marianne-doctolib-facebook\/"]}]},{"@type":"BreadcrumbList","@id":"https:\/\/www.agilit.law\/en\/donnees-caractere-personnel\/laure-landes-gronowski-interview-marianne-doctolib-facebook\/#breadcrumb","itemListElement":[{"@type":"ListItem","position":1,"name":"Accueil","item":"https:\/\/www.agilit.law\/en\/"},{"@type":"ListItem","position":2,"name":"Laure Landes-Gronowski, notre associ\u00e9e IT &#038; Data, interview\u00e9e par Marianne sur l&#8217;affaire &#8220;Doctolib&#8221;, accus\u00e9 de partager des donn\u00e9es avec Facebook"}]},{"@type":"WebSite","@id":"https:\/\/www.agilit.law\/#website","url":"https:\/\/www.agilit.law\/","name":"AGIL&#039;IT","description":"Make things simple","potentialAction":[{"@type":"SearchAction","target":{"@type":"EntryPoint","urlTemplate":"https:\/\/www.agilit.law\/?s={search_term_string}"},"query-input":"required name=search_term_string"}],"inLanguage":"en-US"},{"@type":"Person","@id":"https:\/\/www.agilit.law\/#\/schema\/person\/906193fbe5e020fa826cf7bed5f0119b","name":"Laure Landes-Gronowski","image":{"@type":"ImageObject","inLanguage":"en-US","@id":"https:\/\/www.agilit.law\/#\/schema\/person\/image\/28fdc5034409b7339d9cfb1c7e67a42c","url":"https:\/\/secure.gravatar.com\/avatar\/13eb25dedfd6848dcbcfda1a74be2ff1?s=96&d=mm&r=g","contentUrl":"https:\/\/secure.gravatar.com\/avatar\/13eb25dedfd6848dcbcfda1a74be2ff1?s=96&d=mm&r=g","caption":"Laure Landes-Gronowski"},"url":"https:\/\/www.agilit.law\/en\/author\/laure\/"}]}},"_links":{"self":[{"href":"https:\/\/www.agilit.law\/en\/wp-json\/wp\/v2\/posts\/10438"}],"collection":[{"href":"https:\/\/www.agilit.law\/en\/wp-json\/wp\/v2\/posts"}],"about":[{"href":"https:\/\/www.agilit.law\/en\/wp-json\/wp\/v2\/types\/post"}],"author":[{"embeddable":true,"href":"https:\/\/www.agilit.law\/en\/wp-json\/wp\/v2\/users\/4"}],"replies":[{"embeddable":true,"href":"https:\/\/www.agilit.law\/en\/wp-json\/wp\/v2\/comments?post=10438"}],"version-history":[{"count":7,"href":"https:\/\/www.agilit.law\/en\/wp-json\/wp\/v2\/posts\/10438\/revisions"}],"predecessor-version":[{"id":10445,"href":"https:\/\/www.agilit.law\/en\/wp-json\/wp\/v2\/posts\/10438\/revisions\/10445"}],"wp:featuredmedia":[{"embeddable":true,"href":"https:\/\/www.agilit.law\/en\/wp-json\/wp\/v2\/media\/5863"}],"wp:attachment":[{"href":"https:\/\/www.agilit.law\/en\/wp-json\/wp\/v2\/media?parent=10438"}],"wp:term":[{"taxonomy":"category","embeddable":true,"href":"https:\/\/www.agilit.law\/en\/wp-json\/wp\/v2\/categories?post=10438"},{"taxonomy":"post_tag","embeddable":true,"href":"https:\/\/www.agilit.law\/en\/wp-json\/wp\/v2\/tags?post=10438"},{"taxonomy":"author","embeddable":true,"href":"https:\/\/www.agilit.law\/en\/wp-json\/wp\/v2\/coauthors?post=10438"}],"curies":[{"name":"wp","href":"https:\/\/api.w.org\/{rel}","templated":true}]}}