{"id":10306,"date":"2021-06-14T16:31:27","date_gmt":"2021-06-14T14:31:27","guid":{"rendered":"https:\/\/www.agilit.law\/?p=10306"},"modified":"2021-06-21T10:46:21","modified_gmt":"2021-06-21T08:46:21","slug":"sylvie-jonas-interviewee-par-ouest-france-au-sujet-des-groupes-facebook-denqueteurs","status":"publish","type":"post","link":"https:\/\/www.agilit.law\/en\/droit-technologie-et-informations-donnees-personnelles\/sylvie-jonas-interviewee-par-ouest-france-au-sujet-des-groupes-facebook-denqueteurs\/","title":{"rendered":"Sylvie Jonas interview\u00e9e par Ouest France au sujet des groupes Facebook d&#8217;enqu\u00eateurs"},"content":{"rendered":"<p><img decoding=\"async\" loading=\"lazy\" class=\"size-full wp-image-10409 alignleft\" src=\"https:\/\/www.agilit.law\/wp-content\/uploads\/2021\/06\/logo-ouest-france.png\" alt=\"\" width=\"303\" height=\"132\" srcset=\"https:\/\/www.agilit.law\/wp-content\/uploads\/2021\/06\/logo-ouest-france.png 303w, https:\/\/www.agilit.law\/wp-content\/uploads\/2021\/06\/logo-ouest-france-300x132.png 300w\" sizes=\"(max-width: 303px) 100vw, 303px\" \/><\/p>\n<p>&nbsp;<\/p>\n<p>&nbsp;<\/p>\n<p><strong>Sylvie Jonas<\/strong><strong>, associ\u00e9e IT et Cybercriminalit\u00e9, interview\u00e9e pour Ouest France au sujet des groupes Facebook \u00ab d\u2019enqu\u00eateurs \u00bb !<\/strong><\/p>\n<p>&nbsp;<\/p>\n<p>&nbsp;<\/p>\n<p>&nbsp;<\/p>\n<p>Les groupes de ce type se sont multipli\u00e9s ces dix derni\u00e8res ann\u00e9es sur les r\u00e9seaux sociaux, notamment \u00e0 la suite de l&#8217;affaire Xavier Dupont de Ligonn\u00e8s (dit &#8220;XDDL&#8221;). Or, certaines pratiques des membres de ces groupes peuvent poser question juridiquement.<\/p>\n<p>&nbsp;<\/p>\n<p>&nbsp;<\/p>\n<p><img decoding=\"async\" loading=\"lazy\" class=\"alignnone size-full wp-image-10414\" src=\"https:\/\/www.agilit.law\/wp-content\/uploads\/2021\/06\/ouest-france.jpg\" alt=\"\" width=\"1081\" height=\"380\" srcset=\"https:\/\/www.agilit.law\/wp-content\/uploads\/2021\/06\/ouest-france.jpg 1081w, https:\/\/www.agilit.law\/wp-content\/uploads\/2021\/06\/ouest-france-1024x360.jpg 1024w, https:\/\/www.agilit.law\/wp-content\/uploads\/2021\/06\/ouest-france-768x270.jpg 768w, https:\/\/www.agilit.law\/wp-content\/uploads\/2021\/06\/ouest-france-500x176.jpg 500w, https:\/\/www.agilit.law\/wp-content\/uploads\/2021\/06\/ouest-france-600x211.jpg 600w\" sizes=\"(max-width: 1081px) 100vw, 1081px\" \/><\/p>\n<p>&nbsp;<\/p>\n<p>&nbsp;<\/p>\n<p>Vous pouvez retrouver l\u2019article dans son int\u00e9gralit\u00e9 en <a href=\"https:\/\/www.ouest-france.fr\/societe\/enqueter-sur-une-affaire-judiciaire-est-ce-un-hobby-ce-que-risquent-les-detectives-amateurs-24148a94-b231-11eb-9943-0ae3290145e2\" target=\"_blank\" rel=\"noopener\">cliquant ici<\/a> (r\u00e9serv\u00e9 aux abonn\u00e9s).<\/p>\n<p>#r\u00e9seauxsociaux #xddl #viepriv\u00e9e #ouestfrance<\/p>\n<p>&nbsp;<\/p>\n<p>Par\u00a0<a href=\"https:\/\/www.agilit.law\/\" target=\"_blank\" rel=\"noopener\">AGIL\u2019IT<\/a>\u00a0\u2013 P\u00f4le\u00a0<a href=\"https:\/\/www.agilit.law\/expertises\/technologies-de-linformation-donnees-personnelles\/\" target=\"_blank\" rel=\"noopener\">IT<\/a>,\u00a0Cybercriminalit\u00e9\u00a0&amp; <a href=\"https:\/\/www.agilit.law\/expertises\/donnees-a-caractere-personnel\/\" target=\"_blank\" rel=\"noopener\">Data protection<\/a><\/p>\n<p><a href=\"https:\/\/www.agilit.law\/cabinet\/equipe\/sylvie-jonas\/\" target=\"_blank\" rel=\"noopener\">Sylvie JONAS<\/a>, Avocate associ\u00e9e<\/p>\n<p>&nbsp;<\/p>\n","protected":false},"excerpt":{"rendered":"<p>&nbsp; &nbsp; Sylvie Jonas, associ\u00e9e IT et Cybercriminalit\u00e9, interview\u00e9e pour Ouest France au sujet des groupes Facebook \u00ab d\u2019enqu\u00eateurs \u00bb ! &nbsp; &nbsp; &nbsp; Les groupes de ce type se sont multipli\u00e9s ces dix derni\u00e8res ann\u00e9es sur les r\u00e9seaux sociaux, notamment \u00e0 la suite de l&#8217;affaire Xavier Dupont de Ligonn\u00e8s (dit &#8220;XDDL&#8221;). Or, certaines pratiques&hellip;<\/p>\n","protected":false},"author":13,"featured_media":9023,"comment_status":"closed","ping_status":"closed","sticky":false,"template":"","format":"standard","meta":{"footnotes":""},"categories":[73],"tags":[],"coauthors":[99],"yoast_head":"<!-- This site is optimized with the Yoast SEO plugin v21.3 - https:\/\/yoast.com\/wordpress\/plugins\/seo\/ -->\n<title>Sylvie Jonas interview\u00e9e par Ouest France au sujet des groupes Facebook d&#039;enqu\u00eateurs - AGIL&#039;IT<\/title>\n<meta name=\"robots\" content=\"index, follow, max-snippet:-1, max-image-preview:large, max-video-preview:-1\" \/>\n<link rel=\"canonical\" href=\"https:\/\/www.agilit.law\/droit-technologie-et-informations-donnees-personnelles\/sylvie-jonas-interviewee-par-ouest-france-au-sujet-des-groupes-facebook-denqueteurs\/\" \/>\n<meta property=\"og:locale\" content=\"en_US\" \/>\n<meta property=\"og:type\" content=\"article\" \/>\n<meta property=\"og:title\" content=\"Sylvie Jonas interview\u00e9e par Ouest France au sujet des groupes Facebook d&#039;enqu\u00eateurs - AGIL&#039;IT\" \/>\n<meta property=\"og:description\" content=\"&nbsp; &nbsp; Sylvie Jonas, associ\u00e9e IT et Cybercriminalit\u00e9, interview\u00e9e pour Ouest France au sujet des groupes Facebook \u00ab d\u2019enqu\u00eateurs \u00bb ! &nbsp; &nbsp; &nbsp; Les groupes de ce type se sont multipli\u00e9s ces dix derni\u00e8res ann\u00e9es sur les r\u00e9seaux sociaux, notamment \u00e0 la suite de l&#8217;affaire Xavier Dupont de Ligonn\u00e8s (dit &#8220;XDDL&#8221;). Or, certaines pratiques&hellip;\" \/>\n<meta property=\"og:url\" content=\"https:\/\/www.agilit.law\/droit-technologie-et-informations-donnees-personnelles\/sylvie-jonas-interviewee-par-ouest-france-au-sujet-des-groupes-facebook-denqueteurs\/\" \/>\n<meta property=\"og:site_name\" content=\"AGIL&#039;IT\" \/>\n<meta property=\"article:published_time\" content=\"2021-06-14T14:31:27+00:00\" \/>\n<meta property=\"article:modified_time\" content=\"2021-06-21T08:46:21+00:00\" \/>\n<meta property=\"og:image\" content=\"https:\/\/www.agilit.law\/wp-content\/uploads\/2021\/02\/Image-illustration-article-RTL.jpg\" \/>\n\t<meta property=\"og:image:width\" content=\"1386\" \/>\n\t<meta property=\"og:image:height\" content=\"751\" \/>\n\t<meta property=\"og:image:type\" content=\"image\/jpeg\" \/>\n<meta name=\"author\" content=\"Sylvie JONAS\" \/>\n<meta name=\"twitter:card\" content=\"summary_large_image\" \/>\n<meta name=\"twitter:label1\" content=\"Written by\" \/>\n\t<meta name=\"twitter:data1\" content=\"Sylvie JONAS\" \/>\n\t<meta name=\"twitter:label2\" content=\"Est. reading time\" \/>\n\t<meta name=\"twitter:data2\" content=\"1 minute\" \/>\n<script type=\"application\/ld+json\" class=\"yoast-schema-graph\">{\"@context\":\"https:\/\/schema.org\",\"@graph\":[{\"@type\":\"WebPage\",\"@id\":\"https:\/\/www.agilit.law\/droit-technologie-et-informations-donnees-personnelles\/sylvie-jonas-interviewee-par-ouest-france-au-sujet-des-groupes-facebook-denqueteurs\/\",\"url\":\"https:\/\/www.agilit.law\/droit-technologie-et-informations-donnees-personnelles\/sylvie-jonas-interviewee-par-ouest-france-au-sujet-des-groupes-facebook-denqueteurs\/\",\"name\":\"Sylvie Jonas interview\u00e9e par Ouest France au sujet des groupes Facebook d'enqu\u00eateurs - AGIL&#039;IT\",\"isPartOf\":{\"@id\":\"https:\/\/www.agilit.law\/#website\"},\"datePublished\":\"2021-06-14T14:31:27+00:00\",\"dateModified\":\"2021-06-21T08:46:21+00:00\",\"author\":{\"@id\":\"https:\/\/www.agilit.law\/#\/schema\/person\/3c2aff137e0c93d643fa9ea0a0036f9c\"},\"breadcrumb\":{\"@id\":\"https:\/\/www.agilit.law\/droit-technologie-et-informations-donnees-personnelles\/sylvie-jonas-interviewee-par-ouest-france-au-sujet-des-groupes-facebook-denqueteurs\/#breadcrumb\"},\"inLanguage\":\"en-US\",\"potentialAction\":[{\"@type\":\"ReadAction\",\"target\":[\"https:\/\/www.agilit.law\/droit-technologie-et-informations-donnees-personnelles\/sylvie-jonas-interviewee-par-ouest-france-au-sujet-des-groupes-facebook-denqueteurs\/\"]}]},{\"@type\":\"BreadcrumbList\",\"@id\":\"https:\/\/www.agilit.law\/droit-technologie-et-informations-donnees-personnelles\/sylvie-jonas-interviewee-par-ouest-france-au-sujet-des-groupes-facebook-denqueteurs\/#breadcrumb\",\"itemListElement\":[{\"@type\":\"ListItem\",\"position\":1,\"name\":\"Accueil\",\"item\":\"https:\/\/www.agilit.law\/en\/\"},{\"@type\":\"ListItem\",\"position\":2,\"name\":\"Sylvie Jonas interview\u00e9e par Ouest France au sujet des groupes Facebook d&#8217;enqu\u00eateurs\"}]},{\"@type\":\"WebSite\",\"@id\":\"https:\/\/www.agilit.law\/#website\",\"url\":\"https:\/\/www.agilit.law\/\",\"name\":\"AGIL&#039;IT\",\"description\":\"Make things simple\",\"potentialAction\":[{\"@type\":\"SearchAction\",\"target\":{\"@type\":\"EntryPoint\",\"urlTemplate\":\"https:\/\/www.agilit.law\/?s={search_term_string}\"},\"query-input\":\"required name=search_term_string\"}],\"inLanguage\":\"en-US\"},{\"@type\":\"Person\",\"@id\":\"https:\/\/www.agilit.law\/#\/schema\/person\/3c2aff137e0c93d643fa9ea0a0036f9c\",\"name\":\"Sylvie JONAS\",\"image\":{\"@type\":\"ImageObject\",\"inLanguage\":\"en-US\",\"@id\":\"https:\/\/www.agilit.law\/#\/schema\/person\/image\/6bcd277be005faec539f89eb887063dd\",\"url\":\"https:\/\/secure.gravatar.com\/avatar\/62864e6853bc3f79a4edd67268d7c87b?s=96&d=mm&r=g\",\"contentUrl\":\"https:\/\/secure.gravatar.com\/avatar\/62864e6853bc3f79a4edd67268d7c87b?s=96&d=mm&r=g\",\"caption\":\"Sylvie JONAS\"},\"url\":\"https:\/\/www.agilit.law\/en\/author\/sylvie\/\"}]}<\/script>\n<!-- \/ Yoast SEO plugin. -->","yoast_head_json":{"title":"Sylvie Jonas interview\u00e9e par Ouest France au sujet des groupes Facebook d'enqu\u00eateurs - AGIL&#039;IT","robots":{"index":"index","follow":"follow","max-snippet":"max-snippet:-1","max-image-preview":"max-image-preview:large","max-video-preview":"max-video-preview:-1"},"canonical":"https:\/\/www.agilit.law\/droit-technologie-et-informations-donnees-personnelles\/sylvie-jonas-interviewee-par-ouest-france-au-sujet-des-groupes-facebook-denqueteurs\/","og_locale":"en_US","og_type":"article","og_title":"Sylvie Jonas interview\u00e9e par Ouest France au sujet des groupes Facebook d'enqu\u00eateurs - AGIL&#039;IT","og_description":"&nbsp; &nbsp; Sylvie Jonas, associ\u00e9e IT et Cybercriminalit\u00e9, interview\u00e9e pour Ouest France au sujet des groupes Facebook \u00ab d\u2019enqu\u00eateurs \u00bb ! &nbsp; &nbsp; &nbsp; Les groupes de ce type se sont multipli\u00e9s ces dix derni\u00e8res ann\u00e9es sur les r\u00e9seaux sociaux, notamment \u00e0 la suite de l&#8217;affaire Xavier Dupont de Ligonn\u00e8s (dit &#8220;XDDL&#8221;). Or, certaines pratiques&hellip;","og_url":"https:\/\/www.agilit.law\/droit-technologie-et-informations-donnees-personnelles\/sylvie-jonas-interviewee-par-ouest-france-au-sujet-des-groupes-facebook-denqueteurs\/","og_site_name":"AGIL&#039;IT","article_published_time":"2021-06-14T14:31:27+00:00","article_modified_time":"2021-06-21T08:46:21+00:00","og_image":[{"width":1386,"height":751,"url":"https:\/\/www.agilit.law\/wp-content\/uploads\/2021\/02\/Image-illustration-article-RTL.jpg","type":"image\/jpeg"}],"author":"Sylvie JONAS","twitter_card":"summary_large_image","twitter_misc":{"Written by":"Sylvie JONAS","Est. reading time":"1 minute"},"schema":{"@context":"https:\/\/schema.org","@graph":[{"@type":"WebPage","@id":"https:\/\/www.agilit.law\/droit-technologie-et-informations-donnees-personnelles\/sylvie-jonas-interviewee-par-ouest-france-au-sujet-des-groupes-facebook-denqueteurs\/","url":"https:\/\/www.agilit.law\/droit-technologie-et-informations-donnees-personnelles\/sylvie-jonas-interviewee-par-ouest-france-au-sujet-des-groupes-facebook-denqueteurs\/","name":"Sylvie Jonas interview\u00e9e par Ouest France au sujet des groupes Facebook d'enqu\u00eateurs - AGIL&#039;IT","isPartOf":{"@id":"https:\/\/www.agilit.law\/#website"},"datePublished":"2021-06-14T14:31:27+00:00","dateModified":"2021-06-21T08:46:21+00:00","author":{"@id":"https:\/\/www.agilit.law\/#\/schema\/person\/3c2aff137e0c93d643fa9ea0a0036f9c"},"breadcrumb":{"@id":"https:\/\/www.agilit.law\/droit-technologie-et-informations-donnees-personnelles\/sylvie-jonas-interviewee-par-ouest-france-au-sujet-des-groupes-facebook-denqueteurs\/#breadcrumb"},"inLanguage":"en-US","potentialAction":[{"@type":"ReadAction","target":["https:\/\/www.agilit.law\/droit-technologie-et-informations-donnees-personnelles\/sylvie-jonas-interviewee-par-ouest-france-au-sujet-des-groupes-facebook-denqueteurs\/"]}]},{"@type":"BreadcrumbList","@id":"https:\/\/www.agilit.law\/droit-technologie-et-informations-donnees-personnelles\/sylvie-jonas-interviewee-par-ouest-france-au-sujet-des-groupes-facebook-denqueteurs\/#breadcrumb","itemListElement":[{"@type":"ListItem","position":1,"name":"Accueil","item":"https:\/\/www.agilit.law\/en\/"},{"@type":"ListItem","position":2,"name":"Sylvie Jonas interview\u00e9e par Ouest France au sujet des groupes Facebook d&#8217;enqu\u00eateurs"}]},{"@type":"WebSite","@id":"https:\/\/www.agilit.law\/#website","url":"https:\/\/www.agilit.law\/","name":"AGIL&#039;IT","description":"Make things simple","potentialAction":[{"@type":"SearchAction","target":{"@type":"EntryPoint","urlTemplate":"https:\/\/www.agilit.law\/?s={search_term_string}"},"query-input":"required name=search_term_string"}],"inLanguage":"en-US"},{"@type":"Person","@id":"https:\/\/www.agilit.law\/#\/schema\/person\/3c2aff137e0c93d643fa9ea0a0036f9c","name":"Sylvie JONAS","image":{"@type":"ImageObject","inLanguage":"en-US","@id":"https:\/\/www.agilit.law\/#\/schema\/person\/image\/6bcd277be005faec539f89eb887063dd","url":"https:\/\/secure.gravatar.com\/avatar\/62864e6853bc3f79a4edd67268d7c87b?s=96&d=mm&r=g","contentUrl":"https:\/\/secure.gravatar.com\/avatar\/62864e6853bc3f79a4edd67268d7c87b?s=96&d=mm&r=g","caption":"Sylvie JONAS"},"url":"https:\/\/www.agilit.law\/en\/author\/sylvie\/"}]}},"_links":{"self":[{"href":"https:\/\/www.agilit.law\/en\/wp-json\/wp\/v2\/posts\/10306"}],"collection":[{"href":"https:\/\/www.agilit.law\/en\/wp-json\/wp\/v2\/posts"}],"about":[{"href":"https:\/\/www.agilit.law\/en\/wp-json\/wp\/v2\/types\/post"}],"author":[{"embeddable":true,"href":"https:\/\/www.agilit.law\/en\/wp-json\/wp\/v2\/users\/13"}],"replies":[{"embeddable":true,"href":"https:\/\/www.agilit.law\/en\/wp-json\/wp\/v2\/comments?post=10306"}],"version-history":[{"count":10,"href":"https:\/\/www.agilit.law\/en\/wp-json\/wp\/v2\/posts\/10306\/revisions"}],"predecessor-version":[{"id":10310,"href":"https:\/\/www.agilit.law\/en\/wp-json\/wp\/v2\/posts\/10306\/revisions\/10310"}],"wp:featuredmedia":[{"embeddable":true,"href":"https:\/\/www.agilit.law\/en\/wp-json\/wp\/v2\/media\/9023"}],"wp:attachment":[{"href":"https:\/\/www.agilit.law\/en\/wp-json\/wp\/v2\/media?parent=10306"}],"wp:term":[{"taxonomy":"category","embeddable":true,"href":"https:\/\/www.agilit.law\/en\/wp-json\/wp\/v2\/categories?post=10306"},{"taxonomy":"post_tag","embeddable":true,"href":"https:\/\/www.agilit.law\/en\/wp-json\/wp\/v2\/tags?post=10306"},{"taxonomy":"author","embeddable":true,"href":"https:\/\/www.agilit.law\/en\/wp-json\/wp\/v2\/coauthors?post=10306"}],"curies":[{"name":"wp","href":"https:\/\/api.w.org\/{rel}","templated":true}]}}