{"id":10028,"date":"2020-11-30T22:43:32","date_gmt":"2020-11-30T21:43:32","guid":{"rendered":"https:\/\/www.agilit.law\/?p=10028"},"modified":"2021-04-26T22:45:23","modified_gmt":"2021-04-26T20:45:23","slug":"2020-cabinet-oris-avocats-recompense","status":"publish","type":"post","link":"https:\/\/www.agilit.law\/en\/propriete-intellectuelle\/2020-cabinet-oris-avocats-recompense\/","title":{"rendered":"2020: le cabinet ORIS AVOCATS r\u00e9compens\u00e9"},"content":{"rendered":"<p><span class=\"break-words\"><span dir=\"ltr\">L\u2019ann\u00e9e 2020 a \u00e9t\u00e9 \u00e9prouvante pour tout le monde, mais <a href=\"https:\/\/www.linkedin.com\/in\/ACoAAAi4Z48BJqEGk4RhFMx9cIQKpVx4Z89QDwo\" data-attribute-index=\"0\" data-entity-hovercard-id=\"urn:li:fs_miniProfile:ACoAAAi4Z48BJqEGk4RhFMx9cIQKpVx4Z89QDwo\" data-entity-type=\"MINI_PROFILE\">Salom\u00e9 Garlandat<\/a> et moi-m\u00eame sommes n\u00e9amoins heureux que le cabinet <a href=\"https:\/\/www.linkedin.com\/company\/oris-avocats\/\" data-attribute-index=\"2\" data-entity-hovercard-id=\"urn:li:fs_miniCompany:10144300\" data-entity-type=\"MINI_COMPANY\">ORIS AVOCATS<\/a> soit reconnu par LE POINT et D\u00e9cideurs en propri\u00e9t\u00e9 intellectuelle, ainsi que dans le secteur &#8220;Luxe et Mode&#8221;.<\/span><\/span><\/p>\n<p>&nbsp;<\/p>\n<p><a href=\"https:\/\/www.agilit.law\/wp-content\/uploads\/2021\/04\/ORIS-PUBLI-scaled.jpg\"><img decoding=\"async\" loading=\"lazy\" class=\"alignnone size-large wp-image-1232\" src=\"https:\/\/www.agilit.law\/wp-content\/uploads\/2021\/04\/ORIS-PUBLI-scaled.jpg\" alt=\"ORIS PUBLI\" width=\"990\" height=\"557\" \/><\/a><\/p>\n","protected":false},"excerpt":{"rendered":"<p>L\u2019ann\u00e9e 2020 a \u00e9t\u00e9 \u00e9prouvante pour tout le monde, mais Salom\u00e9 Garlandat et moi-m\u00eame sommes n\u00e9amoins heureux que le cabinet ORIS AVOCATS soit reconnu par LE POINT et D\u00e9cideurs en propri\u00e9t\u00e9 intellectuelle, ainsi que dans le secteur &#8220;Luxe et Mode&#8221;. &nbsp;<\/p>\n","protected":false},"author":22,"featured_media":0,"comment_status":"closed","ping_status":"closed","sticky":false,"template":"","format":"standard","meta":{"footnotes":""},"categories":[140],"tags":[],"coauthors":[143],"yoast_head":"<!-- This site is optimized with the Yoast SEO plugin v21.3 - https:\/\/yoast.com\/wordpress\/plugins\/seo\/ -->\n<title>2020: le cabinet ORIS AVOCATS r\u00e9compens\u00e9 - AGIL&#039;IT<\/title>\n<meta name=\"robots\" content=\"index, follow, max-snippet:-1, max-image-preview:large, max-video-preview:-1\" \/>\n<link rel=\"canonical\" href=\"https:\/\/www.agilit.law\/en\/propriete-intellectuelle\/2020-cabinet-oris-avocats-recompense\/\" \/>\n<meta property=\"og:locale\" content=\"en_US\" \/>\n<meta property=\"og:type\" content=\"article\" \/>\n<meta property=\"og:title\" content=\"2020: le cabinet ORIS AVOCATS r\u00e9compens\u00e9 - AGIL&#039;IT\" \/>\n<meta property=\"og:description\" content=\"L\u2019ann\u00e9e 2020 a \u00e9t\u00e9 \u00e9prouvante pour tout le monde, mais Salom\u00e9 Garlandat et moi-m\u00eame sommes n\u00e9amoins heureux que le cabinet ORIS AVOCATS soit reconnu par LE POINT et D\u00e9cideurs en propri\u00e9t\u00e9 intellectuelle, ainsi que dans le secteur &#8220;Luxe et Mode&#8221;. &nbsp;\" \/>\n<meta property=\"og:url\" content=\"https:\/\/www.agilit.law\/en\/propriete-intellectuelle\/2020-cabinet-oris-avocats-recompense\/\" \/>\n<meta property=\"og:site_name\" content=\"AGIL&#039;IT\" \/>\n<meta property=\"article:published_time\" content=\"2020-11-30T21:43:32+00:00\" \/>\n<meta property=\"article:modified_time\" content=\"2021-04-26T20:45:23+00:00\" \/>\n<meta property=\"og:image\" content=\"https:\/\/www.agilit.law\/wp-content\/uploads\/2021\/04\/ORIS-PUBLI-scaled.jpg\" \/>\n<meta name=\"author\" content=\"Salom\u00e9 Garlandat\" \/>\n<meta name=\"twitter:card\" content=\"summary_large_image\" \/>\n<meta name=\"twitter:label1\" content=\"Written by\" \/>\n\t<meta name=\"twitter:data1\" content=\"Salom\u00e9 Garlandat\" \/>\n\t<meta name=\"twitter:label2\" content=\"Est. reading time\" \/>\n\t<meta name=\"twitter:data2\" content=\"1 minute\" \/>\n<script type=\"application\/ld+json\" class=\"yoast-schema-graph\">{\"@context\":\"https:\/\/schema.org\",\"@graph\":[{\"@type\":\"WebPage\",\"@id\":\"https:\/\/www.agilit.law\/en\/propriete-intellectuelle\/2020-cabinet-oris-avocats-recompense\/\",\"url\":\"https:\/\/www.agilit.law\/en\/propriete-intellectuelle\/2020-cabinet-oris-avocats-recompense\/\",\"name\":\"2020: le cabinet ORIS AVOCATS r\u00e9compens\u00e9 - AGIL&#039;IT\",\"isPartOf\":{\"@id\":\"https:\/\/www.agilit.law\/#website\"},\"datePublished\":\"2020-11-30T21:43:32+00:00\",\"dateModified\":\"2021-04-26T20:45:23+00:00\",\"author\":{\"@id\":\"https:\/\/www.agilit.law\/#\/schema\/person\/6ec088717a813c0c20aa23778432d331\"},\"breadcrumb\":{\"@id\":\"https:\/\/www.agilit.law\/en\/propriete-intellectuelle\/2020-cabinet-oris-avocats-recompense\/#breadcrumb\"},\"inLanguage\":\"en-US\",\"potentialAction\":[{\"@type\":\"ReadAction\",\"target\":[\"https:\/\/www.agilit.law\/en\/propriete-intellectuelle\/2020-cabinet-oris-avocats-recompense\/\"]}]},{\"@type\":\"BreadcrumbList\",\"@id\":\"https:\/\/www.agilit.law\/en\/propriete-intellectuelle\/2020-cabinet-oris-avocats-recompense\/#breadcrumb\",\"itemListElement\":[{\"@type\":\"ListItem\",\"position\":1,\"name\":\"Accueil\",\"item\":\"https:\/\/www.agilit.law\/en\/\"},{\"@type\":\"ListItem\",\"position\":2,\"name\":\"2020: le cabinet ORIS AVOCATS r\u00e9compens\u00e9\"}]},{\"@type\":\"WebSite\",\"@id\":\"https:\/\/www.agilit.law\/#website\",\"url\":\"https:\/\/www.agilit.law\/\",\"name\":\"AGIL&#039;IT\",\"description\":\"Make things simple\",\"potentialAction\":[{\"@type\":\"SearchAction\",\"target\":{\"@type\":\"EntryPoint\",\"urlTemplate\":\"https:\/\/www.agilit.law\/?s={search_term_string}\"},\"query-input\":\"required name=search_term_string\"}],\"inLanguage\":\"en-US\"},{\"@type\":\"Person\",\"@id\":\"https:\/\/www.agilit.law\/#\/schema\/person\/6ec088717a813c0c20aa23778432d331\",\"name\":\"Salom\u00e9 Garlandat\",\"image\":{\"@type\":\"ImageObject\",\"inLanguage\":\"en-US\",\"@id\":\"https:\/\/www.agilit.law\/#\/schema\/person\/image\/67098f80eb591719ae3cc14b61cb4f5f\",\"url\":\"https:\/\/secure.gravatar.com\/avatar\/364457a6b49dde4aca82456fb0441113?s=96&d=mm&r=g\",\"contentUrl\":\"https:\/\/secure.gravatar.com\/avatar\/364457a6b49dde4aca82456fb0441113?s=96&d=mm&r=g\",\"caption\":\"Salom\u00e9 Garlandat\"},\"url\":\"https:\/\/www.agilit.law\/en\/author\/salome\/\"}]}<\/script>\n<!-- \/ Yoast SEO plugin. -->","yoast_head_json":{"title":"2020: le cabinet ORIS AVOCATS r\u00e9compens\u00e9 - AGIL&#039;IT","robots":{"index":"index","follow":"follow","max-snippet":"max-snippet:-1","max-image-preview":"max-image-preview:large","max-video-preview":"max-video-preview:-1"},"canonical":"https:\/\/www.agilit.law\/en\/propriete-intellectuelle\/2020-cabinet-oris-avocats-recompense\/","og_locale":"en_US","og_type":"article","og_title":"2020: le cabinet ORIS AVOCATS r\u00e9compens\u00e9 - AGIL&#039;IT","og_description":"L\u2019ann\u00e9e 2020 a \u00e9t\u00e9 \u00e9prouvante pour tout le monde, mais Salom\u00e9 Garlandat et moi-m\u00eame sommes n\u00e9amoins heureux que le cabinet ORIS AVOCATS soit reconnu par LE POINT et D\u00e9cideurs en propri\u00e9t\u00e9 intellectuelle, ainsi que dans le secteur &#8220;Luxe et Mode&#8221;. &nbsp;","og_url":"https:\/\/www.agilit.law\/en\/propriete-intellectuelle\/2020-cabinet-oris-avocats-recompense\/","og_site_name":"AGIL&#039;IT","article_published_time":"2020-11-30T21:43:32+00:00","article_modified_time":"2021-04-26T20:45:23+00:00","og_image":[{"url":"https:\/\/www.agilit.law\/wp-content\/uploads\/2021\/04\/ORIS-PUBLI-scaled.jpg"}],"author":"Salom\u00e9 Garlandat","twitter_card":"summary_large_image","twitter_misc":{"Written by":"Salom\u00e9 Garlandat","Est. reading time":"1 minute"},"schema":{"@context":"https:\/\/schema.org","@graph":[{"@type":"WebPage","@id":"https:\/\/www.agilit.law\/en\/propriete-intellectuelle\/2020-cabinet-oris-avocats-recompense\/","url":"https:\/\/www.agilit.law\/en\/propriete-intellectuelle\/2020-cabinet-oris-avocats-recompense\/","name":"2020: le cabinet ORIS AVOCATS r\u00e9compens\u00e9 - AGIL&#039;IT","isPartOf":{"@id":"https:\/\/www.agilit.law\/#website"},"datePublished":"2020-11-30T21:43:32+00:00","dateModified":"2021-04-26T20:45:23+00:00","author":{"@id":"https:\/\/www.agilit.law\/#\/schema\/person\/6ec088717a813c0c20aa23778432d331"},"breadcrumb":{"@id":"https:\/\/www.agilit.law\/en\/propriete-intellectuelle\/2020-cabinet-oris-avocats-recompense\/#breadcrumb"},"inLanguage":"en-US","potentialAction":[{"@type":"ReadAction","target":["https:\/\/www.agilit.law\/en\/propriete-intellectuelle\/2020-cabinet-oris-avocats-recompense\/"]}]},{"@type":"BreadcrumbList","@id":"https:\/\/www.agilit.law\/en\/propriete-intellectuelle\/2020-cabinet-oris-avocats-recompense\/#breadcrumb","itemListElement":[{"@type":"ListItem","position":1,"name":"Accueil","item":"https:\/\/www.agilit.law\/en\/"},{"@type":"ListItem","position":2,"name":"2020: le cabinet ORIS AVOCATS r\u00e9compens\u00e9"}]},{"@type":"WebSite","@id":"https:\/\/www.agilit.law\/#website","url":"https:\/\/www.agilit.law\/","name":"AGIL&#039;IT","description":"Make things simple","potentialAction":[{"@type":"SearchAction","target":{"@type":"EntryPoint","urlTemplate":"https:\/\/www.agilit.law\/?s={search_term_string}"},"query-input":"required name=search_term_string"}],"inLanguage":"en-US"},{"@type":"Person","@id":"https:\/\/www.agilit.law\/#\/schema\/person\/6ec088717a813c0c20aa23778432d331","name":"Salom\u00e9 Garlandat","image":{"@type":"ImageObject","inLanguage":"en-US","@id":"https:\/\/www.agilit.law\/#\/schema\/person\/image\/67098f80eb591719ae3cc14b61cb4f5f","url":"https:\/\/secure.gravatar.com\/avatar\/364457a6b49dde4aca82456fb0441113?s=96&d=mm&r=g","contentUrl":"https:\/\/secure.gravatar.com\/avatar\/364457a6b49dde4aca82456fb0441113?s=96&d=mm&r=g","caption":"Salom\u00e9 Garlandat"},"url":"https:\/\/www.agilit.law\/en\/author\/salome\/"}]}},"_links":{"self":[{"href":"https:\/\/www.agilit.law\/en\/wp-json\/wp\/v2\/posts\/10028"}],"collection":[{"href":"https:\/\/www.agilit.law\/en\/wp-json\/wp\/v2\/posts"}],"about":[{"href":"https:\/\/www.agilit.law\/en\/wp-json\/wp\/v2\/types\/post"}],"author":[{"embeddable":true,"href":"https:\/\/www.agilit.law\/en\/wp-json\/wp\/v2\/users\/22"}],"replies":[{"embeddable":true,"href":"https:\/\/www.agilit.law\/en\/wp-json\/wp\/v2\/comments?post=10028"}],"version-history":[{"count":1,"href":"https:\/\/www.agilit.law\/en\/wp-json\/wp\/v2\/posts\/10028\/revisions"}],"predecessor-version":[{"id":10031,"href":"https:\/\/www.agilit.law\/en\/wp-json\/wp\/v2\/posts\/10028\/revisions\/10031"}],"wp:attachment":[{"href":"https:\/\/www.agilit.law\/en\/wp-json\/wp\/v2\/media?parent=10028"}],"wp:term":[{"taxonomy":"category","embeddable":true,"href":"https:\/\/www.agilit.law\/en\/wp-json\/wp\/v2\/categories?post=10028"},{"taxonomy":"post_tag","embeddable":true,"href":"https:\/\/www.agilit.law\/en\/wp-json\/wp\/v2\/tags?post=10028"},{"taxonomy":"author","embeddable":true,"href":"https:\/\/www.agilit.law\/en\/wp-json\/wp\/v2\/coauthors?post=10028"}],"curies":[{"name":"wp","href":"https:\/\/api.w.org\/{rel}","templated":true}]}}