{"id":10022,"date":"2020-11-30T22:41:15","date_gmt":"2020-11-30T21:41:15","guid":{"rendered":"https:\/\/www.agilit.law\/?p=10022"},"modified":"2021-04-26T22:43:21","modified_gmt":"2021-04-26T20:43:21","slug":"brexit-marques-de-lunion-europeenne","status":"publish","type":"post","link":"https:\/\/www.agilit.law\/en\/propriete-intellectuelle\/brexit-marques-de-lunion-europeenne\/","title":{"rendered":"Brexit et marques de l&#8217;Union Europ\u00e9enne"},"content":{"rendered":"<p><span class=\"break-words\"><span dir=\"ltr\">Le 1er janvier 2021, le Royaume-Uni quittera le syst\u00e8me de la marque de l\u2019Union Europ\u00e9enne.<\/span><\/span><br \/>\n&#x27a1;&#xfe0f; Vos marques de l\u2019UE ou celles de vos clients seront-elles encore prot\u00e9g\u00e9es au Royaume-Uni \u00e0 partir de cette date ?<br \/>\n&#x1f50e; Marques, d\u00e9lais, proc\u00e9dures, conseils : on vous explique tout\u00a0 dans l\u2019infographie ci-dessous :<\/p>\n<p>&nbsp;<\/p>\n<p><a href=\"https:\/\/www.agilit.law\/wp-content\/uploads\/2021\/04\/Capture-decran-51.png\"><img decoding=\"async\" loading=\"lazy\" class=\"alignnone size-large wp-image-1226\" src=\"https:\/\/www.agilit.law\/wp-content\/uploads\/2021\/04\/Capture-decran-51.png\" alt=\"Capture d\u2019\u00e9cran (51)\" width=\"990\" height=\"574\" \/><\/a><\/p>\n<p><a href=\"https:\/\/www.agilit.law\/wp-content\/uploads\/2021\/04\/Capture-decran-52.png\"><img decoding=\"async\" loading=\"lazy\" class=\"alignnone size-large wp-image-1227\" src=\"https:\/\/www.agilit.law\/wp-content\/uploads\/2021\/04\/Capture-decran-52.png\" alt=\"Capture d\u2019\u00e9cran (52)\" width=\"990\" height=\"555\" \/><\/a><\/p>\n","protected":false},"excerpt":{"rendered":"<p>Le 1er janvier 2021, le Royaume-Uni quittera le syst\u00e8me de la marque de l\u2019Union Europ\u00e9enne. &#x27a1;&#xfe0f; Vos marques de l\u2019UE ou celles de vos clients seront-elles encore prot\u00e9g\u00e9es au Royaume-Uni \u00e0 partir de cette date ? &#x1f50e; Marques, d\u00e9lais, proc\u00e9dures, conseils : on vous explique tout\u00a0 dans l\u2019infographie ci-dessous : &nbsp;<\/p>\n","protected":false},"author":22,"featured_media":0,"comment_status":"closed","ping_status":"closed","sticky":false,"template":"","format":"standard","meta":{"footnotes":""},"categories":[140],"tags":[],"coauthors":[143],"yoast_head":"<!-- This site is optimized with the Yoast SEO plugin v21.3 - https:\/\/yoast.com\/wordpress\/plugins\/seo\/ -->\n<title>Brexit et marques de l&#039;Union Europ\u00e9enne - AGIL&#039;IT<\/title>\n<meta name=\"robots\" content=\"index, follow, max-snippet:-1, max-image-preview:large, max-video-preview:-1\" \/>\n<link rel=\"canonical\" href=\"https:\/\/www.agilit.law\/propriete-intellectuelle\/brexit-marques-de-lunion-europeenne\/\" \/>\n<meta property=\"og:locale\" content=\"en_US\" \/>\n<meta property=\"og:type\" content=\"article\" \/>\n<meta property=\"og:title\" content=\"Brexit et marques de l&#039;Union Europ\u00e9enne - AGIL&#039;IT\" \/>\n<meta property=\"og:description\" content=\"Le 1er janvier 2021, le Royaume-Uni quittera le syst\u00e8me de la marque de l\u2019Union Europ\u00e9enne. &#x27a1;&#xfe0f; Vos marques de l\u2019UE ou celles de vos clients seront-elles encore prot\u00e9g\u00e9es au Royaume-Uni \u00e0 partir de cette date ? &#x1f50e; Marques, d\u00e9lais, proc\u00e9dures, conseils : on vous explique tout\u00a0 dans l\u2019infographie ci-dessous : &nbsp;\" \/>\n<meta property=\"og:url\" content=\"https:\/\/www.agilit.law\/propriete-intellectuelle\/brexit-marques-de-lunion-europeenne\/\" \/>\n<meta property=\"og:site_name\" content=\"AGIL&#039;IT\" \/>\n<meta property=\"article:published_time\" content=\"2020-11-30T21:41:15+00:00\" \/>\n<meta property=\"article:modified_time\" content=\"2021-04-26T20:43:21+00:00\" \/>\n<meta property=\"og:image\" content=\"https:\/\/www.agilit.law\/wp-content\/uploads\/2021\/04\/Capture-decran-51.png\" \/>\n<meta name=\"author\" content=\"Salom\u00e9 Garlandat\" \/>\n<meta name=\"twitter:card\" content=\"summary_large_image\" \/>\n<meta name=\"twitter:label1\" content=\"Written by\" \/>\n\t<meta name=\"twitter:data1\" content=\"Salom\u00e9 Garlandat\" \/>\n\t<meta name=\"twitter:label2\" content=\"Est. reading time\" \/>\n\t<meta name=\"twitter:data2\" content=\"1 minute\" \/>\n<script type=\"application\/ld+json\" class=\"yoast-schema-graph\">{\"@context\":\"https:\/\/schema.org\",\"@graph\":[{\"@type\":\"WebPage\",\"@id\":\"https:\/\/www.agilit.law\/propriete-intellectuelle\/brexit-marques-de-lunion-europeenne\/\",\"url\":\"https:\/\/www.agilit.law\/propriete-intellectuelle\/brexit-marques-de-lunion-europeenne\/\",\"name\":\"Brexit et marques de l'Union Europ\u00e9enne - AGIL&#039;IT\",\"isPartOf\":{\"@id\":\"https:\/\/www.agilit.law\/#website\"},\"datePublished\":\"2020-11-30T21:41:15+00:00\",\"dateModified\":\"2021-04-26T20:43:21+00:00\",\"author\":{\"@id\":\"https:\/\/www.agilit.law\/#\/schema\/person\/6ec088717a813c0c20aa23778432d331\"},\"breadcrumb\":{\"@id\":\"https:\/\/www.agilit.law\/propriete-intellectuelle\/brexit-marques-de-lunion-europeenne\/#breadcrumb\"},\"inLanguage\":\"en-US\",\"potentialAction\":[{\"@type\":\"ReadAction\",\"target\":[\"https:\/\/www.agilit.law\/propriete-intellectuelle\/brexit-marques-de-lunion-europeenne\/\"]}]},{\"@type\":\"BreadcrumbList\",\"@id\":\"https:\/\/www.agilit.law\/propriete-intellectuelle\/brexit-marques-de-lunion-europeenne\/#breadcrumb\",\"itemListElement\":[{\"@type\":\"ListItem\",\"position\":1,\"name\":\"Accueil\",\"item\":\"https:\/\/www.agilit.law\/en\/\"},{\"@type\":\"ListItem\",\"position\":2,\"name\":\"Brexit et marques de l&#8217;Union Europ\u00e9enne\"}]},{\"@type\":\"WebSite\",\"@id\":\"https:\/\/www.agilit.law\/#website\",\"url\":\"https:\/\/www.agilit.law\/\",\"name\":\"AGIL&#039;IT\",\"description\":\"Make things simple\",\"potentialAction\":[{\"@type\":\"SearchAction\",\"target\":{\"@type\":\"EntryPoint\",\"urlTemplate\":\"https:\/\/www.agilit.law\/?s={search_term_string}\"},\"query-input\":\"required name=search_term_string\"}],\"inLanguage\":\"en-US\"},{\"@type\":\"Person\",\"@id\":\"https:\/\/www.agilit.law\/#\/schema\/person\/6ec088717a813c0c20aa23778432d331\",\"name\":\"Salom\u00e9 Garlandat\",\"image\":{\"@type\":\"ImageObject\",\"inLanguage\":\"en-US\",\"@id\":\"https:\/\/www.agilit.law\/#\/schema\/person\/image\/67098f80eb591719ae3cc14b61cb4f5f\",\"url\":\"https:\/\/secure.gravatar.com\/avatar\/364457a6b49dde4aca82456fb0441113?s=96&d=mm&r=g\",\"contentUrl\":\"https:\/\/secure.gravatar.com\/avatar\/364457a6b49dde4aca82456fb0441113?s=96&d=mm&r=g\",\"caption\":\"Salom\u00e9 Garlandat\"},\"url\":\"https:\/\/www.agilit.law\/en\/author\/salome\/\"}]}<\/script>\n<!-- \/ Yoast SEO plugin. -->","yoast_head_json":{"title":"Brexit et marques de l'Union Europ\u00e9enne - AGIL&#039;IT","robots":{"index":"index","follow":"follow","max-snippet":"max-snippet:-1","max-image-preview":"max-image-preview:large","max-video-preview":"max-video-preview:-1"},"canonical":"https:\/\/www.agilit.law\/propriete-intellectuelle\/brexit-marques-de-lunion-europeenne\/","og_locale":"en_US","og_type":"article","og_title":"Brexit et marques de l'Union Europ\u00e9enne - AGIL&#039;IT","og_description":"Le 1er janvier 2021, le Royaume-Uni quittera le syst\u00e8me de la marque de l\u2019Union Europ\u00e9enne. &#x27a1;&#xfe0f; Vos marques de l\u2019UE ou celles de vos clients seront-elles encore prot\u00e9g\u00e9es au Royaume-Uni \u00e0 partir de cette date ? &#x1f50e; Marques, d\u00e9lais, proc\u00e9dures, conseils : on vous explique tout\u00a0 dans l\u2019infographie ci-dessous : &nbsp;","og_url":"https:\/\/www.agilit.law\/propriete-intellectuelle\/brexit-marques-de-lunion-europeenne\/","og_site_name":"AGIL&#039;IT","article_published_time":"2020-11-30T21:41:15+00:00","article_modified_time":"2021-04-26T20:43:21+00:00","og_image":[{"url":"https:\/\/www.agilit.law\/wp-content\/uploads\/2021\/04\/Capture-decran-51.png"}],"author":"Salom\u00e9 Garlandat","twitter_card":"summary_large_image","twitter_misc":{"Written by":"Salom\u00e9 Garlandat","Est. reading time":"1 minute"},"schema":{"@context":"https:\/\/schema.org","@graph":[{"@type":"WebPage","@id":"https:\/\/www.agilit.law\/propriete-intellectuelle\/brexit-marques-de-lunion-europeenne\/","url":"https:\/\/www.agilit.law\/propriete-intellectuelle\/brexit-marques-de-lunion-europeenne\/","name":"Brexit et marques de l'Union Europ\u00e9enne - AGIL&#039;IT","isPartOf":{"@id":"https:\/\/www.agilit.law\/#website"},"datePublished":"2020-11-30T21:41:15+00:00","dateModified":"2021-04-26T20:43:21+00:00","author":{"@id":"https:\/\/www.agilit.law\/#\/schema\/person\/6ec088717a813c0c20aa23778432d331"},"breadcrumb":{"@id":"https:\/\/www.agilit.law\/propriete-intellectuelle\/brexit-marques-de-lunion-europeenne\/#breadcrumb"},"inLanguage":"en-US","potentialAction":[{"@type":"ReadAction","target":["https:\/\/www.agilit.law\/propriete-intellectuelle\/brexit-marques-de-lunion-europeenne\/"]}]},{"@type":"BreadcrumbList","@id":"https:\/\/www.agilit.law\/propriete-intellectuelle\/brexit-marques-de-lunion-europeenne\/#breadcrumb","itemListElement":[{"@type":"ListItem","position":1,"name":"Accueil","item":"https:\/\/www.agilit.law\/en\/"},{"@type":"ListItem","position":2,"name":"Brexit et marques de l&#8217;Union Europ\u00e9enne"}]},{"@type":"WebSite","@id":"https:\/\/www.agilit.law\/#website","url":"https:\/\/www.agilit.law\/","name":"AGIL&#039;IT","description":"Make things simple","potentialAction":[{"@type":"SearchAction","target":{"@type":"EntryPoint","urlTemplate":"https:\/\/www.agilit.law\/?s={search_term_string}"},"query-input":"required name=search_term_string"}],"inLanguage":"en-US"},{"@type":"Person","@id":"https:\/\/www.agilit.law\/#\/schema\/person\/6ec088717a813c0c20aa23778432d331","name":"Salom\u00e9 Garlandat","image":{"@type":"ImageObject","inLanguage":"en-US","@id":"https:\/\/www.agilit.law\/#\/schema\/person\/image\/67098f80eb591719ae3cc14b61cb4f5f","url":"https:\/\/secure.gravatar.com\/avatar\/364457a6b49dde4aca82456fb0441113?s=96&d=mm&r=g","contentUrl":"https:\/\/secure.gravatar.com\/avatar\/364457a6b49dde4aca82456fb0441113?s=96&d=mm&r=g","caption":"Salom\u00e9 Garlandat"},"url":"https:\/\/www.agilit.law\/en\/author\/salome\/"}]}},"_links":{"self":[{"href":"https:\/\/www.agilit.law\/en\/wp-json\/wp\/v2\/posts\/10022"}],"collection":[{"href":"https:\/\/www.agilit.law\/en\/wp-json\/wp\/v2\/posts"}],"about":[{"href":"https:\/\/www.agilit.law\/en\/wp-json\/wp\/v2\/types\/post"}],"author":[{"embeddable":true,"href":"https:\/\/www.agilit.law\/en\/wp-json\/wp\/v2\/users\/22"}],"replies":[{"embeddable":true,"href":"https:\/\/www.agilit.law\/en\/wp-json\/wp\/v2\/comments?post=10022"}],"version-history":[{"count":1,"href":"https:\/\/www.agilit.law\/en\/wp-json\/wp\/v2\/posts\/10022\/revisions"}],"predecessor-version":[{"id":10027,"href":"https:\/\/www.agilit.law\/en\/wp-json\/wp\/v2\/posts\/10022\/revisions\/10027"}],"wp:attachment":[{"href":"https:\/\/www.agilit.law\/en\/wp-json\/wp\/v2\/media?parent=10022"}],"wp:term":[{"taxonomy":"category","embeddable":true,"href":"https:\/\/www.agilit.law\/en\/wp-json\/wp\/v2\/categories?post=10022"},{"taxonomy":"post_tag","embeddable":true,"href":"https:\/\/www.agilit.law\/en\/wp-json\/wp\/v2\/tags?post=10022"},{"taxonomy":"author","embeddable":true,"href":"https:\/\/www.agilit.law\/en\/wp-json\/wp\/v2\/coauthors?post=10022"}],"curies":[{"name":"wp","href":"https:\/\/api.w.org\/{rel}","templated":true}]}}